{"id":8913,"date":"2021-03-26T14:14:12","date_gmt":"2021-03-26T17:14:12","guid":{"rendered":"https:\/\/diariotribuna.com.br\/?p=8913"},"modified":"2021-03-29T23:38:38","modified_gmt":"2021-03-30T02:38:38","slug":"em-tempos-de-pandemia-e-registros-de-acidentes-pm-rodoviaria-pede-atencao-redobrada-aos-motoristas","status":"publish","type":"post","link":"https:\/\/diariotribuna.com.br\/?p=8913","title":{"rendered":"Em tempos de pandemia e registros de acidentes PM Rodovi\u00e1ria pede aten\u00e7\u00e3o redobrada aos motoristas"},"content":{"rendered":"\n<figure class=\"wp-block-gallery columns-4 is-cropped wp-block-gallery-1 is-layout-flex wp-block-gallery-is-layout-flex\"><ul class=\"blocks-gallery-grid\"><li class=\"blocks-gallery-item\"><figure><img loading=\"lazy\" decoding=\"async\" width=\"700\" height=\"443\" src=\"https:\/\/diariotribuna.com.br\/wp-content\/uploads\/2021\/03\/4326ea1a-ef7f-4dca-a742-0ea8eb659069.jpg\" alt=\"\" data-id=\"8914\" data-full-url=\"https:\/\/diariotribuna.com.br\/wp-content\/uploads\/2021\/03\/4326ea1a-ef7f-4dca-a742-0ea8eb659069.jpg\" data-link=\"https:\/\/diariotribuna.com.br\/?attachment_id=8914\" class=\"wp-image-8914\" srcset=\"https:\/\/diariotribuna.com.br\/wp-content\/uploads\/2021\/03\/4326ea1a-ef7f-4dca-a742-0ea8eb659069.jpg 700w, https:\/\/diariotribuna.com.br\/wp-content\/uploads\/2021\/03\/4326ea1a-ef7f-4dca-a742-0ea8eb659069-300x190.jpg 300w, https:\/\/diariotribuna.com.br\/wp-content\/uploads\/2021\/03\/4326ea1a-ef7f-4dca-a742-0ea8eb659069-696x440.jpg 696w, https:\/\/diariotribuna.com.br\/wp-content\/uploads\/2021\/03\/4326ea1a-ef7f-4dca-a742-0ea8eb659069-664x420.jpg 664w\" sizes=\"(max-width: 700px) 100vw, 700px\" \/><\/figure><\/li><li class=\"blocks-gallery-item\"><figure><img loading=\"lazy\" decoding=\"async\" width=\"700\" height=\"481\" src=\"https:\/\/diariotribuna.com.br\/wp-content\/uploads\/2021\/03\/1b66a41a-1d67-4d4b-9008-c6c180e2f4a3.jpg\" alt=\"\" data-id=\"8915\" data-full-url=\"https:\/\/diariotribuna.com.br\/wp-content\/uploads\/2021\/03\/1b66a41a-1d67-4d4b-9008-c6c180e2f4a3.jpg\" data-link=\"https:\/\/diariotribuna.com.br\/?attachment_id=8915\" class=\"wp-image-8915\" srcset=\"https:\/\/diariotribuna.com.br\/wp-content\/uploads\/2021\/03\/1b66a41a-1d67-4d4b-9008-c6c180e2f4a3.jpg 700w, https:\/\/diariotribuna.com.br\/wp-content\/uploads\/2021\/03\/1b66a41a-1d67-4d4b-9008-c6c180e2f4a3-300x206.jpg 300w, https:\/\/diariotribuna.com.br\/wp-content\/uploads\/2021\/03\/1b66a41a-1d67-4d4b-9008-c6c180e2f4a3-100x70.jpg 100w, https:\/\/diariotribuna.com.br\/wp-content\/uploads\/2021\/03\/1b66a41a-1d67-4d4b-9008-c6c180e2f4a3-218x150.jpg 218w, https:\/\/diariotribuna.com.br\/wp-content\/uploads\/2021\/03\/1b66a41a-1d67-4d4b-9008-c6c180e2f4a3-696x478.jpg 696w, https:\/\/diariotribuna.com.br\/wp-content\/uploads\/2021\/03\/1b66a41a-1d67-4d4b-9008-c6c180e2f4a3-611x420.jpg 611w\" sizes=\"(max-width: 700px) 100vw, 700px\" \/><\/figure><\/li><li class=\"blocks-gallery-item\"><figure><img loading=\"lazy\" decoding=\"async\" width=\"700\" height=\"509\" src=\"https:\/\/diariotribuna.com.br\/wp-content\/uploads\/2021\/03\/8f22faea-432f-40fe-8c49-6343b095b844.jpg\" alt=\"\" data-id=\"8916\" data-full-url=\"https:\/\/diariotribuna.com.br\/wp-content\/uploads\/2021\/03\/8f22faea-432f-40fe-8c49-6343b095b844.jpg\" data-link=\"https:\/\/diariotribuna.com.br\/?attachment_id=8916\" class=\"wp-image-8916\" srcset=\"https:\/\/diariotribuna.com.br\/wp-content\/uploads\/2021\/03\/8f22faea-432f-40fe-8c49-6343b095b844.jpg 700w, https:\/\/diariotribuna.com.br\/wp-content\/uploads\/2021\/03\/8f22faea-432f-40fe-8c49-6343b095b844-300x218.jpg 300w, https:\/\/diariotribuna.com.br\/wp-content\/uploads\/2021\/03\/8f22faea-432f-40fe-8c49-6343b095b844-324x235.jpg 324w, https:\/\/diariotribuna.com.br\/wp-content\/uploads\/2021\/03\/8f22faea-432f-40fe-8c49-6343b095b844-696x506.jpg 696w, https:\/\/diariotribuna.com.br\/wp-content\/uploads\/2021\/03\/8f22faea-432f-40fe-8c49-6343b095b844-578x420.jpg 578w\" sizes=\"(max-width: 700px) 100vw, 700px\" \/><\/figure><\/li><li class=\"blocks-gallery-item\"><figure><img loading=\"lazy\" decoding=\"async\" width=\"600\" height=\"445\" src=\"https:\/\/diariotribuna.com.br\/wp-content\/uploads\/2021\/03\/63eb4a88-c108-43c0-b21e-c9ba1aae220d.jpg\" alt=\"\" data-id=\"8917\" data-full-url=\"https:\/\/diariotribuna.com.br\/wp-content\/uploads\/2021\/03\/63eb4a88-c108-43c0-b21e-c9ba1aae220d.jpg\" data-link=\"https:\/\/diariotribuna.com.br\/?attachment_id=8917\" class=\"wp-image-8917\" srcset=\"https:\/\/diariotribuna.com.br\/wp-content\/uploads\/2021\/03\/63eb4a88-c108-43c0-b21e-c9ba1aae220d.jpg 600w, https:\/\/diariotribuna.com.br\/wp-content\/uploads\/2021\/03\/63eb4a88-c108-43c0-b21e-c9ba1aae220d-300x223.jpg 300w, https:\/\/diariotribuna.com.br\/wp-content\/uploads\/2021\/03\/63eb4a88-c108-43c0-b21e-c9ba1aae220d-80x60.jpg 80w, https:\/\/diariotribuna.com.br\/wp-content\/uploads\/2021\/03\/63eb4a88-c108-43c0-b21e-c9ba1aae220d-265x198.jpg 265w, https:\/\/diariotribuna.com.br\/wp-content\/uploads\/2021\/03\/63eb4a88-c108-43c0-b21e-c9ba1aae220d-566x420.jpg 566w\" sizes=\"(max-width: 600px) 100vw, 600px\" \/><\/figure><\/li><\/ul><\/figure>\n\n\n\n<p>O comandante do 1\u00ba Pelot\u00e3o da 15\u00aa Cia Pol\u00edcia Militar Rodovi\u00e1ria, tenente Reinaldo Martins, informa que no \u00faltimo final de semana a Pol\u00edcia Militar Rodovi\u00e1ria registrou alguns acidentes de tr\u00e2nsito com v\u00edtimas nas rodovias da regi\u00e3o e as informa\u00e7\u00f5es levantadas indicam poss\u00edvel descumprimento de normas b\u00e1sicas de circula\u00e7\u00e3o.<\/p>\n\n\n\n<p>Tenente Reinaldo destaca que a Pol\u00edcia Militar Rodovi\u00e1ria vem realizando um intenso trabalho com a\u00e7\u00f5es e opera\u00e7\u00f5es preventivas, visando manter a seguran\u00e7a vi\u00e1ria, sem a presen\u00e7a de criminosos e evitando acidentes de tr\u00e2nsito. A imprensa tem sido uma grande parceira orientando, cobrando e divulgando as informa\u00e7\u00f5es, mas o motorista \u00e9 sem d\u00favida o protagonista na preven\u00e7\u00e3o de acidentes. \u201cO conhecimento \u00e9 repassado nas fiscaliza\u00e7\u00f5es, nas m\u00eddias sociais e mat\u00e9ria jornal\u00edsticas, por\u00e9m na rodovia, o condutor do ve\u00edculo precisa colocar em pr\u00e1tica o aprendizado que recebeu\u201d disse.<\/p>\n\n\n\n<p><strong>O primeiro acidente ocorreu na MG 211<\/strong>, cidade de Itaip\u00e9, ocasi\u00e3o em que um motociclista tentou fazer a convers\u00e3o na rodovia, foi colidido por outra moto que transitava em sentido contr\u00e1rio. O casal que encontrava-se no ve\u00edculo em deslocamento caiu no ch\u00e3o, sofreu les\u00f5es e foi encaminhado ao hospital da localidade. Os dois condutores eram inabilitados e foram conduzidos para assinatura do Termo Circunstanciado de Ocorr\u00eancia (TCO).<\/p>\n\n\n\n<p>Em rela\u00e7\u00e3o ao acidente o tenente adverte \u00e0 popula\u00e7\u00e3o que manobra em rodovia deve ser realizada em local adequado e seguro, tendo em vista que trata-se de trecho de alta velocidade. \u201cSalientamos ainda a exig\u00eancia de habilita\u00e7\u00e3o para condu\u00e7\u00e3o de ve\u00edculos, documento que capacita a pessoa transitar em seguran\u00e7a\u201d.<\/p>\n\n\n\n<p><strong>O segundo acidente foi registrado na MGC 418<\/strong>, proximidade de Carlos Chagas. Segundo vers\u00e3o do motorista, a fam\u00edlia estava passeando na Bahia, no dia anterior ele consumiu algum alimento que lhe causou alergia, sendo necess\u00e1rio utilizar um antial\u00e9rgico. Durante a viagem sentiu sono, mas para chegar logo em casa resolveu prosseguir o deslocamento e em determinado momento foi vencido pelo sono, saiu da pista e colidiu no barranco. Os ocupantes do carro sofreram les\u00f5es e foram medicados no hospital Dr. Raimundo Gobira em Te\u00f3filo Otoni.<\/p>\n\n\n\n<p>\u201cOrientamos o motorista quanto a necessidade de descansar no dia anterior \u00e0 viagem e decidindo consumir algum medicamento, atente para a bula, observando os efeitos colaterais. Percebendo o cansa\u00e7o respeite a sua fisiologia, pare num local seguro, descanse e depois prossiga a viagem. Dentro dos carros carregamos nosso bem mais precioso que s\u00e3o nossos entes queridos\u201d, alerta.<\/p>\n\n\n\n<p><strong>O terceiro acidente, esse com v\u00edtima fatal, se deu na MG 409<\/strong>, cidade de Novo Oriente de Minas. Consta na ocorr\u00eancia que o propriet\u00e1rio do autom\u00f3vel Fiat Palio, estaria em uma festa onde consumiu bebida alco\u00f3lica e na volta entregou a dire\u00e7\u00e3o para outra pessoa, sem saber que era inabilitada. No trajeto o motorista perdeu o controle direcional, saiu da pista, capotou, foi lan\u00e7ado fora do carro e lamentavelmente morreu.<\/p>\n\n\n\n<p>\u201cDeixamos nossos sinceros sentimentos aos familiares e amigos da v\u00edtima fatal. Os demais ocupantes, uma crian\u00e7a de tr\u00eas anos sofreu fratura da perna, uma crian\u00e7a de dez anos fraturou o bra\u00e7o, sendo socorridas ao hospital Dr. Raimundo Gobira. Os outros dois passageiros tiveram les\u00f5es leves e foram medicados em Novo Oriente de Minas\u201d.<\/p>\n\n\n\n<p>Pelo fato da entrega da dire\u00e7\u00e3o ao inabilitado o propriet\u00e1rio do ve\u00edculo cometeu, em tese, crime previsto no C\u00f3digo de Tr\u00e2nsito Brasileiro e foi conduzido para o Termo Circunstanciado de Ocorr\u00eancia (TCO). A per\u00edcia compareceu ao local e ap\u00f3s os trabalhos liberou o corpo para ser necropsiado no IML de Te\u00f3filo Otoni.<\/p>\n\n\n\n<p>\u201cSobre o acidente tudo indica que o motorista estava sem o cinto de seguran\u00e7a, situa\u00e7\u00e3o que deve ser verificada pela pol\u00edcia judici\u00e1ria. Relembramos que o cinto de seguran\u00e7a pode ser o principal equipamento na preserva\u00e7\u00e3o de vidas nos acidentes. Em rela\u00e7\u00e3o a entrega da dire\u00e7\u00e3o do ve\u00edculo pedimos a popula\u00e7\u00e3o que sempre pergunte a pessoa se ela realmente possui a devida habilita\u00e7\u00e3o e condi\u00e7\u00f5es de dirigir\u201d, orientou o tenente.<\/p>\n\n\n\n<p>Ele ressalta que n\u00e3o pode afirmar categoricamente, mas observa-se nos tr\u00eas acidentes poss\u00edveis falhas humanas e descumprimento de normas de tr\u00e2nsito. \u201cNo primeiro a manobra em local perigoso e ambos inabilitados. No segundo o cansa\u00e7o f\u00edsico que n\u00e3o foi respeitado, e no terceiro um motorista inabilitado e possivelmente sem o cinto de seguran\u00e7a\u201d.<\/p>\n\n\n\n<p>Vale ressaltar que estamos passando pelo grave problema da pandemia da Covid-19 e o sistema de sa\u00fade necessita de grande log\u00edstica e recursos humanos para fazer frente ao problema. V\u00edtimas de acidentes de tr\u00e2nsito normalmente s\u00e3o encaminhadas \u00e0s institui\u00e7\u00f5es de sa\u00fade, o que pode complicar ainda mais, tendo em vista que aumenta o fluxo de pessoas nos hospitais, exigindo o emprego dos recursos, al\u00e9m da concentra\u00e7\u00e3o de gente no momento em que a orienta\u00e7\u00e3o \u00e9 evitar aglomera\u00e7\u00f5es. Dirigindo com cautela e evitando acidentes os motoristas est\u00e3o contribuindo com os servidores da sa\u00fade e com os enfermos.<\/p>\n\n\n\n<p>\u201cA Pol\u00edcia Militar Rodovi\u00e1ria continuar\u00e1 com as opera\u00e7\u00f5es preventivas com objetivo de produzir seguran\u00e7a para a sociedade e renovamos o convite a popula\u00e7\u00e3o para um trabalho conjunto, de forma que os usu\u00e1rios das rodovias dirijam com prud\u00eancia e consci\u00eancia, respeitando as normas de tr\u00e2nsito. Somando for\u00e7as teremos vias mais seguras para todos\u201d. Pol\u00edcia Militar de Minas Gerais: os anjos da guarda dos caminhos de Minas. (Informa\u00e7\u00f5es\/Fotos: Tenente Reinaldo Martins, comandante do 1\u00ba Pel\/ 15\u00aa Cia PM Rv).<\/p>\n","protected":false},"excerpt":{"rendered":"<p>O comandante do 1\u00ba Pelot\u00e3o da 15\u00aa Cia Pol\u00edcia Militar Rodovi\u00e1ria, tenente Reinaldo Martins, informa que no \u00faltimo final de semana a Pol\u00edcia Militar Rodovi\u00e1ria registrou alguns acidentes de tr\u00e2nsito com v\u00edtimas nas rodovias da regi\u00e3o e as informa\u00e7\u00f5es levantadas indicam poss\u00edvel descumprimento de normas b\u00e1sicas de circula\u00e7\u00e3o. Tenente Reinaldo destaca que a Pol\u00edcia Militar [&hellip;]<\/p>\n","protected":false},"author":1,"featured_media":8917,"comment_status":"open","ping_status":"open","sticky":false,"template":"","format":"standard","meta":{"rop_custom_images_group":[],"rop_custom_messages_group":[],"rop_publish_now":"initial","rop_publish_now_accounts":[],"rop_publish_now_history":[],"rop_publish_now_status":"pending","footnotes":""},"categories":[18],"tags":[355,682,684,1030],"class_list":["post-8913","post","type-post","status-publish","format-standard","has-post-thumbnail","hentry","category-regiao","tag-acidentes","tag-alerta","tag-pandemia","tag-policia-militar-rodoviaria"],"_links":{"self":[{"href":"https:\/\/diariotribuna.com.br\/index.php?rest_route=\/wp\/v2\/posts\/8913"}],"collection":[{"href":"https:\/\/diariotribuna.com.br\/index.php?rest_route=\/wp\/v2\/posts"}],"about":[{"href":"https:\/\/diariotribuna.com.br\/index.php?rest_route=\/wp\/v2\/types\/post"}],"author":[{"embeddable":true,"href":"https:\/\/diariotribuna.com.br\/index.php?rest_route=\/wp\/v2\/users\/1"}],"replies":[{"embeddable":true,"href":"https:\/\/diariotribuna.com.br\/index.php?rest_route=%2Fwp%2Fv2%2Fcomments&post=8913"}],"version-history":[{"count":1,"href":"https:\/\/diariotribuna.com.br\/index.php?rest_route=\/wp\/v2\/posts\/8913\/revisions"}],"predecessor-version":[{"id":8918,"href":"https:\/\/diariotribuna.com.br\/index.php?rest_route=\/wp\/v2\/posts\/8913\/revisions\/8918"}],"wp:featuredmedia":[{"embeddable":true,"href":"https:\/\/diariotribuna.com.br\/index.php?rest_route=\/wp\/v2\/media\/8917"}],"wp:attachment":[{"href":"https:\/\/diariotribuna.com.br\/index.php?rest_route=%2Fwp%2Fv2%2Fmedia&parent=8913"}],"wp:term":[{"taxonomy":"category","embeddable":true,"href":"https:\/\/diariotribuna.com.br\/index.php?rest_route=%2Fwp%2Fv2%2Fcategories&post=8913"},{"taxonomy":"post_tag","embeddable":true,"href":"https:\/\/diariotribuna.com.br\/index.php?rest_route=%2Fwp%2Fv2%2Ftags&post=8913"}],"curies":[{"name":"wp","href":"https:\/\/api.w.org\/{rel}","templated":true}]}}