{"id":8919,"date":"2021-03-26T14:22:15","date_gmt":"2021-03-26T17:22:15","guid":{"rendered":"https:\/\/diariotribuna.com.br\/?p=8919"},"modified":"2021-03-26T14:22:18","modified_gmt":"2021-03-26T17:22:18","slug":"policia-civil-recupera-celulares-e-restitui-as-vitimas-de-furtos-e-roubos","status":"publish","type":"post","link":"https:\/\/diariotribuna.com.br\/?p=8919","title":{"rendered":"Pol\u00edcia Civil recupera celulares e restitui \u00e0s v\u00edtimas de furtos e roubos"},"content":{"rendered":"\n<figure class=\"wp-block-image size-large\"><img loading=\"lazy\" decoding=\"async\" width=\"500\" height=\"330\" src=\"https:\/\/diariotribuna.com.br\/wp-content\/uploads\/2021\/03\/Sem-titulo-2.png\" alt=\"\" class=\"wp-image-8920\" srcset=\"https:\/\/diariotribuna.com.br\/wp-content\/uploads\/2021\/03\/Sem-titulo-2.png 500w, https:\/\/diariotribuna.com.br\/wp-content\/uploads\/2021\/03\/Sem-titulo-2-300x198.png 300w\" sizes=\"(max-width: 500px) 100vw, 500px\" \/><\/figure>\n\n\n\n<p><strong>Te\u00f3filo Otoni &#8211; <\/strong>A Pol\u00edcia Civil de Minas Gerais atrav\u00e9s da Delegacia Especializada em Repress\u00e3o a Furtos e Roubos de Te\u00f3filo Otoni, apurou delitos de furto, roubo e recepta\u00e7\u00e3o e recuperou mais 04 aparelhos celulares em Te\u00f3filo Otoni.<\/p>\n\n\n\n<p>A Delegacia Especializada, que tem como titular o dr. M\u00e1rcio Pereira, recuperou na \u00faltima semana, mais 04 celulares, sendo furtados ou roubados na cidade, objetos que se encontravam na posse de receptadores. Por meio de rastreamento, a PC identificou usu\u00e1rios e ap\u00f3s dilig\u00eancias apreendeu os objetos, em seguida os restituiu aos respectivos propriet\u00e1rios.<\/p>\n\n\n\n<p>\u201cVale ressaltar, que somente nos primeiros tr\u00eas meses do ano, essa Delegacia Especializada j\u00e1 recuperou cerca de 20 aparelhos celulares. Ap\u00f3s levantamentos foram identificados poss\u00edveis envolvidos na a\u00e7\u00e3o criminosa, bem como receptadores dos aparelhos\u201d, disse dr. M\u00e1rcio. Ele informa que as investiga\u00e7\u00f5es continuam para a devida responsabiliza\u00e7\u00e3o criminal dos envolvidos.<\/p>\n\n\n\n<p><strong>Equipe policial \u2013<\/strong> Delegado, dr. M\u00e1rcio Pereira. Investigadores: Nat\u00e1lia Sp\u00f3sito, Fabr\u00edcio Tud\u00e9ia, Cl\u00e1udio Borges. Escriv\u00e3o: Gerson Lucas. (Informa\u00e7\u00f5es\/Foto: PCMG\/ Te\u00f3filo Otoni).<\/p>\n","protected":false},"excerpt":{"rendered":"<p>Te\u00f3filo Otoni &#8211; A Pol\u00edcia Civil de Minas Gerais atrav\u00e9s da Delegacia Especializada em Repress\u00e3o a Furtos e Roubos de Te\u00f3filo Otoni, apurou delitos de furto, roubo e recepta\u00e7\u00e3o e recuperou mais 04 aparelhos celulares em Te\u00f3filo Otoni. A Delegacia Especializada, que tem como titular o dr. M\u00e1rcio Pereira, recuperou na \u00faltima semana, mais 04 [&hellip;]<\/p>\n","protected":false},"author":1,"featured_media":8920,"comment_status":"open","ping_status":"open","sticky":false,"template":"","format":"standard","meta":{"rop_custom_images_group":[],"rop_custom_messages_group":[],"rop_publish_now":"initial","rop_publish_now_accounts":[],"rop_publish_now_history":[],"rop_publish_now_status":"pending","footnotes":""},"categories":[20],"tags":[998,2801,292,75],"class_list":["post-8919","post","type-post","status-publish","format-standard","has-post-thumbnail","hentry","category-policia","tag-celulares","tag-delegacia-de-furtos-e-roubos","tag-policia-civil","tag-teofilo-otoni"],"_links":{"self":[{"href":"https:\/\/diariotribuna.com.br\/index.php?rest_route=\/wp\/v2\/posts\/8919"}],"collection":[{"href":"https:\/\/diariotribuna.com.br\/index.php?rest_route=\/wp\/v2\/posts"}],"about":[{"href":"https:\/\/diariotribuna.com.br\/index.php?rest_route=\/wp\/v2\/types\/post"}],"author":[{"embeddable":true,"href":"https:\/\/diariotribuna.com.br\/index.php?rest_route=\/wp\/v2\/users\/1"}],"replies":[{"embeddable":true,"href":"https:\/\/diariotribuna.com.br\/index.php?rest_route=%2Fwp%2Fv2%2Fcomments&post=8919"}],"version-history":[{"count":1,"href":"https:\/\/diariotribuna.com.br\/index.php?rest_route=\/wp\/v2\/posts\/8919\/revisions"}],"predecessor-version":[{"id":8921,"href":"https:\/\/diariotribuna.com.br\/index.php?rest_route=\/wp\/v2\/posts\/8919\/revisions\/8921"}],"wp:featuredmedia":[{"embeddable":true,"href":"https:\/\/diariotribuna.com.br\/index.php?rest_route=\/wp\/v2\/media\/8920"}],"wp:attachment":[{"href":"https:\/\/diariotribuna.com.br\/index.php?rest_route=%2Fwp%2Fv2%2Fmedia&parent=8919"}],"wp:term":[{"taxonomy":"category","embeddable":true,"href":"https:\/\/diariotribuna.com.br\/index.php?rest_route=%2Fwp%2Fv2%2Fcategories&post=8919"},{"taxonomy":"post_tag","embeddable":true,"href":"https:\/\/diariotribuna.com.br\/index.php?rest_route=%2Fwp%2Fv2%2Ftags&post=8919"}],"curies":[{"name":"wp","href":"https:\/\/api.w.org\/{rel}","templated":true}]}}