{"id":8922,"date":"2021-03-26T14:33:11","date_gmt":"2021-03-26T17:33:11","guid":{"rendered":"https:\/\/diariotribuna.com.br\/?p=8922"},"modified":"2021-03-26T14:33:57","modified_gmt":"2021-03-26T17:33:57","slug":"cemig-reforca-dicas-de-economia-de-energia-com-a-adocao-da-onda-roxa-em-minas","status":"publish","type":"post","link":"https:\/\/diariotribuna.com.br\/?p=8922","title":{"rendered":"Cemig refor\u00e7a dicas de economia de energia com a ado\u00e7\u00e3o da onda roxa em Minas"},"content":{"rendered":"\n<p><strong>Medidas simples podem economizar eletricidade e evitar aumento excessivo na fatura<\/strong><\/p>\n\n\n\n<figure class=\"wp-block-image size-large is-resized\"><img loading=\"lazy\" decoding=\"async\" src=\"https:\/\/diariotribuna.com.br\/wp-content\/uploads\/2021\/03\/a2824719-fdfc-4c7b-a3de-01fd01f75a94-1.jpg\" alt=\"\" class=\"wp-image-8924\" width=\"510\" height=\"340\" srcset=\"https:\/\/diariotribuna.com.br\/wp-content\/uploads\/2021\/03\/a2824719-fdfc-4c7b-a3de-01fd01f75a94-1.jpg 700w, https:\/\/diariotribuna.com.br\/wp-content\/uploads\/2021\/03\/a2824719-fdfc-4c7b-a3de-01fd01f75a94-1-300x200.jpg 300w, https:\/\/diariotribuna.com.br\/wp-content\/uploads\/2021\/03\/a2824719-fdfc-4c7b-a3de-01fd01f75a94-1-696x463.jpg 696w, https:\/\/diariotribuna.com.br\/wp-content\/uploads\/2021\/03\/a2824719-fdfc-4c7b-a3de-01fd01f75a94-1-631x420.jpg 631w\" sizes=\"(max-width: 510px) 100vw, 510px\" \/><\/figure>\n\n\n\n<p>Com a ado\u00e7\u00e3o da Onda Roxa do Plano Minas Consciente em todas as regi\u00f5es do estado, como forma de conter a propaga\u00e7\u00e3o do Covid-19, as pessoas devem permanecer mais em casa e utilizar ainda mais a energia el\u00e9trica. Por isso, a Cemig destaca uma s\u00e9rie de medidas para que a conta de energia n\u00e3o aumente significativamente e comprometa o or\u00e7amento das pessoas.<\/p>\n\n\n\n<p>A recomenda\u00e7\u00e3o das autoridades \u00e9 sair de casa apenas em situa\u00e7\u00f5es de extrema necessidade; al\u00e9m disso, muitas empresas continuam no sistema de home office para preservar a sa\u00fade de seus trabalhadores. Dessa forma, as fam\u00edlias precisam ficar atentas ao consumo de energia de computadores e perif\u00e9ricos. Uma das recomenda\u00e7\u00f5es \u00e9 que, ao se ausentar por curto per\u00edodo de tempo, o monitor deve ser desligado. Outros componentes, como impressoras e caixas de som, tamb\u00e9m devem ficar desligados quando o computador n\u00e3o estiver sendo utilizado.<\/p>\n\n\n\n<p>De acordo com o engenheiro de efici\u00eancia energ\u00e9tica Welhiton Adriano de Castro Silva, da Cemig, o consumo de energia depende de duas vari\u00e1veis: da pot\u00eancia do equipamento (medida em watts) e do tempo (ou horas) de utiliza\u00e7\u00e3o. \u201cDessa forma, podemos economizar energia, reduzindo a pot\u00eancia de equipamentos \u2013 por substitui\u00e7\u00e3o (caso das l\u00e2mpadas fluorescentes por l\u00e2mpadas LED) ou, quando poss\u00edvel, por regulagem, como \u00e9 o caso do chuveiro ou do ar-condicionado &#8211; ou o tempo de utiliza\u00e7\u00e3o dos aparelhos, como no caso do ferro el\u00e9trico, da lavadora de roupas e tamb\u00e9m do pr\u00f3prio chuveiro\u201d, explica o especialista.<\/p>\n\n\n\n<p>Segundo o engenheiro da Cemig, o chuveiro consome muita energia, sendo respons\u00e1vel por uma grande parcela da fatura de energia. Ent\u00e3o, sempre que poss\u00edvel as pessoas devem diminuir a pot\u00eancia do equipamento (para a posi\u00e7\u00e3o \u201cVer\u00e3o\u201d) visando reduzir o consumo e, ainda assim, manter uma temperatura agrad\u00e1vel da \u00e1gua do banho. \u201cComo estamos em um per\u00edodo de temperatura amena em Minas Gerais, o simples fato de deixarmos o chuveiro na posi\u00e7\u00e3o \u2018Ver\u00e3o\u2019 significa reduzir a pot\u00eancia do aparelho em cerca de 30%. Mas n\u00e3o \u00e9 apenas isso! N\u00e3o adianta reduzir a pot\u00eancia, mas aumentar o tempo de banho\u201d, explica.<\/p>\n\n\n\n<p><strong>Desperd\u00edcio de energia &#8211; <\/strong>A eletricidade consumida pelos aparelhos eletr\u00f4nicos em stand-by (modo de espera) pode representar at\u00e9 15% do consumo de alguns equipamentos. Vale ressaltar que, ao desligar a TV, \u00e9 importante desligar os demais equipamentos que est\u00e3o conectados ao aparelho. Os televisores mais antigos consomem mais que os novos e, no modo de espera, os receptores de TV por assinatura s\u00e3o os maiores vil\u00f5es do desperd\u00edcio.<\/p>\n\n\n\n<p>Equipamentos, como receptores de TV por assinatura, computadores e aparelhos de televis\u00e3o, dentre outros, que costumam ficar ligados em modo de stand-by 24 horas por dia, elevam o valor da conta no final do m\u00eas. Para economizar, \u00e9 necess\u00e1rio que o consumidor retire o equipamento da tomada.<\/p>\n\n\n\n<p>\u201cPor exemplo: tenho uma TV de 40\u201d com 110 watts de pot\u00eancia. Se eu a mantiver ligada desnecessariamente apenas uma hora por dia, todos dias, esse desperd\u00edcio me custar\u00e1 algo em torno de R$ 3 a 5 na conta. Se somarmos todos os desperd\u00edcios, quantos reais n\u00e3o estamos gastando sem necessidade? N\u00e3o h\u00e1 d\u00favida de que a mudan\u00e7a de h\u00e1bito \u00e9 a melhor maneira de se evitar o consumo desnecess\u00e1rio. Se o consumidor sabe que vai ficar muito tempo sem usar a TV, n\u00e3o custa nada deslig\u00e1-la\u201d, finaliza o engenheiro. (Foto: Istock\/ Cemig Divulga\u00e7\u00e3o).<\/p>\n","protected":false},"excerpt":{"rendered":"<p>Medidas simples podem economizar eletricidade e evitar aumento excessivo na fatura Com a ado\u00e7\u00e3o da Onda Roxa do Plano Minas Consciente em todas as regi\u00f5es do estado, como forma de conter a propaga\u00e7\u00e3o do Covid-19, as pessoas devem permanecer mais em casa e utilizar ainda mais a energia el\u00e9trica. Por isso, a Cemig destaca uma [&hellip;]<\/p>\n","protected":false},"author":1,"featured_media":8924,"comment_status":"open","ping_status":"open","sticky":false,"template":"","format":"standard","meta":{"rop_custom_images_group":[],"rop_custom_messages_group":[],"rop_publish_now":"initial","rop_publish_now_accounts":[],"rop_publish_now_history":[],"rop_publish_now_status":"pending","footnotes":""},"categories":[19],"tags":[72,280,2863,2864],"class_list":["post-8922","post","type-post","status-publish","format-standard","has-post-thumbnail","hentry","category-gerais","tag-cemig","tag-dicas","tag-economia","tag-energia"],"_links":{"self":[{"href":"https:\/\/diariotribuna.com.br\/index.php?rest_route=\/wp\/v2\/posts\/8922"}],"collection":[{"href":"https:\/\/diariotribuna.com.br\/index.php?rest_route=\/wp\/v2\/posts"}],"about":[{"href":"https:\/\/diariotribuna.com.br\/index.php?rest_route=\/wp\/v2\/types\/post"}],"author":[{"embeddable":true,"href":"https:\/\/diariotribuna.com.br\/index.php?rest_route=\/wp\/v2\/users\/1"}],"replies":[{"embeddable":true,"href":"https:\/\/diariotribuna.com.br\/index.php?rest_route=%2Fwp%2Fv2%2Fcomments&post=8922"}],"version-history":[{"count":2,"href":"https:\/\/diariotribuna.com.br\/index.php?rest_route=\/wp\/v2\/posts\/8922\/revisions"}],"predecessor-version":[{"id":8926,"href":"https:\/\/diariotribuna.com.br\/index.php?rest_route=\/wp\/v2\/posts\/8922\/revisions\/8926"}],"wp:featuredmedia":[{"embeddable":true,"href":"https:\/\/diariotribuna.com.br\/index.php?rest_route=\/wp\/v2\/media\/8924"}],"wp:attachment":[{"href":"https:\/\/diariotribuna.com.br\/index.php?rest_route=%2Fwp%2Fv2%2Fmedia&parent=8922"}],"wp:term":[{"taxonomy":"category","embeddable":true,"href":"https:\/\/diariotribuna.com.br\/index.php?rest_route=%2Fwp%2Fv2%2Fcategories&post=8922"},{"taxonomy":"post_tag","embeddable":true,"href":"https:\/\/diariotribuna.com.br\/index.php?rest_route=%2Fwp%2Fv2%2Ftags&post=8922"}],"curies":[{"name":"wp","href":"https:\/\/api.w.org\/{rel}","templated":true}]}}