{"id":8927,"date":"2021-03-26T18:35:32","date_gmt":"2021-03-26T21:35:32","guid":{"rendered":"https:\/\/diariotribuna.com.br\/?p=8927"},"modified":"2021-03-26T18:35:35","modified_gmt":"2021-03-26T21:35:35","slug":"fiemg-doa-mais-respiradores-para-montagem-de-novos-leitos-de-uti-em-minas","status":"publish","type":"post","link":"https:\/\/diariotribuna.com.br\/?p=8927","title":{"rendered":"FIEMG doa mais respiradores para montagem de novos leitos de UTI em Minas"},"content":{"rendered":"\n<p><strong>100 novos equipamentos foram entregues ao governo de Minas, na segunda-feira (22), e s\u00e3o fundamentais para o atendimento a pacientes em tratamento contra a COVID-19<\/strong><\/p>\n\n\n\n<figure class=\"wp-block-image size-large is-resized\"><img loading=\"lazy\" decoding=\"async\" src=\"https:\/\/diariotribuna.com.br\/wp-content\/uploads\/2021\/03\/FIEMG-doa-mais-respiradores-para-montagem-de-novos-leitos-de-UTI-696x464-1.jpg\" alt=\"\" class=\"wp-image-8928\" width=\"516\" height=\"340\" srcset=\"https:\/\/diariotribuna.com.br\/wp-content\/uploads\/2021\/03\/FIEMG-doa-mais-respiradores-para-montagem-de-novos-leitos-de-UTI-696x464-1.jpg 600w, https:\/\/diariotribuna.com.br\/wp-content\/uploads\/2021\/03\/FIEMG-doa-mais-respiradores-para-montagem-de-novos-leitos-de-UTI-696x464-1-300x198.jpg 300w\" sizes=\"(max-width: 516px) 100vw, 516px\" \/><\/figure>\n\n\n\n<p>A FIEMG, em parceria com ind\u00fastrias de Minas Gerais, doou, dia 22\/03, mais 100 ventiladores mec\u00e2nicos para o governo do Estado. A iniciativa permitir\u00e1 a montagem de 100 novos leitos de UTI para atendimento a pacientes da Covid-19. Abertura acontecer\u00e1 nos pr\u00f3ximos dias nos munic\u00edpios de Belo Horizonte, Betim, Juiz de Fora, Tim\u00f3teo, Montes Claros, Vi\u00e7osa, Ponte Nova, S\u00e3o Louren\u00e7o, Paracatu e S\u00e3o Jo\u00e3o del-Rei, beneficiando todas as regi\u00f5es de Minas. O crit\u00e9rio utilizado para a distribui\u00e7\u00e3o dos equipamentos foi definido pela Secretaria de Estado de Sa\u00fade (SES), que identificou locais com capacidade de abertura imediata de leitos de UTI.<\/p>\n\n\n\n<p>&#8220;A mobiliza\u00e7\u00e3o da ind\u00fastria est\u00e1 ajudando a ampliar a capacidade de atendimento nas UTI\u2019s em todo estado. Al\u00e9m disso, doamos 180 leitos para hospitais filantr\u00f3picos que j\u00e1 est\u00e3o em pleno funcionamento. No total, s\u00e3o mais de 300 munic\u00edpios contemplados com doa\u00e7\u00f5es de leitos ou respiradores, ajudando a salvar a vida de milhares de mineiros&#8221;, pontuou o presidente da FIEMG, Fl\u00e1vio Roscoe.<\/p>\n\n\n\n<p>O l\u00edder industrial mineiro destacou tamb\u00e9m que, gra\u00e7as \u00e0 sensibilidade do governo de Minas, a ind\u00fastria continuou atuante, trabalhando de maneira cont\u00ednua e segura. &#8220;N\u00e3o faltaram produtos essenciais na casa dos mineiros e a boa not\u00edcia \u00e9 que todos est\u00e3o trabalhando, gra\u00e7as aos protocolos que garantem a seguran\u00e7a e efici\u00eancia do setor produtivo. O setor industrial tem honra e orgulho de contribuir com o estado neste momento dif\u00edcil&#8221;, destacou Roscoe.<\/p>\n\n\n\n<p>E o trabalho de mobiliza\u00e7\u00e3o da Federa\u00e7\u00e3o mineira para ajudar o governo estadual a enfrentar a pandemia da Covid-19 foi refor\u00e7ado pelo governador Romeu Zema. De acordo com o chefe do Executivo mineiro, a parceria da FIEMG foi fundamental para que o estado pudesse dobrar a sua capacidade de atendimento em leitos de UTI, passando de 2.072 leitos, para os atuais 4.364.<\/p>\n\n\n\n<p>&#8220;Logo que a pandemia come\u00e7ou, a FIEMG se disponibilizou a contribuir. Conseguimos 1.600 respiradores que j\u00e1 salvaram muitas vidas e, agora, com mais 100 unidades desse aparelho, vamos atender um n\u00famero substancial de pessoas. O governo do estado vai continuar fazendo tudo o que for necess\u00e1rio para salvar vidas, essa \u00e9 a grande prioridade. O momento \u00e9 triste, mas nos ensina que a solidariedade e as parcerias s\u00e3o muito importantes&#8221;, sinalizou Zema.<\/p>\n\n\n\n<p>Desde o in\u00edcio da crise sanit\u00e1ria causada pela pandemia, a FIEMG vem atuando com o intuito de mitigar os danos causados pela Covid-19. Em 2020, a Federa\u00e7\u00e3o mobilizou a ind\u00fastria e possibilitou a doa\u00e7\u00e3o de 1.600 ventiladores pulmonares, por meio do projeto Inspirar. Uma s\u00e9rie de outras medidas foi poss\u00edvel gra\u00e7as a esse mutir\u00e3o empresarial, como a constru\u00e7\u00e3o de centenas de leitos exclusivos para tratamento de pacientes com Covid-19 a fabrica\u00e7\u00e3o e distribui\u00e7\u00e3o de milhares de litros de \u00e1lcool glicerinado 70%, m\u00e1scaras e jalecos.<\/p>\n\n\n\n<p>Recentemente, o setor produtivo mineiro, por meio da FIEMG, abra\u00e7ou a campanha Unidos pela Vacina, iniciada por Luiza Trajano, presidenta do Conselho de Administra\u00e7\u00e3o do Magazine Luiza. Por meio do Conselho Estrat\u00e9gico da Federa\u00e7\u00e3o mineira, que re\u00fane os maiores industriais do estado, a FIEMG tamb\u00e9m ir\u00e1 doar, para 200 munic\u00edpios, itens essenciais para que a vacina\u00e7\u00e3o da popula\u00e7\u00e3o ocorra de maneira mais eficaz e r\u00e1pida, como seringas descart\u00e1veis, luvas, jalecos, c\u00e2maras frias e freezers. (FIEMG &#8211; Federa\u00e7\u00e3o das Ind\u00fastrias de Minas Gerais).<\/p>\n\n\n\n<figure class=\"wp-block-embed is-type-video is-provider-youtube wp-block-embed-youtube wp-embed-aspect-16-9 wp-has-aspect-ratio\"><div class=\"wp-block-embed__wrapper\">\n<iframe loading=\"lazy\" title=\"FIEMG doa mais respiradores para montagem de novos leitos de UTI\" width=\"696\" height=\"392\" src=\"https:\/\/www.youtube.com\/embed\/tliQ61bahE4?start=7&#038;feature=oembed\" frameborder=\"0\" allow=\"accelerometer; autoplay; clipboard-write; encrypted-media; gyroscope; picture-in-picture\" allowfullscreen><\/iframe>\n<\/div><\/figure>\n","protected":false},"excerpt":{"rendered":"<p>100 novos equipamentos foram entregues ao governo de Minas, na segunda-feira (22), e s\u00e3o fundamentais para o atendimento a pacientes em tratamento contra a COVID-19 A FIEMG, em parceria com ind\u00fastrias de Minas Gerais, doou, dia 22\/03, mais 100 ventiladores mec\u00e2nicos para o governo do Estado. A iniciativa permitir\u00e1 a montagem de 100 novos leitos [&hellip;]<\/p>\n","protected":false},"author":1,"featured_media":8928,"comment_status":"open","ping_status":"open","sticky":false,"template":"","format":"standard","meta":{"rop_custom_images_group":[],"rop_custom_messages_group":[],"rop_publish_now":"initial","rop_publish_now_accounts":[],"rop_publish_now_history":[],"rop_publish_now_status":"pending","footnotes":""},"categories":[19],"tags":[2865,82,357,2866,856],"class_list":["post-8927","post","type-post","status-publish","format-standard","has-post-thumbnail","hentry","category-gerais","tag-doacao","tag-fiemg","tag-governo-de-minas","tag-novos-leitos-de-uti","tag-respiradores"],"_links":{"self":[{"href":"https:\/\/diariotribuna.com.br\/index.php?rest_route=\/wp\/v2\/posts\/8927"}],"collection":[{"href":"https:\/\/diariotribuna.com.br\/index.php?rest_route=\/wp\/v2\/posts"}],"about":[{"href":"https:\/\/diariotribuna.com.br\/index.php?rest_route=\/wp\/v2\/types\/post"}],"author":[{"embeddable":true,"href":"https:\/\/diariotribuna.com.br\/index.php?rest_route=\/wp\/v2\/users\/1"}],"replies":[{"embeddable":true,"href":"https:\/\/diariotribuna.com.br\/index.php?rest_route=%2Fwp%2Fv2%2Fcomments&post=8927"}],"version-history":[{"count":1,"href":"https:\/\/diariotribuna.com.br\/index.php?rest_route=\/wp\/v2\/posts\/8927\/revisions"}],"predecessor-version":[{"id":8929,"href":"https:\/\/diariotribuna.com.br\/index.php?rest_route=\/wp\/v2\/posts\/8927\/revisions\/8929"}],"wp:featuredmedia":[{"embeddable":true,"href":"https:\/\/diariotribuna.com.br\/index.php?rest_route=\/wp\/v2\/media\/8928"}],"wp:attachment":[{"href":"https:\/\/diariotribuna.com.br\/index.php?rest_route=%2Fwp%2Fv2%2Fmedia&parent=8927"}],"wp:term":[{"taxonomy":"category","embeddable":true,"href":"https:\/\/diariotribuna.com.br\/index.php?rest_route=%2Fwp%2Fv2%2Fcategories&post=8927"},{"taxonomy":"post_tag","embeddable":true,"href":"https:\/\/diariotribuna.com.br\/index.php?rest_route=%2Fwp%2Fv2%2Ftags&post=8927"}],"curies":[{"name":"wp","href":"https:\/\/api.w.org\/{rel}","templated":true}]}}