{"id":8930,"date":"2021-03-26T23:53:53","date_gmt":"2021-03-27T02:53:53","guid":{"rendered":"https:\/\/diariotribuna.com.br\/?p=8930"},"modified":"2021-03-27T00:01:23","modified_gmt":"2021-03-27T03:01:23","slug":"covid-19-boletim-epidemiologico-de-teofilo-otoni-em-26-03-21","status":"publish","type":"post","link":"https:\/\/diariotribuna.com.br\/?p=8930","title":{"rendered":"COVID-19: Boletim Epidemiol\u00f3gico de Te\u00f3filo Otoni em 26\/03\/21"},"content":{"rendered":"\n<p><strong><em>A Secretaria de Sa\u00fade confirma mais 9 \u00f3bitos por complica\u00e7\u00f5es causadas pela covid-19<\/em><\/strong><\/p>\n\n\n\n<figure class=\"wp-block-image size-large is-resized\"><img loading=\"lazy\" decoding=\"async\" src=\"https:\/\/diariotribuna.com.br\/wp-content\/uploads\/2021\/03\/unnamed-file-7.jpg\" alt=\"\" class=\"wp-image-8931\" width=\"438\" height=\"267\" srcset=\"https:\/\/diariotribuna.com.br\/wp-content\/uploads\/2021\/03\/unnamed-file-7.jpg 700w, https:\/\/diariotribuna.com.br\/wp-content\/uploads\/2021\/03\/unnamed-file-7-300x183.jpg 300w, https:\/\/diariotribuna.com.br\/wp-content\/uploads\/2021\/03\/unnamed-file-7-696x425.jpg 696w, https:\/\/diariotribuna.com.br\/wp-content\/uploads\/2021\/03\/unnamed-file-7-689x420.jpg 689w\" sizes=\"(max-width: 438px) 100vw, 438px\" \/><\/figure>\n\n\n\n<p>A Secretaria Municipal de Sa\u00fade divulgou boletim epidemiol\u00f3gico na noite desta sexta-feira (26\/03) confirmando 8.035 casos positivos de covid-19 em Te\u00f3filo Otoni, 70 a mais nas \u00faltimas 24 horas, e registra <strong>mais 09 \u00f3bitos<\/strong> por complica\u00e7\u00f5es causadas pela covid-19, <strong>totalizando 221<\/strong>. O boletim informa ainda que tem 504 casos ativos, 7.310 casos recuperados, e 19.426 casos suspeitos foram descartados.<\/p>\n\n\n\n<p><strong>Os \u00faltimos 09 \u00f3bitos ocorreram nos dias 22, 23, 25 e 26\/03\/2021.<\/strong> Os pacientes possu\u00edam comorbidades e tiveram os resultados confirmados por RT-PCR e SWAB Ant\u00edgeno Reagente. A Secretaria de Sa\u00fade informa que todos receberam assist\u00eancia e tratamento necess\u00e1rios.<\/p>\n\n\n\n<p><strong>Hospital Bom Samaritano: <\/strong>o \u00f3bito \u00e9 de uma idosa de 75 anos.<\/p>\n\n\n\n<p><strong>Hospital Philadelfia: <\/strong>o \u00f3bito \u00e9 de uma idosa de 67 anos<\/p>\n\n\n\n<p><strong>Hospital Santa Ros\u00e1lia: <\/strong>o \u00f3bito \u00e9 de um idoso de 81 anos<\/p>\n\n\n\n<p><strong>UPA 24 Horas (Avenida Get\u00falio Vargas): <\/strong>Foram 4 \u00f3bitos, sendo 01 mulher com 35 anos, e 03 idosos com 70, 79 e 93 anos<\/p>\n\n\n\n<p><strong>UPA Gobira: <\/strong>Ocorreram 02 \u00f3bitos, sendo um homem com 72 anos e uma mulher com 74.<\/p>\n\n\n\n<p><strong>Interna\u00e7\u00f5es at\u00e9 (26\/03):<\/strong> Pelo <strong>SUS, Conv\u00eanio e Particular<\/strong> tem 40 leitos de UTI Covid no munic\u00edpio e 37 est\u00e3o ocupados, sendo 23 pacientes de Te\u00f3filo Otoni e 14 de outros munic\u00edpios <strong>(92,50% de ocupa\u00e7\u00e3o<\/strong>). Tem <strong>98 Leitos de Enfermaria Covid<\/strong> e 71 est\u00e3o ocupados, sendo 55 pacientes de Te\u00f3filo Otoni e 16 de outros munic\u00edpios <strong>(72,45% de ocupa\u00e7\u00e3o)<\/strong>.<\/p>\n\n\n\n<p><strong>OBS.: Nos \u00faltimos tr\u00eas dias foram montados mais 40 leitos Enfermaria Covid. Eram 58, hoje s\u00e3o 98 leitos.<\/strong><\/p>\n\n\n\n<p><strong>Vacin\u00f4metro:<\/strong> dados atualizados na quinta-feira (25\/03) mostram que j\u00e1 foram aplicadas 10.847 doses de vacina contra a covid-19 (na 1\u00aa dose), e 4.185 doses (na 2\u00aa).<\/p>\n","protected":false},"excerpt":{"rendered":"<p>A Secretaria de Sa\u00fade confirma mais 9 \u00f3bitos por complica\u00e7\u00f5es causadas pela covid-19 A Secretaria Municipal de Sa\u00fade divulgou boletim epidemiol\u00f3gico na noite desta sexta-feira (26\/03) confirmando 8.035 casos positivos de covid-19 em Te\u00f3filo Otoni, 70 a mais nas \u00faltimas 24 horas, e registra mais 09 \u00f3bitos por complica\u00e7\u00f5es causadas pela covid-19, totalizando 221. O [&hellip;]<\/p>\n","protected":false},"author":1,"featured_media":8931,"comment_status":"open","ping_status":"open","sticky":false,"template":"","format":"standard","meta":{"rop_custom_images_group":[],"rop_custom_messages_group":[],"rop_publish_now":"initial","rop_publish_now_accounts":[],"rop_publish_now_history":[],"rop_publish_now_status":"pending","footnotes":""},"categories":[192],"tags":[2867,489,84,75],"class_list":["post-8930","post","type-post","status-publish","format-standard","has-post-thumbnail","hentry","category-covid19","tag-26-03-21-2","tag-boletim-epidemiologico","tag-covid-19","tag-teofilo-otoni"],"_links":{"self":[{"href":"https:\/\/diariotribuna.com.br\/index.php?rest_route=\/wp\/v2\/posts\/8930"}],"collection":[{"href":"https:\/\/diariotribuna.com.br\/index.php?rest_route=\/wp\/v2\/posts"}],"about":[{"href":"https:\/\/diariotribuna.com.br\/index.php?rest_route=\/wp\/v2\/types\/post"}],"author":[{"embeddable":true,"href":"https:\/\/diariotribuna.com.br\/index.php?rest_route=\/wp\/v2\/users\/1"}],"replies":[{"embeddable":true,"href":"https:\/\/diariotribuna.com.br\/index.php?rest_route=%2Fwp%2Fv2%2Fcomments&post=8930"}],"version-history":[{"count":4,"href":"https:\/\/diariotribuna.com.br\/index.php?rest_route=\/wp\/v2\/posts\/8930\/revisions"}],"predecessor-version":[{"id":8935,"href":"https:\/\/diariotribuna.com.br\/index.php?rest_route=\/wp\/v2\/posts\/8930\/revisions\/8935"}],"wp:featuredmedia":[{"embeddable":true,"href":"https:\/\/diariotribuna.com.br\/index.php?rest_route=\/wp\/v2\/media\/8931"}],"wp:attachment":[{"href":"https:\/\/diariotribuna.com.br\/index.php?rest_route=%2Fwp%2Fv2%2Fmedia&parent=8930"}],"wp:term":[{"taxonomy":"category","embeddable":true,"href":"https:\/\/diariotribuna.com.br\/index.php?rest_route=%2Fwp%2Fv2%2Fcategories&post=8930"},{"taxonomy":"post_tag","embeddable":true,"href":"https:\/\/diariotribuna.com.br\/index.php?rest_route=%2Fwp%2Fv2%2Ftags&post=8930"}],"curies":[{"name":"wp","href":"https:\/\/api.w.org\/{rel}","templated":true}]}}