{"id":8955,"date":"2021-03-27T16:01:05","date_gmt":"2021-03-27T19:01:05","guid":{"rendered":"https:\/\/diariotribuna.com.br\/?p=8955"},"modified":"2021-04-01T01:23:05","modified_gmt":"2021-04-01T04:23:05","slug":"secretario-de-saude-faz-pronunciamento-sobre-o-cenario-da-covid-19-em-teofilo-otoni","status":"publish","type":"post","link":"https:\/\/diariotribuna.com.br\/?p=8955","title":{"rendered":"Secret\u00e1rio de Sa\u00fade faz pronunciamento sobre o cen\u00e1rio da covid-19 em Te\u00f3filo Otoni"},"content":{"rendered":"\n<p><strong><em>Dr. Edil\u00e2nio lamenta o registro de mais 9 \u00f3bitos por complica\u00e7\u00f5es causadas pela covid-19 no boletim desta sexta-feira (26)<\/em><\/strong><\/p>\n\n\n\n<figure class=\"wp-block-image size-large is-resized\"><img loading=\"lazy\" decoding=\"async\" src=\"https:\/\/diariotribuna.com.br\/wp-content\/uploads\/2021\/03\/1-14.jpg\" alt=\"\" class=\"wp-image-8956\" width=\"489\" height=\"345\" srcset=\"https:\/\/diariotribuna.com.br\/wp-content\/uploads\/2021\/03\/1-14.jpg 875w, https:\/\/diariotribuna.com.br\/wp-content\/uploads\/2021\/03\/1-14-300x212.jpg 300w, https:\/\/diariotribuna.com.br\/wp-content\/uploads\/2021\/03\/1-14-768x542.jpg 768w, https:\/\/diariotribuna.com.br\/wp-content\/uploads\/2021\/03\/1-14-100x70.jpg 100w, https:\/\/diariotribuna.com.br\/wp-content\/uploads\/2021\/03\/1-14-696x491.jpg 696w, https:\/\/diariotribuna.com.br\/wp-content\/uploads\/2021\/03\/1-14-596x420.jpg 596w\" sizes=\"(max-width: 489px) 100vw, 489px\" \/><\/figure>\n\n\n\n<p>O <strong>Secret\u00e1rio Municipal de Sa\u00fade, dr. Edil\u00e2nio Aparecido de Oliveira<\/strong>, fez um pronunciamento na sexta-feira (26\/03), ap\u00f3s constar no boletim deste dia mais 9 \u00f3bitos por complica\u00e7\u00f5es causadas pela Covid-19. Foram nove \u00f3bitos ocorridos num intervalo de quatro dias. Ele destaca que, os profissionais de sa\u00fade do munic\u00edpio tem trabalhado exaustivamente para salvar vidas, e cita como exemplo cidades do mesmo porte de Te\u00f3filo Otoni que j\u00e1 entraram em colapso.<\/p>\n\n\n\n<p>\u201cPessoas est\u00e3o morrendo por falta de atendimento. Isso na nossa cidade n\u00e3o aconteceu e n\u00e3o vai acontecer\u201d, disse o secret\u00e1rio, informando que aumentou o n\u00famero de leitos ofertados pelo SUS\/UTIs, no Hospital Santa Ros\u00e1lia, no Philadelfia e no Bom Samaritano. Ressalta ainda, que foi constru\u00edda uma ala para atendimento de UTI Covid com cerca de 10 leitos no Hospital Bom Samaritano.<\/p>\n\n\n\n<p>Dentre as a\u00e7\u00f5es de enfrentamento da Covid-19 em Te\u00f3filo Otoni, ele informa que foram abertos mais tr\u00eas programas de m\u00e9dicos noturnos pra n\u00e3o sobrecarregar as unidades de pronto atendimento, foram separadas as UPAs \u2013 Covid e N\u00e3o Covid, por \u00faltimo, disse que conseguiu abrir mais leitos cl\u00ednicos no munic\u00edpio. Eram 58 leitos, hoje s\u00e3o 98.<\/p>\n\n\n\n<p>\u201cE o meu trabalho n\u00e3o fica restrito apenas como gestor da Secretaria de Sa\u00fade de Te\u00f3filo Otoni. Todos os dias eu tenho acompanhado os hospitais e as UPAS. Tenho atendido como m\u00e9dico pneumologista e como gestor, para verificar e deliberar da melhor maneira poss\u00edvel o estado cl\u00ednico dos nossos pacientes, dos nossos mun\u00edcipes e tamb\u00e9m de pessoas de outras cidades\u201d, disse.<\/p>\n\n\n\n<p>Dr. Edil\u00e2nio ressalta, que no cen\u00e1rio atual, Te\u00f3filo Otoni est\u00e1 se destacando em n\u00famero de pessoas vacinadas. \u201cN\u00f3s j\u00e1 conseguimos vacinar mais de 17.400 pessoas. Recebemos at\u00e9 ent\u00e3o 23.415 doses, e essa vacina\u00e7\u00e3o vai continuar, tanto do Drive-Thru (nas quartas-feiras), como nos postos de sa\u00fade (nas sextas-feiras)\u201d. Tranquiliza a popula\u00e7\u00e3o informando que, as pessoas que n\u00e3o tiverem condi\u00e7\u00f5es de irem no Drive-Thru no Expominas ou no posto de sa\u00fade, ser\u00e3o vacinadas no domic\u00edlio.<\/p>\n\n\n\n<p>\u201cEu estou aqui num momento muito dif\u00edcil como profissional de sa\u00fade anunciando que perdemos 09 pacientes que estavam internados nesses \u00faltimos dias. Solidarizo com todos os familiares e amigos dessas pessoas. Fizemos de tudo, n\u00e3o faltou acompanhamento, n\u00e3o faltaram insumos como antibi\u00f3ticos, anticoagulantes e tamb\u00e9m oxig\u00eanio, mas infelizmente elas faleceram\u201d, lamentou.<\/p>\n\n\n\n<p>O secret\u00e1rio ressalta, que \u00e9 necess\u00e1rio cumprir o protocolo imposto pelo Governo do Estado, com a onda roxa do Minas Consciente, valendo em todos os 853 munic\u00edpios mineiros. Disse que est\u00e1 fazendo o seu papel e pede que a popula\u00e7\u00e3o tamb\u00e9m fa\u00e7a o seu, usando m\u00e1scara de prote\u00e7\u00e3o, lavando sempre as m\u00e3os ou usando \u00e1lcool em gel, evitando aglomera\u00e7\u00e3o e mantendo o distanciamento social. <strong>\u201cVamos fazer o esfor\u00e7o agora para pouparmos vidas, pra no futuro n\u00f3s podermos abra\u00e7ar nossos familiares e nossos amigos<\/strong>\u201d, disse.<\/p>\n","protected":false},"excerpt":{"rendered":"<p>Dr. Edil\u00e2nio lamenta o registro de mais 9 \u00f3bitos por complica\u00e7\u00f5es causadas pela covid-19 no boletim desta sexta-feira (26) O Secret\u00e1rio Municipal de Sa\u00fade, dr. Edil\u00e2nio Aparecido de Oliveira, fez um pronunciamento na sexta-feira (26\/03), ap\u00f3s constar no boletim deste dia mais 9 \u00f3bitos por complica\u00e7\u00f5es causadas pela Covid-19. Foram nove \u00f3bitos ocorridos num intervalo [&hellip;]<\/p>\n","protected":false},"author":1,"featured_media":8956,"comment_status":"open","ping_status":"open","sticky":false,"template":"","format":"standard","meta":{"rop_custom_images_group":[],"rop_custom_messages_group":[],"rop_publish_now":"initial","rop_publish_now_accounts":[],"rop_publish_now_history":[],"rop_publish_now_status":"pending","footnotes":""},"categories":[192],"tags":[84,2869,75],"class_list":["post-8955","post","type-post","status-publish","format-standard","has-post-thumbnail","hentry","category-covid19","tag-covid-19","tag-dr-edilanio","tag-teofilo-otoni"],"_links":{"self":[{"href":"https:\/\/diariotribuna.com.br\/index.php?rest_route=\/wp\/v2\/posts\/8955"}],"collection":[{"href":"https:\/\/diariotribuna.com.br\/index.php?rest_route=\/wp\/v2\/posts"}],"about":[{"href":"https:\/\/diariotribuna.com.br\/index.php?rest_route=\/wp\/v2\/types\/post"}],"author":[{"embeddable":true,"href":"https:\/\/diariotribuna.com.br\/index.php?rest_route=\/wp\/v2\/users\/1"}],"replies":[{"embeddable":true,"href":"https:\/\/diariotribuna.com.br\/index.php?rest_route=%2Fwp%2Fv2%2Fcomments&post=8955"}],"version-history":[{"count":1,"href":"https:\/\/diariotribuna.com.br\/index.php?rest_route=\/wp\/v2\/posts\/8955\/revisions"}],"predecessor-version":[{"id":8957,"href":"https:\/\/diariotribuna.com.br\/index.php?rest_route=\/wp\/v2\/posts\/8955\/revisions\/8957"}],"wp:featuredmedia":[{"embeddable":true,"href":"https:\/\/diariotribuna.com.br\/index.php?rest_route=\/wp\/v2\/media\/8956"}],"wp:attachment":[{"href":"https:\/\/diariotribuna.com.br\/index.php?rest_route=%2Fwp%2Fv2%2Fmedia&parent=8955"}],"wp:term":[{"taxonomy":"category","embeddable":true,"href":"https:\/\/diariotribuna.com.br\/index.php?rest_route=%2Fwp%2Fv2%2Fcategories&post=8955"},{"taxonomy":"post_tag","embeddable":true,"href":"https:\/\/diariotribuna.com.br\/index.php?rest_route=%2Fwp%2Fv2%2Ftags&post=8955"}],"curies":[{"name":"wp","href":"https:\/\/api.w.org\/{rel}","templated":true}]}}