{"id":8958,"date":"2021-03-28T22:15:42","date_gmt":"2021-03-29T01:15:42","guid":{"rendered":"https:\/\/diariotribuna.com.br\/?p=8958"},"modified":"2021-03-28T22:15:44","modified_gmt":"2021-03-29T01:15:44","slug":"operacao-da-policia-militar-prende-foragido-da-justica-em-ladainha","status":"publish","type":"post","link":"https:\/\/diariotribuna.com.br\/?p=8958","title":{"rendered":"Opera\u00e7\u00e3o da Pol\u00edcia Militar prende foragido da justi\u00e7a em Ladainha"},"content":{"rendered":"\n<figure class=\"wp-block-image size-large is-resized\"><img loading=\"lazy\" decoding=\"async\" src=\"https:\/\/diariotribuna.com.br\/wp-content\/uploads\/2021\/03\/0f8ff954-588f-4eb2-8b0f-a5bb1a8cff55.jpg\" alt=\"\" class=\"wp-image-8959\" width=\"375\" height=\"352\" srcset=\"https:\/\/diariotribuna.com.br\/wp-content\/uploads\/2021\/03\/0f8ff954-588f-4eb2-8b0f-a5bb1a8cff55.jpg 700w, https:\/\/diariotribuna.com.br\/wp-content\/uploads\/2021\/03\/0f8ff954-588f-4eb2-8b0f-a5bb1a8cff55-300x282.jpg 300w, https:\/\/diariotribuna.com.br\/wp-content\/uploads\/2021\/03\/0f8ff954-588f-4eb2-8b0f-a5bb1a8cff55-696x653.jpg 696w, https:\/\/diariotribuna.com.br\/wp-content\/uploads\/2021\/03\/0f8ff954-588f-4eb2-8b0f-a5bb1a8cff55-447x420.jpg 447w\" sizes=\"(max-width: 375px) 100vw, 375px\" \/><\/figure>\n\n\n\n<p>Na ter\u00e7a-feira (23\/03), a Pol\u00edcia Militar deflagrou uma opera\u00e7\u00e3o na cidade de Ladainha, segundo a pol\u00edcia, em local de elevada incid\u00eancia criminal, e foi preso o indiv\u00edduo P.A.G., que estava na posse de dinheiro de origem duvidosa. Durante a abordagem foram localizadas pr\u00f3ximo a ele, 02 buchas de maconha.<\/p>\n\n\n\n<p>Durante dilig\u00eancias complementares, os militares constataram que o homem possu\u00eda um mandado de pris\u00e3o contra ele, que junto com os materiais aprendidos, foi encaminhado para a Delegacia Regional de Pol\u00edcia Civil de Te\u00f3filo Otoni para as provid\u00eancias de pol\u00edcia judici\u00e1ria. Equipe: Cabos Alcides Costa e Edimar. (Informa\u00e7\u00f5es\/Foto: Tenente Adeilton, comandante da Pol\u00edcia Militar em Malacacheta).<\/p>\n","protected":false},"excerpt":{"rendered":"<p>Na ter\u00e7a-feira (23\/03), a Pol\u00edcia Militar deflagrou uma opera\u00e7\u00e3o na cidade de Ladainha, segundo a pol\u00edcia, em local de elevada incid\u00eancia criminal, e foi preso o indiv\u00edduo P.A.G., que estava na posse de dinheiro de origem duvidosa. Durante a abordagem foram localizadas pr\u00f3ximo a ele, 02 buchas de maconha. Durante dilig\u00eancias complementares, os militares constataram [&hellip;]<\/p>\n","protected":false},"author":1,"featured_media":8959,"comment_status":"open","ping_status":"open","sticky":false,"template":"","format":"standard","meta":{"rop_custom_images_group":[],"rop_custom_messages_group":[],"rop_publish_now":"initial","rop_publish_now_accounts":[],"rop_publish_now_history":[],"rop_publish_now_status":"pending","footnotes":""},"categories":[20],"tags":[989,86,76],"class_list":["post-8958","post","type-post","status-publish","format-standard","has-post-thumbnail","hentry","category-policia","tag-foragido-da-justica","tag-ladainha","tag-policia-militar"],"_links":{"self":[{"href":"https:\/\/diariotribuna.com.br\/index.php?rest_route=\/wp\/v2\/posts\/8958"}],"collection":[{"href":"https:\/\/diariotribuna.com.br\/index.php?rest_route=\/wp\/v2\/posts"}],"about":[{"href":"https:\/\/diariotribuna.com.br\/index.php?rest_route=\/wp\/v2\/types\/post"}],"author":[{"embeddable":true,"href":"https:\/\/diariotribuna.com.br\/index.php?rest_route=\/wp\/v2\/users\/1"}],"replies":[{"embeddable":true,"href":"https:\/\/diariotribuna.com.br\/index.php?rest_route=%2Fwp%2Fv2%2Fcomments&post=8958"}],"version-history":[{"count":1,"href":"https:\/\/diariotribuna.com.br\/index.php?rest_route=\/wp\/v2\/posts\/8958\/revisions"}],"predecessor-version":[{"id":8960,"href":"https:\/\/diariotribuna.com.br\/index.php?rest_route=\/wp\/v2\/posts\/8958\/revisions\/8960"}],"wp:featuredmedia":[{"embeddable":true,"href":"https:\/\/diariotribuna.com.br\/index.php?rest_route=\/wp\/v2\/media\/8959"}],"wp:attachment":[{"href":"https:\/\/diariotribuna.com.br\/index.php?rest_route=%2Fwp%2Fv2%2Fmedia&parent=8958"}],"wp:term":[{"taxonomy":"category","embeddable":true,"href":"https:\/\/diariotribuna.com.br\/index.php?rest_route=%2Fwp%2Fv2%2Fcategories&post=8958"},{"taxonomy":"post_tag","embeddable":true,"href":"https:\/\/diariotribuna.com.br\/index.php?rest_route=%2Fwp%2Fv2%2Ftags&post=8958"}],"curies":[{"name":"wp","href":"https:\/\/api.w.org\/{rel}","templated":true}]}}