{"id":8961,"date":"2021-03-28T22:31:39","date_gmt":"2021-03-29T01:31:39","guid":{"rendered":"https:\/\/diariotribuna.com.br\/?p=8961"},"modified":"2021-03-28T22:31:41","modified_gmt":"2021-03-29T01:31:41","slug":"policia-civil-apura-furto-ocorrido-na-loja-ricardo-eletro-em-teofilo-otoni","status":"publish","type":"post","link":"https:\/\/diariotribuna.com.br\/?p=8961","title":{"rendered":"Pol\u00edcia Civil apura furto ocorrido na loja Ricardo Eletro em Te\u00f3filo Otoni"},"content":{"rendered":"\n<figure class=\"wp-block-image size-large is-resized\"><img loading=\"lazy\" decoding=\"async\" src=\"https:\/\/diariotribuna.com.br\/wp-content\/uploads\/2021\/03\/6f49c102-b311-4f7b-9dd0-a25d534043e9.jpg\" alt=\"\" class=\"wp-image-8962\" width=\"504\" height=\"282\" srcset=\"https:\/\/diariotribuna.com.br\/wp-content\/uploads\/2021\/03\/6f49c102-b311-4f7b-9dd0-a25d534043e9.jpg 700w, https:\/\/diariotribuna.com.br\/wp-content\/uploads\/2021\/03\/6f49c102-b311-4f7b-9dd0-a25d534043e9-300x168.jpg 300w, https:\/\/diariotribuna.com.br\/wp-content\/uploads\/2021\/03\/6f49c102-b311-4f7b-9dd0-a25d534043e9-696x390.jpg 696w\" sizes=\"(max-width: 504px) 100vw, 504px\" \/><\/figure>\n\n\n\n<p>A Pol\u00edcia Civil de Minas Gerais, por meio da Delegacia Especializada em Repress\u00e3o a Furtos e Roubos de Te\u00f3filo Otoni, concluiu investiga\u00e7\u00e3o que apurou um furto na Loja Ricardo Eletro. Segundo o delegado titular da pasta, dr. M\u00e1rcio Pereira, na noite dos fatos, tr\u00eas indiv\u00edduos ap\u00f3s arrombarem uma porta de a\u00e7o da loja, no centro de Te\u00f3filo Otoni, entraram no local e subtra\u00edram celulares e aparelhos de TV e som.<\/p>\n\n\n\n<p>\u201cEm seguida um deles fretou um taxista que observava a movimenta\u00e7\u00e3o, uma vez que estava parado num ponto na Pra\u00e7a Tiradentes defronte ao local dos fatos, e dali se dirigiram a uma \u201cboca de fumo\u201d no Bairro Novo Horizonte (Boiadeiro), onde entregam parte dos objetos furtados a um traficante e em troca receberam drogas e parte em dinheiro\u201d, explicou o dr. M\u00e1rcio Pereira.<\/p>\n\n\n\n<p>O delegado informa que dois celulares foram adquiridos por dois outros receptadores na Pra\u00e7a Tiradentes, tamb\u00e9m identificados pela investiga\u00e7\u00e3o. Os bens foram avaliados em R$ 15.300,00 e parte do material foi recuperado e restitu\u00eddo \u00e0 empresa v\u00edtima. \u201cCom base em levantamentos feitos pela equipe desta Delegacia Especializada, com arrimo em provas t\u00e9cnicas, an\u00e1lise de imagens, levantamento de vida pregressa, e outros elementos de prova, foram identificados os envolvidos na a\u00e7\u00e3o criminosa, bem como os receptadores dos objetos\u201d, disse.<\/p>\n\n\n\n<p>Ao final das investiga\u00e7\u00f5es a PC indiciou 07 pessoas, sendo 04 pelo crime de furto qualificado, e 03 pelo crime de recepta\u00e7\u00e3o, na forma simples e qualificada. O procedimento foi relatado com indiciamento formal de todos os envolvidos e ainda representa\u00e7\u00e3o por medidas cautelares, encaminhado \u00e0 justi\u00e7a para a devida responsabiliza\u00e7\u00e3o criminal de todos. <strong>Equipe policial: delegado<\/strong> dr. M\u00e1rcio Pereira. <strong>Investigadores<\/strong>: Andr\u00e9 Guedes, Fabr\u00edcio Tud\u00e9ia, Cl\u00e1udio Borges. <strong>Escriv\u00e3o:<\/strong> Gerson Lucas. <strong>Perito criminal:<\/strong> Willian Apolin\u00e1rio. (Informa\u00e7\u00f5es\/Foto: PCMG\/ Te\u00f3filo Otoni).<\/p>\n","protected":false},"excerpt":{"rendered":"<p>A Pol\u00edcia Civil de Minas Gerais, por meio da Delegacia Especializada em Repress\u00e3o a Furtos e Roubos de Te\u00f3filo Otoni, concluiu investiga\u00e7\u00e3o que apurou um furto na Loja Ricardo Eletro. Segundo o delegado titular da pasta, dr. M\u00e1rcio Pereira, na noite dos fatos, tr\u00eas indiv\u00edduos ap\u00f3s arrombarem uma porta de a\u00e7o da loja, no centro [&hellip;]<\/p>\n","protected":false},"author":1,"featured_media":8962,"comment_status":"open","ping_status":"open","sticky":false,"template":"","format":"standard","meta":{"rop_custom_images_group":[],"rop_custom_messages_group":[],"rop_publish_now":"initial","rop_publish_now_accounts":[],"rop_publish_now_history":[],"rop_publish_now_status":"pending","footnotes":""},"categories":[25,20],"tags":[986,292,434,75],"class_list":["post-8961","post","type-post","status-publish","format-standard","has-post-thumbnail","hentry","category-destaque","category-policia","tag-furto","tag-policia-civil","tag-ricardo-eletro","tag-teofilo-otoni"],"_links":{"self":[{"href":"https:\/\/diariotribuna.com.br\/index.php?rest_route=\/wp\/v2\/posts\/8961"}],"collection":[{"href":"https:\/\/diariotribuna.com.br\/index.php?rest_route=\/wp\/v2\/posts"}],"about":[{"href":"https:\/\/diariotribuna.com.br\/index.php?rest_route=\/wp\/v2\/types\/post"}],"author":[{"embeddable":true,"href":"https:\/\/diariotribuna.com.br\/index.php?rest_route=\/wp\/v2\/users\/1"}],"replies":[{"embeddable":true,"href":"https:\/\/diariotribuna.com.br\/index.php?rest_route=%2Fwp%2Fv2%2Fcomments&post=8961"}],"version-history":[{"count":1,"href":"https:\/\/diariotribuna.com.br\/index.php?rest_route=\/wp\/v2\/posts\/8961\/revisions"}],"predecessor-version":[{"id":8963,"href":"https:\/\/diariotribuna.com.br\/index.php?rest_route=\/wp\/v2\/posts\/8961\/revisions\/8963"}],"wp:featuredmedia":[{"embeddable":true,"href":"https:\/\/diariotribuna.com.br\/index.php?rest_route=\/wp\/v2\/media\/8962"}],"wp:attachment":[{"href":"https:\/\/diariotribuna.com.br\/index.php?rest_route=%2Fwp%2Fv2%2Fmedia&parent=8961"}],"wp:term":[{"taxonomy":"category","embeddable":true,"href":"https:\/\/diariotribuna.com.br\/index.php?rest_route=%2Fwp%2Fv2%2Fcategories&post=8961"},{"taxonomy":"post_tag","embeddable":true,"href":"https:\/\/diariotribuna.com.br\/index.php?rest_route=%2Fwp%2Fv2%2Ftags&post=8961"}],"curies":[{"name":"wp","href":"https:\/\/api.w.org\/{rel}","templated":true}]}}