{"id":8965,"date":"2021-03-28T22:40:48","date_gmt":"2021-03-29T01:40:48","guid":{"rendered":"https:\/\/diariotribuna.com.br\/?p=8965"},"modified":"2021-03-28T22:40:51","modified_gmt":"2021-03-29T01:40:51","slug":"como-fazer-denuncias-de-irregularidades-na-vacinacao","status":"publish","type":"post","link":"https:\/\/diariotribuna.com.br\/?p=8965","title":{"rendered":"Como fazer den\u00fancias de irregularidades na vacina\u00e7\u00e3o"},"content":{"rendered":"\n<figure class=\"wp-block-image size-large is-resized\"><img loading=\"lazy\" decoding=\"async\" src=\"https:\/\/diariotribuna.com.br\/wp-content\/uploads\/2021\/03\/unnamed-file-8.jpg\" alt=\"\" class=\"wp-image-8966\" width=\"525\" height=\"368\" srcset=\"https:\/\/diariotribuna.com.br\/wp-content\/uploads\/2021\/03\/unnamed-file-8.jpg 700w, https:\/\/diariotribuna.com.br\/wp-content\/uploads\/2021\/03\/unnamed-file-8-300x210.jpg 300w, https:\/\/diariotribuna.com.br\/wp-content\/uploads\/2021\/03\/unnamed-file-8-100x70.jpg 100w, https:\/\/diariotribuna.com.br\/wp-content\/uploads\/2021\/03\/unnamed-file-8-696x487.jpg 696w, https:\/\/diariotribuna.com.br\/wp-content\/uploads\/2021\/03\/unnamed-file-8-600x420.jpg 600w\" sizes=\"(max-width: 525px) 100vw, 525px\" \/><\/figure>\n\n\n\n<p><strong>Data de in\u00edcio:\u00a0<\/strong>19\u00a0de\u00a0Mar\u00e7o\u00a0de\u00a02021 \u00e0s 12:00\u00a0horas. <strong>Data de fim:\u00a0<\/strong>01\u00a0de\u00a0Dezembro\u00a0de\u00a02021 \u00e0s 00:00\u00a0horas.<\/p>\n\n\n\n<p>Extraviar insumos e vacinas ou furar a fila da vacina\u00e7\u00e3o pode configurar diversos tipos de crime, como abuso de autoridade, corrup\u00e7\u00e3o ativa ou passiva, peculato e concuss\u00e3o. \u00a0<strong>Confira o passo a passo para fazer den\u00fancias ao MPMG.<\/strong><\/p>\n\n\n\n<p><em><strong>O que denunciar:<\/strong><\/em><strong><\/strong><\/p>\n\n\n\n<p><em>&#8211; desrespeito \u00e0 ordem de prioridade da vacina\u00e7\u00e3o;<\/em><\/p>\n\n\n\n<p><em>&#8211; extravio de insumos (seringas, luvas, agulhas, etc);<\/em><\/p>\n\n\n\n<p><em>&#8211; extravio de vacinas.<\/em><\/p>\n\n\n\n<p><em><strong>Como denunciar:\u00a0<\/strong><\/em><\/p>\n\n\n\n<p>Relate o fato com todas as informa\u00e7\u00f5es que voc\u00ea tiver, como data, nomes dos envolvidos, local, irregularidade. Caso tenha, anexe ou apresente documentos, mensagens, v\u00eddeos, \u00e1udios ou fotos que comprovem o fato e auxiliem as investiga\u00e7\u00f5es.<\/p>\n\n\n\n<p><em><strong>Onde denunciar:<\/strong><\/em><strong><\/strong><\/p>\n\n\n\n<p>Ouvidoria do MPMG<\/p>\n\n\n\n<p>Pelo telefone 127 (liga\u00e7\u00e3o gratuita)<\/p>\n\n\n\n<p>Pelo<a href=\"https:\/\/www.mpmg.mp.br\/conheca-o-mpmg\/ouvidoria\/fale-conosco\/\">&nbsp;site do MPMG<\/a><\/p>\n\n\n\n<p>Pessoalmente em uma Promotoria de Justi\u00e7a (<a href=\"https:\/\/www.mpmg.mp.br\/enderecos-e-telefones\/\">veja aqui<\/a>&nbsp;os endere\u00e7os e telefones das Promotorias de Justi\u00e7a em Minas Gerais).<\/p>\n\n\n\n<p><strong>Minist\u00e9rio P\u00fablico de Minas Gerais<br>Superintend\u00eancia de Comunica\u00e7\u00e3o Integrada<br>Diretoria de Imprensa<\/strong><\/p>\n","protected":false},"excerpt":{"rendered":"<p>Data de in\u00edcio:\u00a019\u00a0de\u00a0Mar\u00e7o\u00a0de\u00a02021 \u00e0s 12:00\u00a0horas. Data de fim:\u00a001\u00a0de\u00a0Dezembro\u00a0de\u00a02021 \u00e0s 00:00\u00a0horas. Extraviar insumos e vacinas ou furar a fila da vacina\u00e7\u00e3o pode configurar diversos tipos de crime, como abuso de autoridade, corrup\u00e7\u00e3o ativa ou passiva, peculato e concuss\u00e3o. \u00a0Confira o passo a passo para fazer den\u00fancias ao MPMG. O que denunciar: &#8211; desrespeito \u00e0 ordem de [&hellip;]<\/p>\n","protected":false},"author":1,"featured_media":8966,"comment_status":"open","ping_status":"open","sticky":false,"template":"","format":"standard","meta":{"rop_custom_images_group":[],"rop_custom_messages_group":[],"rop_publish_now":"initial","rop_publish_now_accounts":[],"rop_publish_now_history":[],"rop_publish_now_status":"pending","footnotes":""},"categories":[192],"tags":[1331,2870,146,242],"class_list":["post-8965","post","type-post","status-publish","format-standard","has-post-thumbnail","hentry","category-covid19","tag-denuncia","tag-irregularidades","tag-mpmg","tag-vacinacao"],"_links":{"self":[{"href":"https:\/\/diariotribuna.com.br\/index.php?rest_route=\/wp\/v2\/posts\/8965"}],"collection":[{"href":"https:\/\/diariotribuna.com.br\/index.php?rest_route=\/wp\/v2\/posts"}],"about":[{"href":"https:\/\/diariotribuna.com.br\/index.php?rest_route=\/wp\/v2\/types\/post"}],"author":[{"embeddable":true,"href":"https:\/\/diariotribuna.com.br\/index.php?rest_route=\/wp\/v2\/users\/1"}],"replies":[{"embeddable":true,"href":"https:\/\/diariotribuna.com.br\/index.php?rest_route=%2Fwp%2Fv2%2Fcomments&post=8965"}],"version-history":[{"count":1,"href":"https:\/\/diariotribuna.com.br\/index.php?rest_route=\/wp\/v2\/posts\/8965\/revisions"}],"predecessor-version":[{"id":8967,"href":"https:\/\/diariotribuna.com.br\/index.php?rest_route=\/wp\/v2\/posts\/8965\/revisions\/8967"}],"wp:featuredmedia":[{"embeddable":true,"href":"https:\/\/diariotribuna.com.br\/index.php?rest_route=\/wp\/v2\/media\/8966"}],"wp:attachment":[{"href":"https:\/\/diariotribuna.com.br\/index.php?rest_route=%2Fwp%2Fv2%2Fmedia&parent=8965"}],"wp:term":[{"taxonomy":"category","embeddable":true,"href":"https:\/\/diariotribuna.com.br\/index.php?rest_route=%2Fwp%2Fv2%2Fcategories&post=8965"},{"taxonomy":"post_tag","embeddable":true,"href":"https:\/\/diariotribuna.com.br\/index.php?rest_route=%2Fwp%2Fv2%2Ftags&post=8965"}],"curies":[{"name":"wp","href":"https:\/\/api.w.org\/{rel}","templated":true}]}}