{"id":8975,"date":"2021-03-29T20:01:23","date_gmt":"2021-03-29T23:01:23","guid":{"rendered":"https:\/\/diariotribuna.com.br\/?p=8975"},"modified":"2021-03-31T08:29:37","modified_gmt":"2021-03-31T11:29:37","slug":"sessao-do-conselho-de-criminologia-e-politicas-criminais-de-minas-gerais","status":"publish","type":"post","link":"https:\/\/diariotribuna.com.br\/?p=8975","title":{"rendered":"Sess\u00e3o do Conselho de Criminologia e Pol\u00edticas Criminais de Minas Gerais"},"content":{"rendered":"\n<figure class=\"wp-block-image size-large is-resized\"><img loading=\"lazy\" decoding=\"async\" src=\"https:\/\/diariotribuna.com.br\/wp-content\/uploads\/2021\/03\/1-15.jpg\" alt=\"\" class=\"wp-image-8976\" width=\"632\" height=\"292\" srcset=\"https:\/\/diariotribuna.com.br\/wp-content\/uploads\/2021\/03\/1-15.jpg 700w, https:\/\/diariotribuna.com.br\/wp-content\/uploads\/2021\/03\/1-15-300x138.jpg 300w, https:\/\/diariotribuna.com.br\/wp-content\/uploads\/2021\/03\/1-15-696x323.jpg 696w\" sizes=\"(max-width: 632px) 100vw, 632px\" \/><\/figure>\n\n\n\n<p>Realizada nesta segunda-feira (29\/03\/21), \u00e0s 10 horas, a sess\u00e3o do Conselho de Criminologia e Pol\u00edticas Criminais de Minas Gerais. Nesta sess\u00e3o, realizada de forma virtual, foram definidas as comiss\u00f5es tem\u00e1ticas de pol\u00edtica criminal de seguran\u00e7a p\u00fablica, pol\u00edtica criminal de execu\u00e7\u00e3o penal, e tamb\u00e9m foram programados os eventos, os semin\u00e1rios, a revista e as atividades legislativas.<\/p>\n\n\n\n<p>No mesmo evento tamb\u00e9m aconteceu a posse do novo conselheiro, dr. Paulo C\u00e9sar de Freitas, perante o Egr\u00e9gio Conselho, cuja leitura do Termo de Posse foi feita pelo Secret\u00e1rio Adjunto de Justi\u00e7a e Seguran\u00e7a P\u00fablica de Minas Gerais (SEJUSP\/MG), dr. Jeferson Botelho. O Conselho \u00e9 presidido pelo Desembargador, dr. Marcos Henrique Cadeira Brant.<\/p>\n\n\n\n<figure class=\"wp-block-image size-large is-resized\"><img loading=\"lazy\" decoding=\"async\" src=\"https:\/\/diariotribuna.com.br\/wp-content\/uploads\/2021\/03\/dd99c569-32a6-4ea8-a6f4-902213f59dd3.jpg\" alt=\"\" class=\"wp-image-8977\" width=\"623\" height=\"273\" srcset=\"https:\/\/diariotribuna.com.br\/wp-content\/uploads\/2021\/03\/dd99c569-32a6-4ea8-a6f4-902213f59dd3.jpg 700w, https:\/\/diariotribuna.com.br\/wp-content\/uploads\/2021\/03\/dd99c569-32a6-4ea8-a6f4-902213f59dd3-300x132.jpg 300w, https:\/\/diariotribuna.com.br\/wp-content\/uploads\/2021\/03\/dd99c569-32a6-4ea8-a6f4-902213f59dd3-696x305.jpg 696w\" sizes=\"(max-width: 623px) 100vw, 623px\" \/><\/figure>\n","protected":false},"excerpt":{"rendered":"<p>Realizada nesta segunda-feira (29\/03\/21), \u00e0s 10 horas, a sess\u00e3o do Conselho de Criminologia e Pol\u00edticas Criminais de Minas Gerais. Nesta sess\u00e3o, realizada de forma virtual, foram definidas as comiss\u00f5es tem\u00e1ticas de pol\u00edtica criminal de seguran\u00e7a p\u00fablica, pol\u00edtica criminal de execu\u00e7\u00e3o penal, e tamb\u00e9m foram programados os eventos, os semin\u00e1rios, a revista e as atividades legislativas. [&hellip;]<\/p>\n","protected":false},"author":1,"featured_media":8976,"comment_status":"open","ping_status":"open","sticky":false,"template":"","format":"standard","meta":{"rop_custom_images_group":[],"rop_custom_messages_group":[],"rop_publish_now":"initial","rop_publish_now_accounts":[],"rop_publish_now_history":[],"rop_publish_now_status":"pending","footnotes":""},"categories":[19],"tags":[2653,371,2874],"class_list":["post-8975","post","type-post","status-publish","format-standard","has-post-thumbnail","hentry","category-gerais","tag-conselho-estadual-de-criminologia-e-politica-criminal-de-minas-gerais","tag-posse","tag-sessao-virtual"],"_links":{"self":[{"href":"https:\/\/diariotribuna.com.br\/index.php?rest_route=\/wp\/v2\/posts\/8975"}],"collection":[{"href":"https:\/\/diariotribuna.com.br\/index.php?rest_route=\/wp\/v2\/posts"}],"about":[{"href":"https:\/\/diariotribuna.com.br\/index.php?rest_route=\/wp\/v2\/types\/post"}],"author":[{"embeddable":true,"href":"https:\/\/diariotribuna.com.br\/index.php?rest_route=\/wp\/v2\/users\/1"}],"replies":[{"embeddable":true,"href":"https:\/\/diariotribuna.com.br\/index.php?rest_route=%2Fwp%2Fv2%2Fcomments&post=8975"}],"version-history":[{"count":1,"href":"https:\/\/diariotribuna.com.br\/index.php?rest_route=\/wp\/v2\/posts\/8975\/revisions"}],"predecessor-version":[{"id":8978,"href":"https:\/\/diariotribuna.com.br\/index.php?rest_route=\/wp\/v2\/posts\/8975\/revisions\/8978"}],"wp:featuredmedia":[{"embeddable":true,"href":"https:\/\/diariotribuna.com.br\/index.php?rest_route=\/wp\/v2\/media\/8976"}],"wp:attachment":[{"href":"https:\/\/diariotribuna.com.br\/index.php?rest_route=%2Fwp%2Fv2%2Fmedia&parent=8975"}],"wp:term":[{"taxonomy":"category","embeddable":true,"href":"https:\/\/diariotribuna.com.br\/index.php?rest_route=%2Fwp%2Fv2%2Fcategories&post=8975"},{"taxonomy":"post_tag","embeddable":true,"href":"https:\/\/diariotribuna.com.br\/index.php?rest_route=%2Fwp%2Fv2%2Ftags&post=8975"}],"curies":[{"name":"wp","href":"https:\/\/api.w.org\/{rel}","templated":true}]}}