{"id":8979,"date":"2021-03-29T23:38:21","date_gmt":"2021-03-30T02:38:21","guid":{"rendered":"https:\/\/diariotribuna.com.br\/?p=8979"},"modified":"2021-04-05T11:51:24","modified_gmt":"2021-04-05T14:51:24","slug":"policia-militar-rodoviaria-lanca-a-operacao-semana-santa-no-periodo-28-03-a-04-04","status":"publish","type":"post","link":"https:\/\/diariotribuna.com.br\/?p=8979","title":{"rendered":"Pol\u00edcia Militar Rodovi\u00e1ria lan\u00e7a a \u201cOpera\u00e7\u00e3o Semana Santa\u201d no per\u00edodo 28\/03 a 04\/04"},"content":{"rendered":"\n<figure class=\"wp-block-image size-large is-resized\"><img loading=\"lazy\" decoding=\"async\" src=\"https:\/\/diariotribuna.com.br\/wp-content\/uploads\/2021\/03\/6cba9d88-b6d1-401e-b975-ca83d5a0311b.jpg\" alt=\"\" class=\"wp-image-8980\" width=\"563\" height=\"337\" srcset=\"https:\/\/diariotribuna.com.br\/wp-content\/uploads\/2021\/03\/6cba9d88-b6d1-401e-b975-ca83d5a0311b.jpg 800w, https:\/\/diariotribuna.com.br\/wp-content\/uploads\/2021\/03\/6cba9d88-b6d1-401e-b975-ca83d5a0311b-300x180.jpg 300w, https:\/\/diariotribuna.com.br\/wp-content\/uploads\/2021\/03\/6cba9d88-b6d1-401e-b975-ca83d5a0311b-768x461.jpg 768w, https:\/\/diariotribuna.com.br\/wp-content\/uploads\/2021\/03\/6cba9d88-b6d1-401e-b975-ca83d5a0311b-696x418.jpg 696w, https:\/\/diariotribuna.com.br\/wp-content\/uploads\/2021\/03\/6cba9d88-b6d1-401e-b975-ca83d5a0311b-700x420.jpg 700w\" sizes=\"(max-width: 563px) 100vw, 563px\" \/><\/figure>\n\n\n\n<p>O governador do Estado de Minas Gerais instituiu a Onda Roxa do programa Minas Consciente em todo o estado, adotando medidas de conten\u00e7\u00e3o \u00e0 Covid-19. Apesar das medidas o feriado da Semana Santa deve ser mantido, com a realiza\u00e7\u00e3o dos eventos religiosos em menor propor\u00e7\u00e3o. Muitas fam\u00edlias devem viajar para as praias ou visitarem familiares e amigos.<\/p>\n\n\n\n<p>O comandante do 1\u00ba Pelot\u00e3o da 15\u00aa Cia Pol\u00edcia Militar Rodovi\u00e1ria, tenente Reinaldo Martins, informa que est\u00e1 sendo lan\u00e7ado todo o efetivo policial nas rodovias, inclusive os militares do servi\u00e7o administrativo, no per\u00edodo de 28\/03 a 04\/04, visando a manuten\u00e7\u00e3o da seguran\u00e7a vi\u00e1ria, preservando a ordem p\u00fablica, afastando a presen\u00e7a de criminosos, evitando acidentes e apoiando os demais \u00f3rg\u00e3os p\u00fablicos e privados caso seja necess\u00e1rio.<\/p>\n\n\n\n<p>\u201cAcreditamos que as estradas estar\u00e3o com menor movimento e alguns motoristas costumam aproveitar para imprimir maior velocidade. Tal comportamento pode causar trag\u00e9dias com ferimentos graves e mortes dos entes queridos. As nossas rodovias s\u00e3o estreitas, sinuosas e com pouco acostamento, caracter\u00edsticas incompat\u00edveis com excesso de velocidade\u201d, disse.<\/p>\n\n\n\n<p>O comandante destaca que visando coibir infra\u00e7\u00f5es graves ser\u00e3o realizadas opera\u00e7\u00f5es Lei Seca nas rodovias para impedir condutores embriagados, com foco principal na MGC 418 (Te\u00f3filo Otoni a Bahia) e na BR 367 (corta o Vale do Jequitinhonha), devido as duas estradas apresentarem grande fluxo nos feriados.<\/p>\n\n\n\n<p><strong>Ele relembra v\u00e1rios aspectos importantes para os viajantes, como<\/strong>:<\/p>\n\n\n\n<p><strong>1)<\/strong> O primeiro passo \u00e9 a revis\u00e3o\/manuten\u00e7\u00e3o dos ve\u00edculos dando aten\u00e7\u00e3o especial ao sistema de funcionamento, suspens\u00e3o, pneus e parte el\u00e9trica, para evitar que as fam\u00edlias fiquem a p\u00e9 e em dificuldades nas estradas.<\/p>\n\n\n\n<p><strong>2)<\/strong> Em seguida observem o licenciamento do ve\u00edculo, que deve ser no m\u00ednimo ano 2020. Muitos propriet\u00e1rios realizaram o pagamento da documenta\u00e7\u00e3o anos 2020 e 2021, mas o ve\u00edculos ainda n\u00e3o foram devidamente licenciados. Antes da viagem acessem o site do DETRAN e confirmem a situa\u00e7\u00e3o do autom\u00f3vel. \u201cCaso seja abordado na fiscaliza\u00e7\u00e3o, mesmo se apresentar os comprovantes do pagamento, sem o licenciamento ano 2020 o carro ser\u00e1 removido e esta n\u00e3o \u00e9 a nossa inten\u00e7\u00e3o\u201d, disse.<\/p>\n\n\n\n<p><strong>3)<\/strong> O pr\u00f3ximo passo \u00e9 o planejamento da viagem com previs\u00e3o de intervalos para lanches leves e descanso. Nas dist\u00e2ncias mais long\u00ednquas \u00e9 vi\u00e1vel dormir na rede hoteleira ou casa de familiares, descansar e no dia seguinte continuar o deslocamento.<\/p>\n\n\n\n<p><strong>4)<\/strong> Durante a viagem respeite os limites de velocidade, n\u00e3o ultrapasse em locais proibidos, use o cinto de seguran\u00e7a, n\u00e3o consuma bebida alco\u00f3lica e mantenha a dist\u00e2ncia de seguran\u00e7a do ve\u00edculo da frente.<\/p>\n\n\n\n<p>\u201cAl\u00e9m das recomenda\u00e7\u00f5es para um tr\u00e2nsito seguro, destacamos as medidas sanit\u00e1rias de preven\u00e7\u00e3o \u00e0 Covid-19, utilizando \u00e1lcool em gel e m\u00e1scara, e nas paradas em estabelecimentos comerciais e hot\u00e9is, mantenham a dist\u00e2ncia segura. O objetivo \u00e9 n\u00e3o levar contamina\u00e7\u00e3o \u00e0s outras cidades e estados, bem como n\u00e3o trazer para Minas Gerais\u201d, alertou.<\/p>\n\n\n\n<p>O tenente Reinaldo ressalta que as orienta\u00e7\u00f5es s\u00e3o para as fam\u00edlias permaneceram em casa, mas para aquelas que realmente pretendem viajar, a Pol\u00edcia Militar Rodovi\u00e1ria renova o convite para um trabalho conjunto. A Pol\u00edcia com as a\u00e7\u00f5es\/opera\u00e7\u00f5es, a imprensa apoiando na divulga\u00e7\u00e3o das orienta\u00e7\u00f5es e os motoristas dirigindo com prud\u00eancia e responsabilidade. Ele alerta que o sistema de sa\u00fade necessita de muitos recursos log\u00edsticos e humanos para combater a pandemia e as v\u00edtimas de acidentes aumentam o fluxo de pessoas nos hospitais. Evitando acidentes a popula\u00e7\u00e3o ajudar\u00e1 as institui\u00e7\u00f5es e os profissionais de sa\u00fade neste momento t\u00e3o dif\u00edcil.<\/p>\n\n\n\n<p>\u201cA Pol\u00edcia trabalha ininterruptamente para proteger e apoiar a sociedade, assim como a imprensa que permanece ativa durante a pandemia com informa\u00e7\u00f5es verdadeiras, produzindo seguran\u00e7a e a paz para as pessoas. Mas muita gente pode permanecer em casa e para alguns \u00e9 um privil\u00e9gio. Sendo poss\u00edvel deixem a viagem para outra ocasi\u00e3o quando a pandemia cessar. No momento devemos utilizar a empatia e preservamos a nossa sa\u00fade e a do pr\u00f3ximo. Juntos venceremos essa batalha e no futuro retornaremos a vida normal com as viagens nos grandes feriados\u201d.<\/p>\n\n\n\n<figure class=\"wp-block-gallery columns-2 is-cropped wp-block-gallery-1 is-layout-flex wp-block-gallery-is-layout-flex\"><ul class=\"blocks-gallery-grid\"><li class=\"blocks-gallery-item\"><figure><img loading=\"lazy\" decoding=\"async\" width=\"650\" height=\"428\" src=\"https:\/\/diariotribuna.com.br\/wp-content\/uploads\/2021\/03\/303f1648-ab7c-47eb-baac-2fc6cfa1fe56.jpg\" alt=\"\" data-id=\"8981\" data-full-url=\"https:\/\/diariotribuna.com.br\/wp-content\/uploads\/2021\/03\/303f1648-ab7c-47eb-baac-2fc6cfa1fe56.jpg\" data-link=\"https:\/\/diariotribuna.com.br\/?attachment_id=8981\" class=\"wp-image-8981\" srcset=\"https:\/\/diariotribuna.com.br\/wp-content\/uploads\/2021\/03\/303f1648-ab7c-47eb-baac-2fc6cfa1fe56.jpg 650w, https:\/\/diariotribuna.com.br\/wp-content\/uploads\/2021\/03\/303f1648-ab7c-47eb-baac-2fc6cfa1fe56-300x198.jpg 300w, https:\/\/diariotribuna.com.br\/wp-content\/uploads\/2021\/03\/303f1648-ab7c-47eb-baac-2fc6cfa1fe56-638x420.jpg 638w\" sizes=\"(max-width: 650px) 100vw, 650px\" \/><\/figure><\/li><li class=\"blocks-gallery-item\"><figure><img loading=\"lazy\" decoding=\"async\" width=\"600\" height=\"433\" src=\"https:\/\/diariotribuna.com.br\/wp-content\/uploads\/2021\/03\/3-10.jpg\" alt=\"\" data-id=\"8982\" data-full-url=\"https:\/\/diariotribuna.com.br\/wp-content\/uploads\/2021\/03\/3-10.jpg\" data-link=\"https:\/\/diariotribuna.com.br\/?attachment_id=8982\" class=\"wp-image-8982\" srcset=\"https:\/\/diariotribuna.com.br\/wp-content\/uploads\/2021\/03\/3-10.jpg 600w, https:\/\/diariotribuna.com.br\/wp-content\/uploads\/2021\/03\/3-10-300x217.jpg 300w, https:\/\/diariotribuna.com.br\/wp-content\/uploads\/2021\/03\/3-10-324x235.jpg 324w, https:\/\/diariotribuna.com.br\/wp-content\/uploads\/2021\/03\/3-10-582x420.jpg 582w\" sizes=\"(max-width: 600px) 100vw, 600px\" \/><\/figure><\/li><\/ul><\/figure>\n\n\n\n<h4 class=\"wp-block-heading\"><strong>\u201cPol\u00edcia Militar Rodovi\u00e1ria: Os anjos da guarda dos caminhos de Minas\u201d<\/strong><\/h4>\n","protected":false},"excerpt":{"rendered":"<p>O governador do Estado de Minas Gerais instituiu a Onda Roxa do programa Minas Consciente em todo o estado, adotando medidas de conten\u00e7\u00e3o \u00e0 Covid-19. Apesar das medidas o feriado da Semana Santa deve ser mantido, com a realiza\u00e7\u00e3o dos eventos religiosos em menor propor\u00e7\u00e3o. Muitas fam\u00edlias devem viajar para as praias ou visitarem familiares [&hellip;]<\/p>\n","protected":false},"author":1,"featured_media":8980,"comment_status":"open","ping_status":"open","sticky":false,"template":"","format":"standard","meta":{"rop_custom_images_group":[],"rop_custom_messages_group":[],"rop_publish_now":"initial","rop_publish_now_accounts":[],"rop_publish_now_history":[],"rop_publish_now_status":"pending","footnotes":""},"categories":[18],"tags":[1281,2875,1030,75],"class_list":["post-8979","post","type-post","status-publish","format-standard","has-post-thumbnail","hentry","category-regiao","tag-1281","tag-operacao-semana-santa","tag-policia-militar-rodoviaria","tag-teofilo-otoni"],"_links":{"self":[{"href":"https:\/\/diariotribuna.com.br\/index.php?rest_route=\/wp\/v2\/posts\/8979"}],"collection":[{"href":"https:\/\/diariotribuna.com.br\/index.php?rest_route=\/wp\/v2\/posts"}],"about":[{"href":"https:\/\/diariotribuna.com.br\/index.php?rest_route=\/wp\/v2\/types\/post"}],"author":[{"embeddable":true,"href":"https:\/\/diariotribuna.com.br\/index.php?rest_route=\/wp\/v2\/users\/1"}],"replies":[{"embeddable":true,"href":"https:\/\/diariotribuna.com.br\/index.php?rest_route=%2Fwp%2Fv2%2Fcomments&post=8979"}],"version-history":[{"count":2,"href":"https:\/\/diariotribuna.com.br\/index.php?rest_route=\/wp\/v2\/posts\/8979\/revisions"}],"predecessor-version":[{"id":8984,"href":"https:\/\/diariotribuna.com.br\/index.php?rest_route=\/wp\/v2\/posts\/8979\/revisions\/8984"}],"wp:featuredmedia":[{"embeddable":true,"href":"https:\/\/diariotribuna.com.br\/index.php?rest_route=\/wp\/v2\/media\/8980"}],"wp:attachment":[{"href":"https:\/\/diariotribuna.com.br\/index.php?rest_route=%2Fwp%2Fv2%2Fmedia&parent=8979"}],"wp:term":[{"taxonomy":"category","embeddable":true,"href":"https:\/\/diariotribuna.com.br\/index.php?rest_route=%2Fwp%2Fv2%2Fcategories&post=8979"},{"taxonomy":"post_tag","embeddable":true,"href":"https:\/\/diariotribuna.com.br\/index.php?rest_route=%2Fwp%2Fv2%2Ftags&post=8979"}],"curies":[{"name":"wp","href":"https:\/\/api.w.org\/{rel}","templated":true}]}}