{"id":8991,"date":"2021-03-30T09:27:17","date_gmt":"2021-03-30T12:27:17","guid":{"rendered":"https:\/\/diariotribuna.com.br\/?p=8991"},"modified":"2021-03-31T10:01:25","modified_gmt":"2021-03-31T13:01:25","slug":"diario-tribuna-30-de-marco-2021-teofilo-otoni-mg","status":"publish","type":"post","link":"https:\/\/diariotribuna.com.br\/?p=8991","title":{"rendered":"Di\u00e1rio Tribuna, 30 de Mar\u00e7o 2021, Te\u00f3filo Otoni &#8211; MG"},"content":{"rendered":"\n<figure class=\"wp-block-image size-large is-resized\"><img loading=\"lazy\" decoding=\"async\" src=\"https:\/\/diariotribuna.com.br\/wp-content\/uploads\/2021\/03\/09477176-ba32-4d09-8cf0-c6e8ca9afd14.jpg\" alt=\"\" class=\"wp-image-8993\" width=\"447\" height=\"628\" srcset=\"https:\/\/diariotribuna.com.br\/wp-content\/uploads\/2021\/03\/09477176-ba32-4d09-8cf0-c6e8ca9afd14.jpg 700w, https:\/\/diariotribuna.com.br\/wp-content\/uploads\/2021\/03\/09477176-ba32-4d09-8cf0-c6e8ca9afd14-214x300.jpg 214w, https:\/\/diariotribuna.com.br\/wp-content\/uploads\/2021\/03\/09477176-ba32-4d09-8cf0-c6e8ca9afd14-696x977.jpg 696w, https:\/\/diariotribuna.com.br\/wp-content\/uploads\/2021\/03\/09477176-ba32-4d09-8cf0-c6e8ca9afd14-299x420.jpg 299w\" sizes=\"(max-width: 447px) 100vw, 447px\" \/><\/figure>\n\n\n\n<p><strong><strong>Acesse o link abaixo e veja a edi\u00e7\u00e3o completa do Di\u00e1rio Tribuna desta Ter\u00e7a-feira (30\/03\/2021)<\/strong><\/strong><\/p>\n\n\n\n<h3 class=\"wp-block-heading\"><a href=\"https:\/\/diariotribuna.com.br\/wp-content\/uploads\/2021\/03\/DIARIO-TRIBUNA-51-ANOS-30-MARCO-2021.pdf\"><strong><span class=\"has-inline-color has-vivid-red-color\">https:\/\/diariotribuna.com.br\/wp-content\/uploads\/2021\/03\/DIARIO-TRIBUNA-51-ANOS-30-MARCO-2021.pdf<\/span><\/strong><\/a><\/h3>\n","protected":false},"excerpt":{"rendered":"<p>Acesse o link abaixo e veja a edi\u00e7\u00e3o completa do Di\u00e1rio Tribuna desta Ter\u00e7a-feira (30\/03\/2021) https:\/\/diariotribuna.com.br\/wp-content\/uploads\/2021\/03\/DIARIO-TRIBUNA-51-ANOS-30-MARCO-2021.pdf<\/p>\n","protected":false},"author":1,"featured_media":8993,"comment_status":"open","ping_status":"open","sticky":false,"template":"","format":"standard","meta":{"rop_custom_images_group":[],"rop_custom_messages_group":[],"rop_publish_now":"initial","rop_publish_now_accounts":[],"rop_publish_now_history":[],"rop_publish_now_status":"pending","footnotes":""},"categories":[17,23],"tags":[2877,42,1010,75,867],"class_list":["post-8991","post","type-post","status-publish","format-standard","has-post-thumbnail","hentry","category-teofilootoni","category-ultimaedicao","tag-30-3-21","tag-diario-tribuna","tag-nordeste-mineiro","tag-teofilo-otoni","tag-vale-do-mucuri"],"_links":{"self":[{"href":"https:\/\/diariotribuna.com.br\/index.php?rest_route=\/wp\/v2\/posts\/8991"}],"collection":[{"href":"https:\/\/diariotribuna.com.br\/index.php?rest_route=\/wp\/v2\/posts"}],"about":[{"href":"https:\/\/diariotribuna.com.br\/index.php?rest_route=\/wp\/v2\/types\/post"}],"author":[{"embeddable":true,"href":"https:\/\/diariotribuna.com.br\/index.php?rest_route=\/wp\/v2\/users\/1"}],"replies":[{"embeddable":true,"href":"https:\/\/diariotribuna.com.br\/index.php?rest_route=%2Fwp%2Fv2%2Fcomments&post=8991"}],"version-history":[{"count":2,"href":"https:\/\/diariotribuna.com.br\/index.php?rest_route=\/wp\/v2\/posts\/8991\/revisions"}],"predecessor-version":[{"id":8995,"href":"https:\/\/diariotribuna.com.br\/index.php?rest_route=\/wp\/v2\/posts\/8991\/revisions\/8995"}],"wp:featuredmedia":[{"embeddable":true,"href":"https:\/\/diariotribuna.com.br\/index.php?rest_route=\/wp\/v2\/media\/8993"}],"wp:attachment":[{"href":"https:\/\/diariotribuna.com.br\/index.php?rest_route=%2Fwp%2Fv2%2Fmedia&parent=8991"}],"wp:term":[{"taxonomy":"category","embeddable":true,"href":"https:\/\/diariotribuna.com.br\/index.php?rest_route=%2Fwp%2Fv2%2Fcategories&post=8991"},{"taxonomy":"post_tag","embeddable":true,"href":"https:\/\/diariotribuna.com.br\/index.php?rest_route=%2Fwp%2Fv2%2Ftags&post=8991"}],"curies":[{"name":"wp","href":"https:\/\/api.w.org\/{rel}","templated":true}]}}