{"id":8997,"date":"2021-03-31T08:29:40","date_gmt":"2021-03-31T11:29:40","guid":{"rendered":"https:\/\/diariotribuna.com.br\/?p=8997"},"modified":"2021-04-02T15:33:12","modified_gmt":"2021-04-02T18:33:12","slug":"comissao-oab-jovem-da-28a-subsecao-da-oab-realiza-campanha-de-doacao-de-sangue","status":"publish","type":"post","link":"https:\/\/diariotribuna.com.br\/?p=8997","title":{"rendered":"Comiss\u00e3o OAB Jovem da 28\u00aa Subse\u00e7\u00e3o da OAB realiza campanha de doa\u00e7\u00e3o de sangue"},"content":{"rendered":"\n<figure class=\"wp-block-image size-large is-resized\"><img loading=\"lazy\" decoding=\"async\" src=\"https:\/\/diariotribuna.com.br\/wp-content\/uploads\/2021\/03\/57a1a164-61ac-4cc9-882f-d7b8edf6f882.jpg\" alt=\"\" class=\"wp-image-8998\" width=\"614\" height=\"338\" srcset=\"https:\/\/diariotribuna.com.br\/wp-content\/uploads\/2021\/03\/57a1a164-61ac-4cc9-882f-d7b8edf6f882.jpg 700w, https:\/\/diariotribuna.com.br\/wp-content\/uploads\/2021\/03\/57a1a164-61ac-4cc9-882f-d7b8edf6f882-300x165.jpg 300w, https:\/\/diariotribuna.com.br\/wp-content\/uploads\/2021\/03\/57a1a164-61ac-4cc9-882f-d7b8edf6f882-696x383.jpg 696w\" sizes=\"(max-width: 614px) 100vw, 614px\" \/><\/figure>\n\n\n\n<p>A 28\u00aa Subse\u00e7\u00e3o da OAB\/MG de Te\u00f3filo Otoni, atrav\u00e9s da Comiss\u00e3o OAB Jovem, est\u00e1 realizando uma campanha de doa\u00e7\u00e3o de sangue para ajudar a abastecer o banco de sangue do Hospital Santa Ros\u00e1lia. O presidente da Comiss\u00e3o, dr. Rodrigo Caldeira, disse que a ideia da campanha foi levada \u00e0 diretoria da Comiss\u00e3o da OAB Jovem pelo advogado, dr. Lucas Maciel e, de imediato, abra\u00e7ada por toda equipe e pela presidente da 28\u00aa Subse\u00e7\u00e3o da OAB, dra. Maria Beatriz Cunha Cicci Neves.<\/p>\n\n\n\n<figure class=\"wp-block-image size-large is-resized\"><img loading=\"lazy\" decoding=\"async\" src=\"https:\/\/diariotribuna.com.br\/wp-content\/uploads\/2021\/03\/Presidente-da-Comissao-OAB-Jovem-da-28a-Subsecao-da-OAB-dr.-Rodrigo-Caldeira.jpg\" alt=\"\" class=\"wp-image-9000\" width=\"383\" height=\"401\" srcset=\"https:\/\/diariotribuna.com.br\/wp-content\/uploads\/2021\/03\/Presidente-da-Comissao-OAB-Jovem-da-28a-Subsecao-da-OAB-dr.-Rodrigo-Caldeira.jpg 700w, https:\/\/diariotribuna.com.br\/wp-content\/uploads\/2021\/03\/Presidente-da-Comissao-OAB-Jovem-da-28a-Subsecao-da-OAB-dr.-Rodrigo-Caldeira-287x300.jpg 287w, https:\/\/diariotribuna.com.br\/wp-content\/uploads\/2021\/03\/Presidente-da-Comissao-OAB-Jovem-da-28a-Subsecao-da-OAB-dr.-Rodrigo-Caldeira-696x728.jpg 696w, https:\/\/diariotribuna.com.br\/wp-content\/uploads\/2021\/03\/Presidente-da-Comissao-OAB-Jovem-da-28a-Subsecao-da-OAB-dr.-Rodrigo-Caldeira-402x420.jpg 402w\" sizes=\"(max-width: 383px) 100vw, 383px\" \/><figcaption><strong>Presidente da Comiss\u00e3o OAB Jovem da 28\u00aa<\/strong><br><strong>Subse\u00e7\u00e3o<\/strong> <strong>da OAB, dr. Rodrigo Caldeira<\/strong><\/figcaption><\/figure>\n\n\n\n<p>\u201cEnt\u00e3o articulamos um grupo de doadores para iniciar a campanha, fizemos contato com Patr\u00edcia Gusm\u00e3o de Matos, enfermeira triagista do N\u00facleo de Hemoterapia do Hospital Santa Ros\u00e1lia, que nos deu todo apoio institucional e, a partir da\u00ed, come\u00e7amos uma grande divulga\u00e7\u00e3o nas redes sociais da 28\u00aa Subse\u00e7\u00e3o da OAB e nos grupos de whatsApp dos advogados da nossa regi\u00e3o\u201d, disse dr. Rodrigo.<\/p>\n\n\n\n<p>Para o presidente da Comiss\u00e3o, \u201csaber que esse pequeno gesto salva tantas vidas me traz um sentimento de gratid\u00e3o a Deus pela minha sa\u00fade e um dever de solidariedade para com as pessoas que passam pela dura experi\u00eancia de se encontrarem entre a vida e a morte num leito hospitalar\u201d. Na verdade, segundo ele, \u201ca doa\u00e7\u00e3o \u00e9 uma via de m\u00e3o dupla, pois ao doar tamb\u00e9m somos recompensados com uma paz de esp\u00edrito que s\u00f3 experimentamos quando fazemos o bem de forma verdadeiramente gratuita\u201d.<\/p>\n\n\n\n<p><strong>Ades\u00e3o &#8211;<\/strong> Ele destaca que a campanha tem tido uma \u00f3tima ades\u00e3o por parte n\u00e3o s\u00f3 dos advogados, mas tamb\u00e9m de seus amigos e familiares, pois \u00e9 uma campanha para toda nossa sociedade. Mas \u00e9 importante frisar que o banco de sangue se encontra com estoques baix\u00edssimos em todos os tipos sangu\u00edneos e que a demanda por doa\u00e7\u00f5es \u00e9 constante e tem sido crescente, especialmente em virtude da pandemia da Covid-19 que, al\u00e9m de aumentar as interna\u00e7\u00f5es, intimidou os doadores de comparecerem ao hemocentro.<\/p>\n\n\n\n<p>Segundo informa\u00e7\u00f5es da enfermeira Patr\u00edcia Gusm\u00e3o de Matos, s\u00e3o necess\u00e1rias, no m\u00ednimo, 20 doa\u00e7\u00f5es por dia apenas para manter os estoques. \u201cPor isso, fica o convite a todos os leitores do jornal Di\u00e1rio Tribuna para praticarem esse gesto de solidariedade agendando sua doa\u00e7\u00e3o atrav\u00e9s do telefone (33) 3529-1618. Doar sangue \u00e9 seguro, \u00e9 r\u00e1pido, n\u00e3o d\u00f3i e far\u00e1 toda diferen\u00e7a para algu\u00e9m que depende de voc\u00ea para sobreviver\u201d, pontuou o dr. Rodrigo Caldeira.<\/p>\n\n\n\n<figure class=\"wp-block-image size-large is-resized\"><img loading=\"lazy\" decoding=\"async\" src=\"https:\/\/diariotribuna.com.br\/wp-content\/uploads\/2021\/03\/Comissao-OAB-Jovem-da-28a-Subsecao-da-OAB-MG-Teofilo-Otoni.jpg\" alt=\"\" class=\"wp-image-8999\" width=\"551\" height=\"388\" srcset=\"https:\/\/diariotribuna.com.br\/wp-content\/uploads\/2021\/03\/Comissao-OAB-Jovem-da-28a-Subsecao-da-OAB-MG-Teofilo-Otoni.jpg 700w, https:\/\/diariotribuna.com.br\/wp-content\/uploads\/2021\/03\/Comissao-OAB-Jovem-da-28a-Subsecao-da-OAB-MG-Teofilo-Otoni-300x211.jpg 300w, https:\/\/diariotribuna.com.br\/wp-content\/uploads\/2021\/03\/Comissao-OAB-Jovem-da-28a-Subsecao-da-OAB-MG-Teofilo-Otoni-100x70.jpg 100w, https:\/\/diariotribuna.com.br\/wp-content\/uploads\/2021\/03\/Comissao-OAB-Jovem-da-28a-Subsecao-da-OAB-MG-Teofilo-Otoni-696x490.jpg 696w, https:\/\/diariotribuna.com.br\/wp-content\/uploads\/2021\/03\/Comissao-OAB-Jovem-da-28a-Subsecao-da-OAB-MG-Teofilo-Otoni-596x420.jpg 596w\" sizes=\"(max-width: 551px) 100vw, 551px\" \/><figcaption><strong>Comiss\u00e3o OAB Jovem da<strong> 28\u00aa<\/strong><\/strong> <strong>Subse\u00e7\u00e3o da OAB MG &#8211; Te\u00f3filo Otoni<\/strong><\/figcaption><\/figure>\n\n\n\n<p><strong>A Comiss\u00e3o da OAB Jovem da 28\u00aa Subse\u00e7\u00e3o da OAB\/MG \u00e9 composta pelos advogados:<\/strong> Ianny Lameiras, Jo\u00e3o Henrique Antunes, Kenedy Esteves, Lorena Colares, Lucas Maciel, Luiza Blanc, Nordelian Tigre, Raquel Macedo e pelo presidente Rodrigo Caldeira.<\/p>\n\n\n\n<p><strong>Quem pode ou n\u00e3o doar sangue?<\/strong> O primeiro requisito para doar \u00e9 a pessoa estar bem de sa\u00fade, descansada, alimentada e tendo dormido no m\u00ednimo seis horas na \u00faltima noite. N\u00e3o pode doar sangue quem fumou a menos de duas horas, quem consumiu bebida alco\u00f3lica a menos de 12 horas, quem est\u00e1 fazendo algum tratamento de sa\u00fade. A pessoa pode doar qualquer tipo sangu\u00edneo, pois sempre tem quem precise. Cada doa\u00e7\u00e3o pode salvar at\u00e9 tr\u00eas vidas.<\/p>\n","protected":false},"excerpt":{"rendered":"<p>A 28\u00aa Subse\u00e7\u00e3o da OAB\/MG de Te\u00f3filo Otoni, atrav\u00e9s da Comiss\u00e3o OAB Jovem, est\u00e1 realizando uma campanha de doa\u00e7\u00e3o de sangue para ajudar a abastecer o banco de sangue do Hospital Santa Ros\u00e1lia. O presidente da Comiss\u00e3o, dr. Rodrigo Caldeira, disse que a ideia da campanha foi levada \u00e0 diretoria da Comiss\u00e3o da OAB Jovem [&hellip;]<\/p>\n","protected":false},"author":1,"featured_media":8998,"comment_status":"open","ping_status":"open","sticky":false,"template":"","format":"standard","meta":{"rop_custom_images_group":[],"rop_custom_messages_group":[],"rop_publish_now":"initial","rop_publish_now_accounts":[],"rop_publish_now_history":[],"rop_publish_now_status":"pending","footnotes":""},"categories":[17],"tags":[1281,536,39,1590,75],"class_list":["post-8997","post","type-post","status-publish","format-standard","has-post-thumbnail","hentry","category-teofilootoni","tag-1281","tag-28a-subsecao-da-oab-mg","tag-campanha","tag-doacao-de-sangue","tag-teofilo-otoni"],"_links":{"self":[{"href":"https:\/\/diariotribuna.com.br\/index.php?rest_route=\/wp\/v2\/posts\/8997"}],"collection":[{"href":"https:\/\/diariotribuna.com.br\/index.php?rest_route=\/wp\/v2\/posts"}],"about":[{"href":"https:\/\/diariotribuna.com.br\/index.php?rest_route=\/wp\/v2\/types\/post"}],"author":[{"embeddable":true,"href":"https:\/\/diariotribuna.com.br\/index.php?rest_route=\/wp\/v2\/users\/1"}],"replies":[{"embeddable":true,"href":"https:\/\/diariotribuna.com.br\/index.php?rest_route=%2Fwp%2Fv2%2Fcomments&post=8997"}],"version-history":[{"count":2,"href":"https:\/\/diariotribuna.com.br\/index.php?rest_route=\/wp\/v2\/posts\/8997\/revisions"}],"predecessor-version":[{"id":9002,"href":"https:\/\/diariotribuna.com.br\/index.php?rest_route=\/wp\/v2\/posts\/8997\/revisions\/9002"}],"wp:featuredmedia":[{"embeddable":true,"href":"https:\/\/diariotribuna.com.br\/index.php?rest_route=\/wp\/v2\/media\/8998"}],"wp:attachment":[{"href":"https:\/\/diariotribuna.com.br\/index.php?rest_route=%2Fwp%2Fv2%2Fmedia&parent=8997"}],"wp:term":[{"taxonomy":"category","embeddable":true,"href":"https:\/\/diariotribuna.com.br\/index.php?rest_route=%2Fwp%2Fv2%2Fcategories&post=8997"},{"taxonomy":"post_tag","embeddable":true,"href":"https:\/\/diariotribuna.com.br\/index.php?rest_route=%2Fwp%2Fv2%2Ftags&post=8997"}],"curies":[{"name":"wp","href":"https:\/\/api.w.org\/{rel}","templated":true}]}}