{"id":9007,"date":"2021-03-31T11:58:52","date_gmt":"2021-03-31T14:58:52","guid":{"rendered":"https:\/\/diariotribuna.com.br\/?p=9007"},"modified":"2021-03-31T12:00:24","modified_gmt":"2021-03-31T15:00:24","slug":"sesc-24-de-maio-traz-agenda-cultural-de-abril-2021-com-programacoes-para-curtir-em-casa","status":"publish","type":"post","link":"https:\/\/diariotribuna.com.br\/?p=9007","title":{"rendered":"Sesc 24 de Maio traz agenda cultural de abril 2021 com programa\u00e7\u00f5es para curtir em casa"},"content":{"rendered":"\n<h4 class=\"wp-block-heading\">Oficina virtual de\u00a0Dan\u00e7a, contemplando a saia e seus movimentos, bate-papos com especialistas em\u00a0sa\u00fade e bem-estar,\u00a0acessibilidade, encontros virtuais sobre\u00a0m\u00fasica experimental\u00a0e debates sobre cinema no\u00a0Festival \u00c9 Tudo Verdade\u00a0s\u00e3o algumas das atra\u00e7\u00f5es do Sesc 24 de Maio nas redes sociais\u00a0<a rel=\"noreferrer noopener\" href=\"http:\/\/www.instagram.com\/sesc24demaio\" target=\"_blank\">instagram<\/a>,\u00a0<a rel=\"noreferrer noopener\" href=\"http:\/\/www.facebook.com\/sesc24demaio\" target=\"_blank\">facebook<\/a>\u00a0e no canal de\u00a0<a rel=\"noreferrer noopener\" href=\"http:\/\/www.youtube.com\/sesc24demaiovideos\" target=\"_blank\">youtube<\/a><\/h4>\n\n\n\n<figure class=\"wp-block-image size-large is-resized\"><img loading=\"lazy\" decoding=\"async\" src=\"https:\/\/diariotribuna.com.br\/wp-content\/uploads\/2021\/03\/unnamed-5.jpg\" alt=\"\" class=\"wp-image-9008\" width=\"527\" height=\"496\" srcset=\"https:\/\/diariotribuna.com.br\/wp-content\/uploads\/2021\/03\/unnamed-5.jpg 600w, https:\/\/diariotribuna.com.br\/wp-content\/uploads\/2021\/03\/unnamed-5-300x283.jpg 300w, https:\/\/diariotribuna.com.br\/wp-content\/uploads\/2021\/03\/unnamed-5-446x420.jpg 446w\" sizes=\"(max-width: 527px) 100vw, 527px\" \/><figcaption><strong><strong>Na imagem:\u00a0<\/strong>Musicista Rosa Couto \u2013 Bate-papo ao vivo<\/strong><br><strong>sobre M\u00fasica Experimental\u00a0|<strong>\u00a0Cr\u00e9ditos:\u00a0<\/strong>Isabella Lyra<\/strong><\/figcaption><\/figure>\n\n\n\n<p><strong>M\u00daSICA<\/strong>: <strong>Bate-papos ao vivo &#8211; M\u00fasica Fora da Curva<\/strong><\/p>\n\n\n\n<p>Em cinco encontros virtuais, os m\u00fasicos e pesquisadores&nbsp;<em>Edbrass Brasil e Lilian Campesato<\/em>&nbsp;(08\/04),&nbsp;<em>Rog\u00e9rio Costa e Vin\u00edcius Mendes (<\/em>09\/04),&nbsp;<em>Janette Al Haouli e Paola Ribeiro<\/em>&nbsp;(15\/04),&nbsp;<em>Rosa Couto e Marco Scarassatti<\/em>&nbsp;(16\/04),&nbsp;<em>Felipe Juli\u00e1n (Craca) e Juci Reis<\/em>&nbsp;(22\/04) conversam com o p\u00fablico sobre a&nbsp;<strong>m\u00fasica experimental<\/strong>, g\u00eanero que se destaca no s\u00e9culo 21 pela sua diversidade sonora, com instrumentos m\u00faltiplos, que podem abranger tanto o estilo cl\u00e1ssico, quanto o eletr\u00f4nico em uma mesma composi\u00e7\u00e3o, tra\u00e7ando um paralelo entre seus significados culturais e simb\u00f3licos, al\u00e9m de suas articula\u00e7\u00f5es \u00e9ticas e est\u00e9ticas. A media\u00e7\u00e3o \u00e9 do produtor cultural e arte-educador, R\u00f4mulo Alexis. O p\u00fablico poder\u00e1 interagir com os convidados no chat do canal do youtube, ou nos coment\u00e1rios do facebook do Sesc 24 de Maio<\/p>\n\n\n\n<p><strong>Data: 08 a 22\/04, quintas e sextas.<\/strong><\/p>\n\n\n\n<p><strong>Hor\u00e1rio: das 19h30 \u00e0s 20h30.<\/strong><\/p>\n\n\n\n<p><strong>Local: No Youtube e Facebook do Sesc 24 de Maio.<\/strong><\/p>\n\n\n\n<p><strong>Classifica\u00e7\u00e3o: 16 anos.<\/strong><\/p>\n\n\n\n<p><strong>Gratuito.<\/strong><\/p>\n\n\n\n<p><strong>CINEMA<\/strong>: <strong>26\u00ba FESTIVAL DE FILMES E DOCUMENT\u00c1RIOS \u00c9 TUDO VERDADE 2021<\/strong><\/p>\n\n\n\n<p>Com realiza\u00e7\u00e3o do Ita\u00fa Cultural, SP Cine e Sesc S\u00e3o Paulo, online e gratuito, o festival de filmes e document\u00e1rios,&nbsp;<em>\u00c9 Tudo Verdade,<\/em>&nbsp;acontece nas plataformas de streaming, de 8 a 18 de abril. A sele\u00e7\u00e3o conta com 69 t\u00edtulos de 23 pa\u00edses e bate-papos com diretores, atores, atrizes e cr\u00edticos de cinema. Confira a sele\u00e7\u00e3o de t\u00edtulos em competi\u00e7\u00e3o no site oficial:&nbsp;<em><u><a href=\"http:\/\/www.etudoverdade.com.br\/\" target=\"_blank\" rel=\"noreferrer noopener\">www.etudoverdade.com.br<\/a><\/u><\/em>&nbsp;e a programa\u00e7\u00e3o de entrevistas e debates no canal de youtube do Sesc 24 de Maio:<\/p>\n\n\n\n<p><strong>Master Class &#8211; com Ruy Guerra<\/strong><\/p>\n\n\n\n<p>O realizador de cinema, dramaturgo, poeta e professor, nascido em Mo\u00e7ambique conta sua trajet\u00f3ria cinematogr\u00e1fica em entrevista conduzida pelo historiador de cinema&nbsp;<strong><em>Adilson Mendes<\/em><\/strong>&nbsp;e pelo cineasta&nbsp;<strong><em>Diogo Oliveira<\/em><\/strong>.<\/p>\n\n\n\n<p><strong>11\/04, domingo, \u00e0s 11h. No Youtube do Sesc 24 de Maio. Livre. Gratuito<\/strong><\/p>\n\n\n\n<p><strong>Debates online &#8211; \u00c9 Tudo Verdade<\/strong>: \u00c9 Tudo Verdade apresenta debates di\u00e1rios com os curta-metragistas brasileiros em competi\u00e7\u00e3o. Sempre \u00e0s 11h, com media\u00e7\u00e3o da jornalista Ana Paula Sousa e da Doutora em Cinema Patr\u00edcia Rebello, ambas do comit\u00ea de sele\u00e7\u00e3o do Festival \u00c9 Tudo Verdade.<\/p>\n\n\n\n<p><strong>14 a 16\/04, quarta a sexta, \u00e0s 11h. No Youtube do Sesc 24 de Maio. Livre. Gratuito.<\/strong><\/p>\n\n\n\n<p><strong>DAN\u00c7A<\/strong>: <strong>Oficina online &#8211; Saiar &#8211; com Andrea Soares<\/strong><\/p>\n\n\n\n<p>Saiar \u00e9 uma oficina de dan\u00e7a contempor\u00e2neo-brasileira centrada na explora\u00e7\u00e3o da saia como ferramenta expressiva. Partindo da educa\u00e7\u00e3o som\u00e1tica, a oficina tra\u00e7a um percurso de (re)descobertas sobre o corpo em movimento, sobre as m\u00faltiplas possibilidades simb\u00f3licas para a saia e sobre as heran\u00e7as culturais presentes nas dan\u00e7as tradicionais brasileiras. Os encontros acontecem aos s\u00e1bados, em plataforma virtual zoom, em que a professora de dan\u00e7a Andrea Soares motiva as\/os alunas\/os a praticarem a dan\u00e7a atrav\u00e9s do saiar. &nbsp;<\/p>\n\n\n\n<p>Sobre\u00a0<strong>Andrea Soares<\/strong>\u00a0&#8211; Mestre pelo Programa Interunidades em Est\u00e9tica e Hist\u00f3ria da Arte da USP, graduou-se em Licenciatura em Artes C\u00eanicas pela ECA\/USP. \u00c9 eutonista profissional, formada pelo N\u00facleo Berta Vishnivetz (SP) e foi presidenta da Associa\u00e7\u00e3o Brasileira de Eutonia entre 2015 e 2019. Artista do espet\u00e1culo, trafega pela dan\u00e7a, m\u00fasica, performance e teatro, al\u00e9m de ser educadora em Dan\u00e7a e Teatro, focada em projetos sociais, e pesquisadora das culturas tradicionais brasileiras.<\/p>\n\n\n\n<p><strong>Per\u00edodo da oficina: 24\/04 a 29\/05, s\u00e1bados.<\/strong><\/p>\n\n\n\n<p><strong>Hor\u00e1rio: das 10h30 \u00e0s 12h30.<\/strong><\/p>\n\n\n\n<p><strong>Inscri\u00e7\u00f5es em&nbsp;<u><a href=\"http:\/\/inscricoes.sescsp.org.br\/\" target=\"_blank\" rel=\"noreferrer noopener\">inscricoes.sescsp.org.br<\/a><\/u>&nbsp;a partir de 16\/04.<\/strong><\/p>\n\n\n\n<p><strong>Local: Plataforma zoom.<\/strong><\/p>\n\n\n\n<p><strong>Vagas limitadas<\/strong><\/p>\n\n\n\n<p><strong>Classifica\u00e7\u00e3o: 16 anos.<\/strong><\/p>\n\n\n\n<p><strong>Gratuito.<\/strong><\/p>\n\n\n\n<p><strong>SA\u00daDE E BEM-ESTAR<\/strong>: <strong>Bate-papo ao vivo &#8211; Como evitar o esgotamento no trabalho? &#8211; com Izabella Camargo<\/strong><\/p>\n\n\n\n<p>Este bate papo prop\u00f5e a reflex\u00e3o sobre o fen\u00f4meno ocupacional relacionado ao excesso de estresse por longos per\u00edodos, principalmente ap\u00f3s mais de um ano de pandemia, em que o trabalho remoto se divide com os afazeres dom\u00e9sticos. O p\u00fablico poder\u00e1 interagir, atrav\u00e9s do chat do youtube, com a jornalista, autora do&nbsp;<em>best seller<\/em>&nbsp;\u201cD\u00e1 um tempo!\u201d&nbsp;<strong>Izabella Camargo<\/strong>. A media\u00e7\u00e3o \u00e9 do educador e jornalista Daniel Cunha.<\/p>\n\n\n\n<p>Sobre&nbsp;<strong>Izabella Camargo<\/strong>&nbsp;&#8211; &nbsp;jornalista com foco em produtividade sustent\u00e1vel e autocuidado para o bem-estar da mente, autora do Best Seller &#8220;D\u00e1 um tempo!&#8221; Como encontrar limite em um mundo sem limites, apresenta o Jornal Primeira Hora na R\u00e1dio Bandeirantes em 90,9FM, com transmiss\u00e3o ao vivo pelo YouTube. Criou o Unha Talks, programa de entrevistas com mulheres que s\u00e3o refer\u00eancia em diversas \u00e1reas, apresenta edi\u00e7\u00f5es semanais no canal Izabella Camargo no YouTube. Trabalhou como rep\u00f3rter e apresentadora na TV GLOBO, BAND E SBT.<\/p>\n\n\n\n<p>Sobre&nbsp;<strong>Daniel Cunha<\/strong>&nbsp;&#8211; professor certificado do programa&nbsp;<em>Cultivating Emotional Balance<\/em>, do&nbsp;<em>Santa Barbara Institute for Consciousness.<\/em>&nbsp;Jornalista formado pela Universidade Metodista de S\u00e3o Paulo, atua desde 2010 com produ\u00e7\u00e3o de textos e v\u00eddeos em ve\u00edculos especializados na \u00e1rea da sa\u00fade e medicina integrativa. \u00c9 um dos produtores e idealizadores do Podcast Coemerg\u00eancia.<\/p>\n\n\n\n<p><strong>Data: 13\/04, ter\u00e7a.<\/strong><\/p>\n\n\n\n<p><strong>Hor\u00e1rio: das 19h \u00e0s 20h.<\/strong><\/p>\n\n\n\n<p><strong>Local: No Youtube do Sesc 24 de Maio.<\/strong><\/p>\n\n\n\n<p><strong>Classifica\u00e7\u00e3o: 16 anos.<\/strong><\/p>\n\n\n\n<p><strong>Gratuito.<\/strong><\/p>\n\n\n\n<p><strong>Do cinema ao esporte: das telas para a pr\u00e1tica \u2013 com Ana Zimmermann e Enrico Spaggiari<\/strong><\/p>\n\n\n\n<p>Este bate-papo, transmitido pelo instagram do Sesc 24 de Maio (16\/04), ir\u00e1 explorar a rela\u00e7\u00e3o entre os fen\u00f4menos socioculturais esporte e cinema, e como a frui\u00e7\u00e3o dos g\u00eaneros cinematogr\u00e1ficos produzem, ou podem produzir, motiva\u00e7\u00e3o para a pr\u00e1tica esportiva.&nbsp;Assistir a filmes, s\u00e9ries e document\u00e1rios \u00e9 uma das pr\u00e1ticas de lazer mais comuns dos brasileiros, gra\u00e7as \u00e0 popularidade de plataformas de streaming, cada vez mais acess\u00edveis. Esta reflex\u00e3o ganha grande import\u00e2ncia no contexto de isolamento social, momento em que os h\u00e1bitos de consumo e lazer voltados aos servi\u00e7os de streaming aumentam exponencialmente, trazendo tamb\u00e9m est\u00edmulos para a pr\u00e1tica esportiva. Com a professora Doutora em Educa\u00e7\u00e3o&nbsp;<strong>Ana Zimmermann<\/strong>&nbsp;e o Doutor em Antropologia&nbsp;<strong>Enrico Spaggiari<\/strong>.&nbsp; Este bate-papo ser\u00e1 realizado pelo Instagram do Sesc 24 de Maio e o p\u00fablico poder\u00e1 interagir com os convidados atrav\u00e9s dos coment\u00e1rios.<\/p>\n\n\n\n<p>Sobre&nbsp;<strong>Ana Cristina Zimmermann&nbsp;<\/strong>&#8211; Doutora em Educa\u00e7\u00e3o pela USFC (2010). Trabalha com Ensino Superior em Educa\u00e7\u00e3o F\u00edsica, com \u00eanfase em Educa\u00e7\u00e3o F\u00edsica Escolar e dimens\u00f5es socioculturais e filos\u00f3ficas do movimentar-se. Atualmente \u00e9 professora na Escola de Educa\u00e7\u00e3o F\u00edsica e Esporte da Universidade de S\u00e3o Paulo. Atuou na coordena\u00e7\u00e3o do curso de Licenciatura em Educa\u00e7\u00e3o F\u00edsica entre 2016 e 2019. Integrante do&nbsp;<em>Ad Hoc Advisory Committee on the Safeguarding and Promotion of Traditional Sports and Games<\/em>, da UNESCO.<\/p>\n\n\n\n<p>Sobre<strong>&nbsp;Enrico Spaggiari&nbsp;<\/strong>&#8211; Doutor em Antropologia Social pela Universidade de S\u00e3o Paulo. Membro do GEAC-USP (Grupo de Estudos de Antropologia da Cidade), do LabNAU-USP (Laborat\u00f3rio do N\u00facleo de Antropologia Urbana) e do LUDENS-USP (N\u00facleo Interdisciplinar de Estudos Sobre Futebol e Modalidades L\u00fadicas), com experi\u00eancia na \u00e1rea de Antropologia, \u00eanfase em Antropologia Urbana e Antropologia do Esporte, atuando principalmente nos seguintes temas: esporte, juventude, futebol, periferias, cidade, lazer, m\u00e9todo etnogr\u00e1fico e novas perspectivas metodol\u00f3gicas.<\/p>\n\n\n\n<p><strong>Data: 16\/04, sexta.<\/strong><\/p>\n\n\n\n<p><strong>Hor\u00e1rio: das 19h30 \u00e0s 20h30.<\/strong><\/p>\n\n\n\n<p><strong>Local: no Instagram do Sesc 24 de Maio.&nbsp;<\/strong><\/p>\n\n\n\n<p><strong>Classifica\u00e7\u00e3o: 16 anos.<\/strong><\/p>\n\n\n\n<p><strong>Gratuito.<\/strong><\/p>\n\n\n\n<p><strong>A\u00c7\u00d5ES PARA CIDADANIA<\/strong>: <strong>Webs\u00e9rie &#8211; Homens e os Sin\u00f4nimos de Cuidado<\/strong><\/p>\n\n\n\n<p>Esta webs\u00e9rie em quatro epis\u00f3dios traz alguns relatos de homens, pais e cuidadores que durante a pandemia vivenciam intensamente a experi\u00eancia do cuidado com seus filhos e filhas na primeira inf\u00e2ncia e como isso se relaciona com a cidade de S\u00e3o Paulo, suas barreiras, desafios e concretudes. Com Jo\u00e3o Canola, Pedro Mattoso, Renato Moriconi e Jean Manuel.<\/p>\n\n\n\n<p><strong>Data: 22\/04 a 13\/05, quintas.<\/strong><\/p>\n\n\n\n<p><strong>Hor\u00e1rio: \u00e0s 15h.<\/strong><\/p>\n\n\n\n<p><strong>Local: No Instagram e Youtube do Sesc 24 de Maio.<\/strong><\/p>\n\n\n\n<p><strong>Classifica\u00e7\u00e3o: 16 anos.<\/strong><\/p>\n\n\n\n<p><strong>Gratuito.<\/strong><\/p>\n\n\n\n<p><strong>Encontros virtuais: Pensar a cidade: qual acessibilidade? &#8211; Media\u00e7\u00e3o de Daina Leyton<\/strong><\/p>\n\n\n\n<p>S\u00e9rie de quatro encontros virtuais inspirados na exposi\u00e7\u00e3o Infinito V\u00e3o: 90 anos de Arquitetura Brasileira, em cartaz no Sesc 24 de Maio, em que debateremos sobre o direito \u00e0 cidade e a acessibilidade. Do direito de ir e vir ao direito de sonhar e reinventar uma cidade para todas as pessoas. Confira os dias e hor\u00e1rios para cada encontro. Necess\u00e1rio realizar inscri\u00e7\u00e3o em&nbsp;<strong><a href=\"http:\/\/inscricoes.sescsp.org.br\/\" target=\"_blank\" rel=\"noreferrer noopener\">inscricoes.sescsp.org.br<\/a><\/strong>&nbsp;na semana anterior a cada um dos encontros.&nbsp;<em>Com audiodescri\u00e7\u00e3o e tradu\u00e7\u00e3o em libras.<\/em><\/p>\n\n\n\n<p><strong>A cidade, a arte, o ver e o n\u00e3o-ver &#8211; Com Rog\u00e9rio Rat\u00e3o<\/strong><\/p>\n\n\n\n<p><strong>Per\u00edodo:<\/strong>&nbsp;13\/04\/21, ter\u00e7a<br><strong>Hor\u00e1rio:&nbsp;<\/strong>das 19h \u00e0s 21h<br><strong>Local:<\/strong>&nbsp;Plataforma Teams<br><strong>Vagas limitadas<\/strong><br><strong>Classifica\u00e7\u00e3o:<\/strong>&nbsp;16 anos<\/p>\n\n\n\n<p><strong>Culturas surdas e a cidade &#8211; Com Alexandre Ohkawa<\/strong><br><strong>Per\u00edodo:&nbsp;<\/strong>20\/04\/21, ter\u00e7a<br><strong>Hor\u00e1rio:<\/strong>&nbsp;das 19h \u00e0s 21h<br><strong>Local:&nbsp;<\/strong>Plataforma Teams<br><strong>Vagas limitadas<\/strong><br><strong>Classifica\u00e7\u00e3o:&nbsp;<\/strong>16 anos<\/p>\n\n\n\n<p><strong>Autonomia e o direito de ir e vir da pessoa com Transtorno do Espectro Autista &#8211; Com Adriana Godoy<\/strong><br><strong>Per\u00edodo:<\/strong>\u00a027\/04\/21, ter\u00e7a<br><strong>Hor\u00e1rio:<\/strong>\u00a0das 19h \u00e0s 21h<br><strong>Local:\u00a0<\/strong>Plataforma Teams<br><strong>Vagas limitadas<\/strong><br><strong>Classifica\u00e7\u00e3o:\u00a0<\/strong>16 anos<\/p>\n\n\n\n<p><strong>Interven\u00e7\u00f5es urbanas por um territ\u00f3rio acess\u00edvel &#8211; Com Billy Saga<\/strong><br><strong>Per\u00edodo:<\/strong>\u00a004\/05\/21, ter\u00e7a<br><strong>Hor\u00e1rio:<\/strong>\u00a0das 19h \u00e0s 21h<br><strong>Local:<\/strong>\u00a0Plataforma Teams<br><strong>Vagas limitadas<\/strong><br><strong>Classifica\u00e7\u00e3o:<\/strong>\u00a016 anos<\/p>\n\n\n\n<p><strong>ARTES VISUAIS<\/strong><\/p>\n\n\n\n<p><strong>PROGRAMA\u00c7\u00c3O EDUCATIVA INTEGRADA \u00c0 EXPOSI\u00c7\u00c3O INFINITO V\u00c3O: 90 ANOS DE ARQUITETURA BRASILEIRA \u2013 em cartaz no Sesc 24 de Maio em parceria com a Casa da Arquitectura de Portugal<\/strong><\/p>\n\n\n\n<p><strong>Bate-papo ao vivo &#8211; Ciclo de Debates &#8211;&nbsp;com Coletivos de Arquitetura: Ocupar | Patrim\u00f4nio Vivo<\/strong><\/p>\n\n\n\n<p>Como parte da programa\u00e7\u00e3o educativa da Exposi\u00e7\u00e3o Infinito V\u00e3o, o Ciclo de Debates, com encontros virtuais no formato de transmiss\u00f5es ao vivo, acontecem uma vez por m\u00eas, at\u00e9 junho de 2021, com os temas:&nbsp;<em>Brincar, Regenera\u00e7\u00e3o, Identidade, Patrim\u00f4nio Vivo, Pr\u00e1xis&nbsp;<\/em>e&nbsp;<em>Incorpora\u00e7\u00e3o<\/em>. Cada encontro conta com a presen\u00e7a de duas ou dois convidadas\/os que atuam em coletivos de arquitetura, ou como agentes culturais que dialogam e constituem territ\u00f3rios em diferentes cidades ao redor do pa\u00eds, majoritariamente nas periferias, ou em centros urbanos junto a grupos sociais.<\/p>\n\n\n\n<p>Neste bate-papo, o p\u00fablico online \u00e9 convidado a dialogar com representantes de Coletivos no campo da educa\u00e7\u00e3o sobre o apropriar e criar valor: a ressignifica\u00e7\u00e3o e ativa\u00e7\u00e3o de espa\u00e7os abandonados a partir da programa\u00e7\u00e3o cultural. Interven\u00e7\u00f5es espaciais pontuais e, por vezes, ef\u00eameras, que dialogam com o patrim\u00f4nio material, recriando usos e adicionando novas camadas simb\u00f3licas a zonas hist\u00f3ricas. Com Thelma Vilasboas, da Escola Por Vir \/RJ e Pedro Alban, da Mouraria 53 \/ BA.<\/p>\n\n\n\n<p><strong>Data: 14\/04, quarta.<\/strong><\/p>\n\n\n\n<p><strong>Hor\u00e1rio: \u00e0s 19h.<\/strong><\/p>\n\n\n\n<p><strong>No Youtube e Facebook do Sesc 24 de Maio.<\/strong><\/p>\n\n\n\n<p><strong>Classifica\u00e7\u00e3o: 16 anos.<\/strong><\/p>\n\n\n\n<p><strong>Gratuito.<\/strong><br><em>Confira a programa\u00e7\u00e3o integrada completa da\u00a0<strong>Exposi\u00e7\u00e3o Infinito V\u00e3o: 90 anos de Arquitetura Brasileira<\/strong><\/em>\u00a0<a rel=\"noreferrer noopener\" href=\"https:\/\/www.sescsp.org.br\/online\/artigo\/15141_MOSTRA+INFINITO+VAO+CONTA+COM+PROGRAMACAO+INTEGRADA+ONLINE\" target=\"_blank\">clicando aqui.<\/a><\/p>\n\n\n\n<p><strong>ACOMPANHE NOSSAS REDES<\/strong><\/p>\n\n\n\n<p><strong>Instagram:&nbsp;<\/strong><a href=\"http:\/\/instagram.com\/sesc24demaio\" target=\"_blank\" rel=\"noreferrer noopener\">instagram.com\/sesc24demaio<\/a><\/p>\n\n\n\n<p><strong>Facebook:&nbsp;<\/strong><a href=\"http:\/\/facebook.com\/sesc24demaio\" target=\"_blank\" rel=\"noreferrer noopener\">facebook.com\/sesc24demaio<\/a><\/p>\n\n\n\n<p><strong>Youtube:<\/strong>&nbsp;<a href=\"http:\/\/youtube.com\/sesc24demaiovideos\" target=\"_blank\" rel=\"noreferrer noopener\">youtube.com\/sesc24demaiovideos<\/a><\/p>\n\n\n\n<p><strong>Twitter:&nbsp;<\/strong><a href=\"http:\/\/twitter.com\/sesc24demaio\" target=\"_blank\" rel=\"noreferrer noopener\">twitter.com\/sesc24demaio<\/a><\/p>\n\n\n\n<p><\/p>\n","protected":false},"excerpt":{"rendered":"<p>Oficina virtual de\u00a0Dan\u00e7a, contemplando a saia e seus movimentos, bate-papos com especialistas em\u00a0sa\u00fade e bem-estar,\u00a0acessibilidade, encontros virtuais sobre\u00a0m\u00fasica experimental\u00a0e debates sobre cinema no\u00a0Festival \u00c9 Tudo Verdade\u00a0s\u00e3o algumas das atra\u00e7\u00f5es do Sesc 24 de Maio nas redes sociais\u00a0instagram,\u00a0facebook\u00a0e no canal de\u00a0youtube M\u00daSICA: Bate-papos ao vivo &#8211; M\u00fasica Fora da Curva Em cinco encontros virtuais, os m\u00fasicos [&hellip;]<\/p>\n","protected":false},"author":1,"featured_media":9008,"comment_status":"open","ping_status":"open","sticky":false,"template":"","format":"standard","meta":{"rop_custom_images_group":[],"rop_custom_messages_group":[],"rop_publish_now":"initial","rop_publish_now_accounts":[],"rop_publish_now_history":[],"rop_publish_now_status":"pending","footnotes":""},"categories":[19],"tags":[2880,2881,2623,2847,2879],"class_list":["post-9007","post","type-post","status-publish","format-standard","has-post-thumbnail","hentry","category-gerais","tag-24-de-maio","tag-abril-2021","tag-agenda-cultural","tag-curtir-em-casa","tag-sesc"],"_links":{"self":[{"href":"https:\/\/diariotribuna.com.br\/index.php?rest_route=\/wp\/v2\/posts\/9007"}],"collection":[{"href":"https:\/\/diariotribuna.com.br\/index.php?rest_route=\/wp\/v2\/posts"}],"about":[{"href":"https:\/\/diariotribuna.com.br\/index.php?rest_route=\/wp\/v2\/types\/post"}],"author":[{"embeddable":true,"href":"https:\/\/diariotribuna.com.br\/index.php?rest_route=\/wp\/v2\/users\/1"}],"replies":[{"embeddable":true,"href":"https:\/\/diariotribuna.com.br\/index.php?rest_route=%2Fwp%2Fv2%2Fcomments&post=9007"}],"version-history":[{"count":2,"href":"https:\/\/diariotribuna.com.br\/index.php?rest_route=\/wp\/v2\/posts\/9007\/revisions"}],"predecessor-version":[{"id":9010,"href":"https:\/\/diariotribuna.com.br\/index.php?rest_route=\/wp\/v2\/posts\/9007\/revisions\/9010"}],"wp:featuredmedia":[{"embeddable":true,"href":"https:\/\/diariotribuna.com.br\/index.php?rest_route=\/wp\/v2\/media\/9008"}],"wp:attachment":[{"href":"https:\/\/diariotribuna.com.br\/index.php?rest_route=%2Fwp%2Fv2%2Fmedia&parent=9007"}],"wp:term":[{"taxonomy":"category","embeddable":true,"href":"https:\/\/diariotribuna.com.br\/index.php?rest_route=%2Fwp%2Fv2%2Fcategories&post=9007"},{"taxonomy":"post_tag","embeddable":true,"href":"https:\/\/diariotribuna.com.br\/index.php?rest_route=%2Fwp%2Fv2%2Ftags&post=9007"}],"curies":[{"name":"wp","href":"https:\/\/api.w.org\/{rel}","templated":true}]}}