{"id":9011,"date":"2021-04-01T01:00:17","date_gmt":"2021-04-01T04:00:17","guid":{"rendered":"https:\/\/diariotribuna.com.br\/?p=9011"},"modified":"2021-04-01T01:00:19","modified_gmt":"2021-04-01T04:00:19","slug":"covid-19-boletim-epidemiologico-de-teofilo-otoni-em-31-03-21","status":"publish","type":"post","link":"https:\/\/diariotribuna.com.br\/?p=9011","title":{"rendered":"COVID-19: Boletim Epidemiol\u00f3gico de Te\u00f3filo Otoni em 31\/03\/21"},"content":{"rendered":"\n<figure class=\"wp-block-image size-large is-resized\"><img loading=\"lazy\" decoding=\"async\" src=\"https:\/\/diariotribuna.com.br\/wp-content\/uploads\/2021\/04\/Padre-Paraiso.jpg\" alt=\"\" class=\"wp-image-9012\" width=\"452\" height=\"301\" srcset=\"https:\/\/diariotribuna.com.br\/wp-content\/uploads\/2021\/04\/Padre-Paraiso.jpg 700w, https:\/\/diariotribuna.com.br\/wp-content\/uploads\/2021\/04\/Padre-Paraiso-300x200.jpg 300w, https:\/\/diariotribuna.com.br\/wp-content\/uploads\/2021\/04\/Padre-Paraiso-696x463.jpg 696w, https:\/\/diariotribuna.com.br\/wp-content\/uploads\/2021\/04\/Padre-Paraiso-631x420.jpg 631w\" sizes=\"(max-width: 452px) 100vw, 452px\" \/><\/figure>\n\n\n\n<p>O boletim epidemiol\u00f3gico divulgado pela Secretaria Municipal de Sa\u00fade na noite desta quarta-feira (31\/03) confirma 8.387 casos positivos de covid-19 em Te\u00f3filo Otoni, 126 a mais nas \u00faltimas 24 horas, e registra <strong>mais 02 \u00f3bitos por complica\u00e7\u00f5es causadas pela covid-19, totalizando 229<\/strong>, tendo 01 em investiga\u00e7\u00e3o. Ainda segundo o boletim, tem 325 casos ativos, 7.710 casos recuperados, e 19.711 casos descartados.<\/p>\n\n\n\n<p><strong>Os dois \u00faltimos \u00f3bitos<\/strong> ocorreram nesta quarta-feira (31\/03\/21). <strong>O primeiro<\/strong> trata-se de um idoso de 74 anos, que estava internado na UPA 24 Horas (Avenida Get\u00falio Vargas), <strong>O segundo \u00f3bito<\/strong> \u00e9 de um idoso de 76 anos, que estava internado no Hospital Philadelfia. A Secretaria de Sa\u00fade informa que os pacientes eram portadores de comorbidades, receberam assist\u00eancia e tratamentos necess\u00e1rios, tiveram os resultados confirmados por RT-PCR.<\/p>\n\n\n\n<p><strong>No boletim de ter\u00e7a-feira (30\/03\/21),<\/strong> foram inseridos 04 \u00f3bitos, que ocorreram nos dias 28 e 30\/03\/2021 (domingo e ter\u00e7a-feira). <strong>O primeiro \u00f3bito<\/strong> \u00e9 de um idoso de 60 anos, que estava internado no Hospital Bom Samaritano (Resultado por RT-PCR). <strong>O segundo<\/strong> \u00e9 de uma mulher de 54 anos, que estava internada no Hospital Philadelfia (Resultado por RT-PCR). <strong>O terceiro<\/strong> \u00e9 de uma idosa de 73 anos, que estava internada no Hospital Bom Samaritano (Resultado por SWAB Ant\u00edgeno Reagente). <strong>O quarto \u00f3bito<\/strong> \u00e9 de uma mulher de 47 anos, que estava internada na UPA 24 Horas (Avenida Get\u00falio Vargas). Todos os pacientes tinham comorbidades.<\/p>\n\n\n\n<p>I<strong>nterna\u00e7\u00f5es at\u00e9 (31\/03):<\/strong> Pelo <strong>SUS, Conv\u00eanio e Particular<\/strong> tem 40 leitos de UTI Covid no munic\u00edpio e 40 est\u00e3o ocupados, sendo 27 pacientes de Te\u00f3filo Otoni e 13 de outros munic\u00edpios <strong>(100,00% de ocupa\u00e7\u00e3o<\/strong>). Tem <strong>98 Leitos de Enfermaria Covid<\/strong> e 69 est\u00e3o ocupados, sendo 51 pacientes de Te\u00f3filo Otoni e 18 de outros munic\u00edpios <strong>(70,40% de ocupa\u00e7\u00e3o)<\/strong>.<\/p>\n\n\n\n<p><strong>Vacin\u00f4metro:<\/strong> dados atualizados na Ter\u00e7a-feira (30\/03) mostram que j\u00e1 foram aplicadas 13.285 doses de vacina contra a covid-19 (na 1\u00aa dose), e 4.772 doses (na 2\u00aa).<\/p>\n","protected":false},"excerpt":{"rendered":"<p>O boletim epidemiol\u00f3gico divulgado pela Secretaria Municipal de Sa\u00fade na noite desta quarta-feira (31\/03) confirma 8.387 casos positivos de covid-19 em Te\u00f3filo Otoni, 126 a mais nas \u00faltimas 24 horas, e registra mais 02 \u00f3bitos por complica\u00e7\u00f5es causadas pela covid-19, totalizando 229, tendo 01 em investiga\u00e7\u00e3o. Ainda segundo o boletim, tem 325 casos ativos, 7.710 [&hellip;]<\/p>\n","protected":false},"author":1,"featured_media":9012,"comment_status":"open","ping_status":"open","sticky":false,"template":"","format":"standard","meta":{"rop_custom_images_group":[],"rop_custom_messages_group":[],"rop_publish_now":"initial","rop_publish_now_accounts":[],"rop_publish_now_history":[],"rop_publish_now_status":"pending","footnotes":""},"categories":[192],"tags":[2882,489,84,75],"class_list":["post-9011","post","type-post","status-publish","format-standard","has-post-thumbnail","hentry","category-covid19","tag-31-03-2021","tag-boletim-epidemiologico","tag-covid-19","tag-teofilo-otoni"],"_links":{"self":[{"href":"https:\/\/diariotribuna.com.br\/index.php?rest_route=\/wp\/v2\/posts\/9011"}],"collection":[{"href":"https:\/\/diariotribuna.com.br\/index.php?rest_route=\/wp\/v2\/posts"}],"about":[{"href":"https:\/\/diariotribuna.com.br\/index.php?rest_route=\/wp\/v2\/types\/post"}],"author":[{"embeddable":true,"href":"https:\/\/diariotribuna.com.br\/index.php?rest_route=\/wp\/v2\/users\/1"}],"replies":[{"embeddable":true,"href":"https:\/\/diariotribuna.com.br\/index.php?rest_route=%2Fwp%2Fv2%2Fcomments&post=9011"}],"version-history":[{"count":1,"href":"https:\/\/diariotribuna.com.br\/index.php?rest_route=\/wp\/v2\/posts\/9011\/revisions"}],"predecessor-version":[{"id":9013,"href":"https:\/\/diariotribuna.com.br\/index.php?rest_route=\/wp\/v2\/posts\/9011\/revisions\/9013"}],"wp:featuredmedia":[{"embeddable":true,"href":"https:\/\/diariotribuna.com.br\/index.php?rest_route=\/wp\/v2\/media\/9012"}],"wp:attachment":[{"href":"https:\/\/diariotribuna.com.br\/index.php?rest_route=%2Fwp%2Fv2%2Fmedia&parent=9011"}],"wp:term":[{"taxonomy":"category","embeddable":true,"href":"https:\/\/diariotribuna.com.br\/index.php?rest_route=%2Fwp%2Fv2%2Fcategories&post=9011"},{"taxonomy":"post_tag","embeddable":true,"href":"https:\/\/diariotribuna.com.br\/index.php?rest_route=%2Fwp%2Fv2%2Ftags&post=9011"}],"curies":[{"name":"wp","href":"https:\/\/api.w.org\/{rel}","templated":true}]}}