{"id":9014,"date":"2021-04-01T01:21:12","date_gmt":"2021-04-01T04:21:12","guid":{"rendered":"https:\/\/diariotribuna.com.br\/?p=9014"},"modified":"2021-04-01T18:26:17","modified_gmt":"2021-04-01T21:26:17","slug":"secretario-de-saude-alerta-para-alto-risco-de-contaminacao-durante-a-semana-santa","status":"publish","type":"post","link":"https:\/\/diariotribuna.com.br\/?p=9014","title":{"rendered":"Secret\u00e1rio de Sa\u00fade alerta para alto risco de contamina\u00e7\u00e3o durante a Semana Santa"},"content":{"rendered":"\n<p><strong>\u201cFique em casa, n\u00e3o aglomere, n\u00e3o receba amigos. \u00c9 \u00e9poca de esfor\u00e7o para preservar vidas. N\u00e3o h\u00e1 tempo de arrependimento\u201d, pede F\u00e1bio Baccheretti<\/strong><\/p>\n\n\n\n<figure class=\"wp-block-image size-large is-resized\"><img loading=\"lazy\" decoding=\"async\" src=\"https:\/\/diariotribuna.com.br\/wp-content\/uploads\/2021\/04\/MG_4510.jpg\" alt=\"\" class=\"wp-image-9015\" width=\"580\" height=\"255\" srcset=\"https:\/\/diariotribuna.com.br\/wp-content\/uploads\/2021\/04\/MG_4510.jpg 700w, https:\/\/diariotribuna.com.br\/wp-content\/uploads\/2021\/04\/MG_4510-300x132.jpg 300w, https:\/\/diariotribuna.com.br\/wp-content\/uploads\/2021\/04\/MG_4510-696x306.jpg 696w\" sizes=\"(max-width: 580px) 100vw, 580px\" \/><\/figure>\n\n\n\n<p>O feriado de Semana Santa, que come\u00e7a&nbsp;nesta quinta-feira (1\/4), dever\u00e1 ser de isolamento social e restri\u00e7\u00f5es \u00e0 popula\u00e7\u00e3o. O secret\u00e1rio de Estado de&nbsp;<a href=\"http:\/\/www.saude.mg.gov.br\/\" target=\"_blank\" rel=\"noreferrer noopener\">Sa\u00fade<\/a>, o m\u00e9dico F\u00e1bio Baccheretti, ressaltou em coletiva \u00e0 imprensa que o estado enfrenta o pior momento da pandemia em rela\u00e7\u00e3o ao n\u00famero de \u00f3bitos e de ocupa\u00e7\u00e3o de leitos de UTI. Por isso, \u00e9 fundamental que a sociedade entenda a necessidade de se cumprir as medidas impostas pela onda roxa do plano&nbsp;<a href=\"http:\/\/www.mg.gov.br\/minasconsciente\" target=\"_blank\" rel=\"noreferrer noopener\">Minas Consciente<\/a>.<br><br>\u201cFeriados sempre foram experi\u00eancias muito ruins em rela\u00e7\u00e3o \u00e0 pandemia. Em outros momentos a incid\u00eancia se elevou&nbsp;duas semanas ap\u00f3s os feriados. A nossa expectativa \u00e9 diferente (na Semana Santa), uma vez que estamos na onda roxa, os hot\u00e9is n\u00e3o funcionam, h\u00e1 restri\u00e7\u00f5es de circula\u00e7\u00e3o nos hor\u00e1rios noturnos e apenas o essencial fica aberto. O papel de cada um \u00e9 que vai determinar o sucesso ou n\u00e3o deste momento\u201d, afirmou o secret\u00e1rio.<\/p>\n\n\n\n<p><strong><em>Ainda segundo Baccheretti, \u201cqualquer reuni\u00e3o familiar que aglomere pessoas aumenta em muito o risco de contamina\u00e7\u00e3o. A gente entende o momento que cada um vive, mas n\u00e3o h\u00e1 tempo de arrependimento. O v\u00edrus vem circulando de forma intensa na sociedade. Fique em casa, fique com seu n\u00facleo familiar, n\u00e3o v\u00e1 \u00e0&nbsp;casa de parentes, n\u00e3o receba amigos. N\u00e3o \u00e9 \u00e9poca para isso, \u00e9 \u00e9poca de um esfor\u00e7o conjunto para preservar vidas\u201d, alertou, na coletiva desta quarta-feira (31\/3)<\/em><\/strong>.<br><br><strong>Onda roxa<\/strong> &#8211; O secret\u00e1rio tamb\u00e9m apresentou a evolu\u00e7\u00e3o da doen\u00e7a no estado desde a implanta\u00e7\u00e3o da onda roxa em todas as regi\u00f5es mineiras, h\u00e1 15 dias. Segundo ele, \u00e9 poss\u00edvel observar queda na incid\u00eancia da covid nas regi\u00f5es que mais cumpriram as recomenda\u00e7\u00f5es da fase mais restritiva do Minas Consciente. No entanto, ainda \u00e9 necess\u00e1rio manter o isolamento para que os n\u00fameros reflitam em queda de ocupa\u00e7\u00e3o de leitos e n\u00famero de mortes.<br><br><strong>\u201c<\/strong>O \u00f3bito \u00e9 o indicador mais tardio. Quando vemos esse \u00f3bito se elevando, isso \u00e9 reflexo&nbsp;de&nbsp;casos de pessoas que se internaram h\u00e1 cerca de duas semanas. Veremos um aumento de \u00f3bitos nessas regi\u00f5es ou pelo menos uma const\u00e2ncia neles, mas daqui a pouco eles ir\u00e3o cair\u201d, pontuou. <strong><em>\u201cNossa ocupa\u00e7\u00e3o de leitos est\u00e1 cada vez mais pr\u00f3xima de 100%. \u00c9 um cen\u00e1rio nunca antes vivido pelo estado. \u00c9 o pior momento da pandemia\u201d<\/em><\/strong>, disse.<\/p>\n\n\n\n<p>De acordo com o secret\u00e1rio,&nbsp;\u00e9 poss\u00edvel observar melhora nos \u00edndices em regi\u00f5es que iniciaram primeiro a onda roxa, h\u00e1 30 dias, e que cumpriram as medidas de isolamento, como a macrorregi\u00e3o Tri\u00e2ngulo do Norte e a microrregi\u00e3o de Patos de Minas. Elas&nbsp;v\u00e3o evoluir para a fase vermelha a partir da pr\u00f3xima segunda-feira (5\/4). Segundo Baccheretti, o resultado confirma a efetividade da a\u00e7\u00e3o.<br><br>\u201cAs regi\u00f5es que est\u00e3o progredindo para a vermelha mostram que a onda roxa \u00e9 um sucesso. Devemos ver, daqui a pouco, esses indicadores regredindo no estado como um todo. As regi\u00f5es em que h\u00e1&nbsp;maior sensibiliza\u00e7\u00e3o da popula\u00e7\u00e3o e maior empenho da gest\u00e3o municipal est\u00e3o colhendo frutos de forma mais r\u00e1pida. E, assim, conseguimos progredir diante do Minas Consciente\u201d, completou.<br><br><strong>Kit intuba\u00e7\u00e3o<\/strong> &#8211; A maior preocupa\u00e7\u00e3o da Secretaria de Estado da Sa\u00fade, hoje, \u00e9 em rela\u00e7\u00e3o ao estoque de medicamentos do chamado kit intuba\u00e7\u00e3o, necess\u00e1rio para realizar o procedimento. Segundo o secret\u00e1rio, esse \u00e9 o maior gargalo para a abertura de novos leitos.<br><br>\u201cAinda n\u00e3o recebemos todo o quantitativo prometido para o Estado. O que mais vem nos preocupando \u00e9 a lentid\u00e3o da distribui\u00e7\u00e3o desses medicamentos pelo governo federal. Neste momento, a gente vem distribuindo a conta-gotas porque n\u00e3o termos grande estoque.&nbsp;Temos para&nbsp;garantir tr\u00eas dias de medicamento. \u00c9 uma situa\u00e7\u00e3o muito complexa\u201d, afirmou Baccheretti, citando que h\u00e1 expectativa de recebimento dos insumos nos pr\u00f3ximos dias pelo Minist\u00e9rio da Sa\u00fade.<\/p>\n\n\n\n<figure class=\"wp-block-image size-large is-resized\"><img loading=\"lazy\" decoding=\"async\" src=\"https:\/\/diariotribuna.com.br\/wp-content\/uploads\/2021\/04\/content_mg_4519.jpg\" alt=\"\" class=\"wp-image-9016\" width=\"480\" height=\"303\" srcset=\"https:\/\/diariotribuna.com.br\/wp-content\/uploads\/2021\/04\/content_mg_4519.jpg 700w, https:\/\/diariotribuna.com.br\/wp-content\/uploads\/2021\/04\/content_mg_4519-300x189.jpg 300w, https:\/\/diariotribuna.com.br\/wp-content\/uploads\/2021\/04\/content_mg_4519-696x438.jpg 696w, https:\/\/diariotribuna.com.br\/wp-content\/uploads\/2021\/04\/content_mg_4519-667x420.jpg 667w\" sizes=\"(max-width: 480px) 100vw, 480px\" \/><\/figure>\n\n\n\n<p><strong>Contrata\u00e7\u00e3o de profissionais<\/strong> &#8211; Outro ponto que dificulta a abertura de novos leitos, segundo o secret\u00e1rio, \u00e9 a falta de recursos humanos. A aprova\u00e7\u00e3o do PL 2.591\/2021 nessa ter\u00e7a-feira (30\/3), pela Assembleia Legislativa, poder\u00e1 auxiliar nesse processo, uma vez que a proposta autoriza a convoca\u00e7\u00e3o de profissionais volunt\u00e1rios, estudantes da \u00e1rea de sa\u00fade, entre outros.<br><br>O secret\u00e1rio lembrou&nbsp;que a&nbsp;<a rel=\"noreferrer noopener\" href=\"http:\/\/www.fhemig.mg.gov.br\/\" target=\"_blank\">Funda\u00e7\u00e3o Hospitalar do Estado de Minas Gerais (Fhemig)<\/a>&nbsp;j\u00e1 realizou mais de 70 chamamentos p\u00fablicos para a contra\u00e7\u00e3o de profissionais e que, mesmo com o aumento da remunera\u00e7\u00e3o e a amplia\u00e7\u00e3o das especialidades, ainda h\u00e1 dificuldade. \u201cMuitos contratados trabalham em dois ou tr\u00eas hospitais e n\u00e3o t\u00eam mais disponibilidade. Prevemos conseguir ampliar o n\u00famero de leitos com a nova gama de profissionais a serem contratados (a partir do projeto)\u201d, pontuou.<br><br><strong>Abertura de leitos<\/strong> &#8211; Conforme o secret\u00e1rio, est\u00e1 em processo de abertura na rede Fhemig mais 40 leitos de UTI para a regi\u00e3o Central. Na \u00faltima semana, 33 leitos foram abertos na mesma localidade. Existe a tentativa de abertura de mais unidades em diversas regi\u00f5es, especialmente Oeste e Vale do A\u00e7o, que t\u00eam a situa\u00e7\u00e3o mais grave da pandemia.<br><br>\u201cMinas tinha 2.200 leitos,&nbsp;hoje s\u00e3o mais de 4.500. Nunca se teve tantos leitos. S\u00f3 de enfermaria eram 7 mil e hoje s\u00e3o 20 mil leitos. Mas lembrando que o crescimento da doen\u00e7a \u00e9 muito maior que a capacidade de abertura de leitos, pela escassez de recursos humanos e pela recente escassez de insumos\u201d, ressaltou o m\u00e9dico.<br><br><strong>Impacto da vacina\u00e7\u00e3o<\/strong> &#8211; Baccheretti ainda destacou que a vacina\u00e7\u00e3o \u00e9 o \u00fanico caminho para o controle da pandemia a longo prazo. Dados da Secretaria de Estado de Sa\u00fade demonstram que a interna\u00e7\u00e3o de pacientes acima de 85 anos j\u00e1 reduziu ap\u00f3s a vacina\u00e7\u00e3o desse grupo priorit\u00e1rio.<br><br>&nbsp;\u201cDevemos colher frutos naqueles acima de 70 anos dentro de 35 dias, que \u00e9 o prazo de imunidade esperada. Em meados de maio poderemos sentir redu\u00e7\u00e3o ainda maior no n\u00famero de&nbsp;idosos internados\u201d, concluiu o secret\u00e1rio, citando a perspectiva de que Minas receba, nos pr\u00f3ximos dias, o maior lote de imunizantes do Minist\u00e9rio da Sa\u00fade.<\/p>\n\n\n\n<p>(Ag\u00eancia Minas)<\/p>\n","protected":false},"excerpt":{"rendered":"<p>\u201cFique em casa, n\u00e3o aglomere, n\u00e3o receba amigos. \u00c9 \u00e9poca de esfor\u00e7o para preservar vidas. N\u00e3o h\u00e1 tempo de arrependimento\u201d, pede F\u00e1bio Baccheretti O feriado de Semana Santa, que come\u00e7a&nbsp;nesta quinta-feira (1\/4), dever\u00e1 ser de isolamento social e restri\u00e7\u00f5es \u00e0 popula\u00e7\u00e3o. O secret\u00e1rio de Estado de&nbsp;Sa\u00fade, o m\u00e9dico F\u00e1bio Baccheretti, ressaltou em coletiva \u00e0 imprensa [&hellip;]<\/p>\n","protected":false},"author":1,"featured_media":9016,"comment_status":"open","ping_status":"open","sticky":false,"template":"","format":"standard","meta":{"rop_custom_images_group":[],"rop_custom_messages_group":[],"rop_publish_now":"initial","rop_publish_now_accounts":[],"rop_publish_now_history":[],"rop_publish_now_status":"pending","footnotes":""},"categories":[192],"tags":[682,2885,84,91,2884,2883],"class_list":["post-9014","post","type-post","status-publish","format-standard","has-post-thumbnail","hentry","category-covid19","tag-alerta","tag-contaminacao","tag-covid-19","tag-minas","tag-risco","tag-semana-santa"],"_links":{"self":[{"href":"https:\/\/diariotribuna.com.br\/index.php?rest_route=\/wp\/v2\/posts\/9014"}],"collection":[{"href":"https:\/\/diariotribuna.com.br\/index.php?rest_route=\/wp\/v2\/posts"}],"about":[{"href":"https:\/\/diariotribuna.com.br\/index.php?rest_route=\/wp\/v2\/types\/post"}],"author":[{"embeddable":true,"href":"https:\/\/diariotribuna.com.br\/index.php?rest_route=\/wp\/v2\/users\/1"}],"replies":[{"embeddable":true,"href":"https:\/\/diariotribuna.com.br\/index.php?rest_route=%2Fwp%2Fv2%2Fcomments&post=9014"}],"version-history":[{"count":2,"href":"https:\/\/diariotribuna.com.br\/index.php?rest_route=\/wp\/v2\/posts\/9014\/revisions"}],"predecessor-version":[{"id":9018,"href":"https:\/\/diariotribuna.com.br\/index.php?rest_route=\/wp\/v2\/posts\/9014\/revisions\/9018"}],"wp:featuredmedia":[{"embeddable":true,"href":"https:\/\/diariotribuna.com.br\/index.php?rest_route=\/wp\/v2\/media\/9016"}],"wp:attachment":[{"href":"https:\/\/diariotribuna.com.br\/index.php?rest_route=%2Fwp%2Fv2%2Fmedia&parent=9014"}],"wp:term":[{"taxonomy":"category","embeddable":true,"href":"https:\/\/diariotribuna.com.br\/index.php?rest_route=%2Fwp%2Fv2%2Fcategories&post=9014"},{"taxonomy":"post_tag","embeddable":true,"href":"https:\/\/diariotribuna.com.br\/index.php?rest_route=%2Fwp%2Fv2%2Ftags&post=9014"}],"curies":[{"name":"wp","href":"https:\/\/api.w.org\/{rel}","templated":true}]}}