{"id":9023,"date":"2021-04-01T15:33:06","date_gmt":"2021-04-01T18:33:06","guid":{"rendered":"https:\/\/diariotribuna.com.br\/?p=9023"},"modified":"2021-04-01T15:36:47","modified_gmt":"2021-04-01T18:36:47","slug":"28a-subsecao-da-oab-mg-realiza-a-quinta-entrega-virtual-de-carteiras-profissionais","status":"publish","type":"post","link":"https:\/\/diariotribuna.com.br\/?p=9023","title":{"rendered":"28\u00aa Subse\u00e7\u00e3o da OAB\/MG realiza a quinta entrega virtual de carteiras profissionais"},"content":{"rendered":"\n<figure class=\"wp-block-image size-large is-resized\"><img loading=\"lazy\" decoding=\"async\" src=\"https:\/\/diariotribuna.com.br\/wp-content\/uploads\/2021\/04\/14.jpg\" alt=\"\" class=\"wp-image-9024\" width=\"640\" height=\"306\" srcset=\"https:\/\/diariotribuna.com.br\/wp-content\/uploads\/2021\/04\/14.jpg 700w, https:\/\/diariotribuna.com.br\/wp-content\/uploads\/2021\/04\/14-300x144.jpg 300w, https:\/\/diariotribuna.com.br\/wp-content\/uploads\/2021\/04\/14-696x333.jpg 696w\" sizes=\"(max-width: 640px) 100vw, 640px\" \/><\/figure>\n\n\n\n<p>Na sexta-feira (26\/03\/21), \u00e0s 17 horas, a 28\u00aa Subse\u00e7\u00e3o da OAB\/ MG de Te\u00f3filo Otoni, realizou a quinta solenidade virtual de entrega de Carteiras Profissionais de acordo com a Portaria 87\/2020 que trata da regulamenta\u00e7\u00e3o das solenidades virtuais no \u00e2mbito da OAB de Minas Gerais. Foram entregues 08 Carteiras Profissionais e 01 de Estagi\u00e1rio, ap\u00f3s o juramento nos termos do Estatuto da Advocacia e da OAB (EAOAB), em solenidade conduzida pelo presidente da Comiss\u00e3o da OAB Jovem e Conselheiro da 28\u00aa Subse\u00e7\u00e3o, dr. Rodrigo Caldeira de Barros.<\/p>\n\n\n\n<p>A dra. Beatriz abriu a solenidade e deu in\u00edcio \u00e0 entrega das Carteiras Profissionais. S\u00e3o tr\u00eas os requisitos objetivos para se inscrever na OAB: 1-concluir o curso de direito em entidade reconhecida pelo MEC. 2-Ser aprovado no Exame de Ordem. 3-Prestar o juramento institucional.<\/p>\n\n\n\n<p>O novo inscrito Wagner Ferreira da Silva conduziu o juramento, <strong><em>\u201cPrometo exercer a advocacia com dignidade e independ\u00eancia, observar a \u00e9tica, os deveres e prerrogativas profissionais, e defender a Constitui\u00e7\u00e3o, os direitos humanos, a justi\u00e7a social, a boa aplica\u00e7\u00e3o das leis, a r\u00e1pida administra\u00e7\u00e3o da justi\u00e7a, e o aperfei\u00e7oamento da cultura e das institui\u00e7\u00f5es jur\u00eddicas\u201d.<\/em><\/strong> Ao final, os demais inscritos: Ana Luiza Freitas, Brenda dos Santos Brito, Gilson Batista, Hangels Cairo Lages Silva, Marilene Silva Santos da Cruz, Mayara Pereira de Paula, Pedro Henrique Moura Santos, e o estagi\u00e1rio Joziel Rhis Ramalho, foram chamados nominalmente e disseram \u00b4eu juro\u00b4. A presidente da 28\u00aa Subse\u00e7\u00e3o da OAB\/MG, dra Beatriz recebeu o juramento prestado e os novos inscritos foram declarados aptos ao exerc\u00edcio da advocacia em todo o territ\u00f3rio nacional.<\/p>\n\n\n\n<figure class=\"wp-block-gallery columns-4 is-cropped wp-block-gallery-1 is-layout-flex wp-block-gallery-is-layout-flex\"><ul class=\"blocks-gallery-grid\"><li class=\"blocks-gallery-item\"><figure><img loading=\"lazy\" decoding=\"async\" width=\"315\" height=\"279\" src=\"https:\/\/diariotribuna.com.br\/wp-content\/uploads\/2021\/04\/8-Wagner-Ferreira-da-Silva-conduziu-o-juramento.png\" alt=\"\" data-id=\"9025\" data-full-url=\"https:\/\/diariotribuna.com.br\/wp-content\/uploads\/2021\/04\/8-Wagner-Ferreira-da-Silva-conduziu-o-juramento.png\" data-link=\"https:\/\/diariotribuna.com.br\/?attachment_id=9025\" class=\"wp-image-9025\" srcset=\"https:\/\/diariotribuna.com.br\/wp-content\/uploads\/2021\/04\/8-Wagner-Ferreira-da-Silva-conduziu-o-juramento.png 315w, https:\/\/diariotribuna.com.br\/wp-content\/uploads\/2021\/04\/8-Wagner-Ferreira-da-Silva-conduziu-o-juramento-300x266.png 300w\" sizes=\"(max-width: 315px) 100vw, 315px\" \/><figcaption class=\"blocks-gallery-item__caption\"><strong>Wagner Ferreira da Silva conduziu o juramento<\/strong><\/figcaption><\/figure><\/li><li class=\"blocks-gallery-item\"><figure><img loading=\"lazy\" decoding=\"async\" width=\"427\" height=\"318\" src=\"https:\/\/diariotribuna.com.br\/wp-content\/uploads\/2021\/04\/1-Ana-Luiza-Freitas.png\" alt=\"\" data-id=\"9026\" data-full-url=\"https:\/\/diariotribuna.com.br\/wp-content\/uploads\/2021\/04\/1-Ana-Luiza-Freitas.png\" data-link=\"https:\/\/diariotribuna.com.br\/?attachment_id=9026\" class=\"wp-image-9026\" srcset=\"https:\/\/diariotribuna.com.br\/wp-content\/uploads\/2021\/04\/1-Ana-Luiza-Freitas.png 427w, https:\/\/diariotribuna.com.br\/wp-content\/uploads\/2021\/04\/1-Ana-Luiza-Freitas-300x223.png 300w, https:\/\/diariotribuna.com.br\/wp-content\/uploads\/2021\/04\/1-Ana-Luiza-Freitas-80x60.png 80w, https:\/\/diariotribuna.com.br\/wp-content\/uploads\/2021\/04\/1-Ana-Luiza-Freitas-265x198.png 265w\" sizes=\"(max-width: 427px) 100vw, 427px\" \/><figcaption class=\"blocks-gallery-item__caption\"><strong>Ana Luiza Freitas<\/strong><\/figcaption><\/figure><\/li><li class=\"blocks-gallery-item\"><figure><img loading=\"lazy\" decoding=\"async\" width=\"262\" height=\"272\" src=\"https:\/\/diariotribuna.com.br\/wp-content\/uploads\/2021\/04\/2-Brenda-dos-Santos.jpg\" alt=\"\" data-id=\"9027\" data-full-url=\"https:\/\/diariotribuna.com.br\/wp-content\/uploads\/2021\/04\/2-Brenda-dos-Santos.jpg\" data-link=\"https:\/\/diariotribuna.com.br\/?attachment_id=9027\" class=\"wp-image-9027\"\/><figcaption class=\"blocks-gallery-item__caption\"><strong>Brenda dos Santos<\/strong> Brito<\/figcaption><\/figure><\/li><li class=\"blocks-gallery-item\"><figure><img loading=\"lazy\" decoding=\"async\" width=\"261\" height=\"297\" src=\"https:\/\/diariotribuna.com.br\/wp-content\/uploads\/2021\/04\/3-Gilson-Batista.jpg\" alt=\"\" data-id=\"9028\" data-full-url=\"https:\/\/diariotribuna.com.br\/wp-content\/uploads\/2021\/04\/3-Gilson-Batista.jpg\" data-link=\"https:\/\/diariotribuna.com.br\/?attachment_id=9028\" class=\"wp-image-9028\"\/><figcaption class=\"blocks-gallery-item__caption\"><strong>Gilson Batista<\/strong><\/figcaption><\/figure><\/li><li class=\"blocks-gallery-item\"><figure><img loading=\"lazy\" decoding=\"async\" width=\"378\" height=\"304\" src=\"https:\/\/diariotribuna.com.br\/wp-content\/uploads\/2021\/04\/4-Marilane-Santos-Silva-da-Cruz.jpg\" alt=\"\" data-id=\"9029\" data-full-url=\"https:\/\/diariotribuna.com.br\/wp-content\/uploads\/2021\/04\/4-Marilane-Santos-Silva-da-Cruz.jpg\" data-link=\"https:\/\/diariotribuna.com.br\/?attachment_id=9029\" class=\"wp-image-9029\" srcset=\"https:\/\/diariotribuna.com.br\/wp-content\/uploads\/2021\/04\/4-Marilane-Santos-Silva-da-Cruz.jpg 378w, https:\/\/diariotribuna.com.br\/wp-content\/uploads\/2021\/04\/4-Marilane-Santos-Silva-da-Cruz-300x241.jpg 300w\" sizes=\"(max-width: 378px) 100vw, 378px\" \/><figcaption class=\"blocks-gallery-item__caption\"><strong>Marilane Santos Silva da Cruz<\/strong><\/figcaption><\/figure><\/li><li class=\"blocks-gallery-item\"><figure><img loading=\"lazy\" decoding=\"async\" width=\"330\" height=\"305\" src=\"https:\/\/diariotribuna.com.br\/wp-content\/uploads\/2021\/04\/5-Maiara-Pereira-de-Paula.jpg\" alt=\"\" data-id=\"9030\" data-full-url=\"https:\/\/diariotribuna.com.br\/wp-content\/uploads\/2021\/04\/5-Maiara-Pereira-de-Paula.jpg\" data-link=\"https:\/\/diariotribuna.com.br\/?attachment_id=9030\" class=\"wp-image-9030\" srcset=\"https:\/\/diariotribuna.com.br\/wp-content\/uploads\/2021\/04\/5-Maiara-Pereira-de-Paula.jpg 330w, https:\/\/diariotribuna.com.br\/wp-content\/uploads\/2021\/04\/5-Maiara-Pereira-de-Paula-300x277.jpg 300w\" sizes=\"(max-width: 330px) 100vw, 330px\" \/><figcaption class=\"blocks-gallery-item__caption\"><strong>Mayara Pereira de Paula<\/strong><\/figcaption><\/figure><\/li><li class=\"blocks-gallery-item\"><figure><img loading=\"lazy\" decoding=\"async\" width=\"320\" height=\"289\" src=\"https:\/\/diariotribuna.com.br\/wp-content\/uploads\/2021\/04\/6-Pedro-Henrique-Moura-Santos.jpg\" alt=\"\" data-id=\"9031\" data-full-url=\"https:\/\/diariotribuna.com.br\/wp-content\/uploads\/2021\/04\/6-Pedro-Henrique-Moura-Santos.jpg\" data-link=\"https:\/\/diariotribuna.com.br\/?attachment_id=9031\" class=\"wp-image-9031\" srcset=\"https:\/\/diariotribuna.com.br\/wp-content\/uploads\/2021\/04\/6-Pedro-Henrique-Moura-Santos.jpg 320w, https:\/\/diariotribuna.com.br\/wp-content\/uploads\/2021\/04\/6-Pedro-Henrique-Moura-Santos-300x271.jpg 300w\" sizes=\"(max-width: 320px) 100vw, 320px\" \/><figcaption class=\"blocks-gallery-item__caption\"><strong>Pedro Henrique Moura Santos<\/strong><\/figcaption><\/figure><\/li><li class=\"blocks-gallery-item\"><figure><img loading=\"lazy\" decoding=\"async\" width=\"281\" height=\"289\" src=\"https:\/\/diariotribuna.com.br\/wp-content\/uploads\/2021\/04\/7-Wendel-Cairo-Alves-Silva.jpg\" alt=\"\" data-id=\"9032\" data-full-url=\"https:\/\/diariotribuna.com.br\/wp-content\/uploads\/2021\/04\/7-Wendel-Cairo-Alves-Silva.jpg\" data-link=\"https:\/\/diariotribuna.com.br\/?attachment_id=9032\" class=\"wp-image-9032\"\/><figcaption class=\"blocks-gallery-item__caption\"><strong>Hengels Cairo Lages Silva<\/strong><\/figcaption><\/figure><\/li><\/ul><\/figure>\n\n\n\n<figure class=\"wp-block-image size-large is-resized\"><img loading=\"lazy\" decoding=\"async\" src=\"https:\/\/diariotribuna.com.br\/wp-content\/uploads\/2021\/04\/13-Presidente-da-28a-Subsecao-da-OAB-dra.-Maria-Beatriz-C.-C.-Neves.jpg\" alt=\"\" class=\"wp-image-9033\" width=\"561\" height=\"338\" srcset=\"https:\/\/diariotribuna.com.br\/wp-content\/uploads\/2021\/04\/13-Presidente-da-28a-Subsecao-da-OAB-dra.-Maria-Beatriz-C.-C.-Neves.jpg 600w, https:\/\/diariotribuna.com.br\/wp-content\/uploads\/2021\/04\/13-Presidente-da-28a-Subsecao-da-OAB-dra.-Maria-Beatriz-C.-C.-Neves-300x181.jpg 300w\" sizes=\"(max-width: 561px) 100vw, 561px\" \/><figcaption><strong>Presidente da 28\u00aa Subse\u00e7\u00e3o da OAB, dra. Maria Beatriz C. C. Neves<\/strong><\/figcaption><\/figure>\n\n\n\n<p><strong>Presidente da 28\u00aa Subse\u00e7\u00e3o da OAB\/MG<\/strong> &#8211; Em seu pronunciamento a dra. Beatriz cumprimentou os novos inscritos na OAB que nesta data receberam a Carteira que \u00e9 um divisor de \u00e1guas na vida profissional de cada um, e destacou o seu compromisso com os jovens advogados, enfatizando que \u00e9 uma grande satisfa\u00e7\u00e3o receb\u00ea-los na 28\u00aa Subse\u00e7\u00e3o da OAB de Te\u00f3filo Otoni, que est\u00e1 numa gest\u00e3o democr\u00e1tica e participativa. Mesmo em tempo de pandemia a OAB de Te\u00f3filo Otoni n\u00e3o para, s\u00e3o campanhas, lives, palestras, comiss\u00f5es trabalhando.<\/p>\n\n\n\n<p>\u201cComo nosso paraninfo falou \u201cquem vem pra OAB tem certeza que ter\u00e1 muito trabalho, e trabalho volunt\u00e1rio. \u00c9 muito importante a participa\u00e7\u00e3o de voc\u00eas. N\u00f3s estamos sempre buscando as melhores informa\u00e7\u00f5es para os advogados e advogadas, tanto no aspecto profissional quanto no aspecto \u00e9tico\u201d, disse. Dra Beatriz disse que tem um grande apoio da ESA (Escola Superior de Advocacia) e da Caixa de Assist\u00eancia local (CAA). E informou que daqui 15 a 20 dias ser\u00e1 inaugurado o chamado \u201cMeu Escrit\u00f3rio\u201d, que \u00e9 uma esta\u00e7\u00e3o de trabalho numa sala no pr\u00e9dio da OAB, com toda condi\u00e7\u00e3o pra que o advogado possa peticionar, usar computador, scanner, internet, e o que precisar ter\u00e1 apoio da OAB. Destaca que o papel principal da OAB \u00e9 apoiar o advogado, fiscalizar a profiss\u00e3o com base no C\u00f3digo de \u00c9tica e no seu Estatuto.<\/p>\n\n\n\n<figure class=\"wp-block-image size-large is-resized\"><img loading=\"lazy\" decoding=\"async\" src=\"https:\/\/diariotribuna.com.br\/wp-content\/uploads\/2021\/04\/10-Paraninfo-da-Turma-dr-Luiz-Claudio-Chaves.png\" alt=\"\" class=\"wp-image-9034\" width=\"573\" height=\"370\" srcset=\"https:\/\/diariotribuna.com.br\/wp-content\/uploads\/2021\/04\/10-Paraninfo-da-Turma-dr-Luiz-Claudio-Chaves.png 650w, https:\/\/diariotribuna.com.br\/wp-content\/uploads\/2021\/04\/10-Paraninfo-da-Turma-dr-Luiz-Claudio-Chaves-300x194.png 300w, https:\/\/diariotribuna.com.br\/wp-content\/uploads\/2021\/04\/10-Paraninfo-da-Turma-dr-Luiz-Claudio-Chaves-648x420.png 648w\" sizes=\"(max-width: 573px) 100vw, 573px\" \/><figcaption><strong>Paraninfo da Turma, dr Luiz Cl\u00e1udio Chaves &#8211; presidente da CAA\/MG<\/strong><\/figcaption><\/figure>\n\n\n\n<p><strong>O Paraninfo da Turma, dr. Luiz Cl\u00e1udio Chaves, presidente da Caixa de Assist\u00eancia dos Advogados de Minas Gerais<\/strong> proferiu seu discurso aos novos inscritos, e em nome da dra. Beatriz ele saudou a todos. \u201cEu quero saudar inicialmente j\u00e1 que \u00e9 o m\u00eas da mulher, todos os advogados que recebem suas carteiras nessa tarde, em especial essa grande comandante da 28\u00aa Subse\u00e7\u00e3o da OAB que \u00e9 a dra. Beatriz. Competente, din\u00e2mica, um exemplo de profissional do direito, de advogada, pra todos n\u00f3s\u201d.<\/p>\n\n\n\n<p>Na oportunidade, destacou o trabalho que os delegados da CAA t\u00eam atribu\u00eddo suas fun\u00e7\u00f5es dentro das fun\u00e7\u00f5es estatut\u00e1rias, sem invadir compet\u00eancias alheias da OAB, mas trabalhando exatamente pra dar assist\u00eancia \u00e0 advocacia. A CAA \u00e9 um bra\u00e7o social da advocacia mineira, e n\u00e3o tem se furtado nessa pandemia de atender in\u00fameros colegas, \u00e9 pra isso que existe a Caixa.<\/p>\n\n\n\n<p>Aproveitou a oportunidade e deu a not\u00edcia que Te\u00f3filo Otoni foi uma das Subse\u00e7\u00f5es escolhidas pela sua grandeza, n\u00famero de advogados, import\u00e2ncia jur\u00eddica e hist\u00f3rica. E, ele como cidad\u00e3o honor\u00e1rio de Te\u00f3filo Otoni tem que ser o primeiro a reconhecer isso, que a cidade merece e vai ter a instala\u00e7\u00e3o do Escrit\u00f3rio Compartilhado, um trabalho coworking, chamado pelos advogados de \u201cMeu Escrit\u00f3rio\u201d, que d\u00e1 ideia de pertencimento ao advogado. O espa\u00e7o vai dar autonomia e praticidade para os advogados no exerc\u00edcio das suas fun\u00e7\u00f5es.<\/p>\n\n\n\n<p>Destacou o trabalho da dra. Paula Barreiros, que representa a Escola Superior de Advocacia (ESA), todos os membros de comiss\u00f5es, em especial abra\u00e7a seus diletos afilhados, os novos inscritos, e disse \u2013 \u201cSer advogado \u00e9 um estudo que n\u00e3o se finda, cada causa \u00e9 um novo desafio, a cada mudan\u00e7a legislativa \u00e9 um novo desafio. \u201cAcompanhar as mudan\u00e7as jurisprudenciais num pais de tamanha inseguran\u00e7a jur\u00eddica tamb\u00e9m \u00e9 um grande desafio para advocacia. S\u00e3o desafios que movem a gente, se realmente a gente tem amor\u201d. Dentre os atributos que acha fundamentais para a advocacia, dr. Luiz Cl\u00e1udio citou uns. O primeiro deles \u00e9 o amor \u00e0 profiss\u00e3o. \u201cEu coloco como a voca\u00e7\u00e3o da pessoa pra seu mister. E a voca\u00e7\u00e3o \u00e9 fundamental. O segundo \u00e9 a \u00e9tica profissional\u201d.<\/p>\n\n\n\n<p><strong>Integraram a mesa diretora virtual dos trabalhos:<\/strong> presidente da 28\u00aa Subse\u00e7\u00e3o da OAB\/MG, dra. Maria Beatriz Cunha Cicci Neves; o Paraninfo da Turma, dr. Luiz Cl\u00e1udio Chaves \u2013 presidente da Caixa de Assist\u00eancia dos Advogados de Minas Gerais; a representante da Escola Superior de Advocacia na 28\u00aa Subse\u00e7\u00e3o, dra. Paula Barreiros; delegada da Caixa de Assist\u00eancia dos Advogados na 28\u00aa Subse\u00e7\u00e3o, dra. \u00c2ngela Marta Mendes; conselheiro e presidente da Comiss\u00e3o de Prerrogativas da 28\u00aa Subse\u00e7\u00e3o, dr. Wallace Valente; presidente da Comiss\u00e3o Carcer\u00e1ria, dr Alonso Andrade; membro-diretor da Comiss\u00e3o da OAB Jovem, dr. Lucas Maciel.<\/p>\n\n\n\n<figure class=\"wp-block-gallery columns-3 is-cropped wp-block-gallery-2 is-layout-flex wp-block-gallery-is-layout-flex\"><ul class=\"blocks-gallery-grid\"><li class=\"blocks-gallery-item\"><figure><img loading=\"lazy\" decoding=\"async\" width=\"634\" height=\"409\" src=\"https:\/\/diariotribuna.com.br\/wp-content\/uploads\/2021\/04\/12-dra-Angela-CAA.png\" alt=\"\" data-id=\"9035\" data-link=\"https:\/\/diariotribuna.com.br\/?attachment_id=9035\" class=\"wp-image-9035\" srcset=\"https:\/\/diariotribuna.com.br\/wp-content\/uploads\/2021\/04\/12-dra-Angela-CAA.png 634w, https:\/\/diariotribuna.com.br\/wp-content\/uploads\/2021\/04\/12-dra-Angela-CAA-300x194.png 300w\" sizes=\"(max-width: 634px) 100vw, 634px\" \/><figcaption class=\"blocks-gallery-item__caption\"><strong>Dra. \u00c2ngela Marta Mendes<\/strong><\/figcaption><\/figure><\/li><li class=\"blocks-gallery-item\"><figure><img loading=\"lazy\" decoding=\"async\" width=\"640\" height=\"358\" src=\"https:\/\/diariotribuna.com.br\/wp-content\/uploads\/2021\/04\/11-Dr-Rodrigo-Caldeira-conduziu-a-solenidade.png\" alt=\"\" data-id=\"9036\" data-link=\"https:\/\/diariotribuna.com.br\/?attachment_id=9036\" class=\"wp-image-9036\" srcset=\"https:\/\/diariotribuna.com.br\/wp-content\/uploads\/2021\/04\/11-Dr-Rodrigo-Caldeira-conduziu-a-solenidade.png 640w, https:\/\/diariotribuna.com.br\/wp-content\/uploads\/2021\/04\/11-Dr-Rodrigo-Caldeira-conduziu-a-solenidade-300x168.png 300w\" sizes=\"(max-width: 640px) 100vw, 640px\" \/><figcaption class=\"blocks-gallery-item__caption\"><strong>Dr. Rodrigo Caldeira Barros<\/strong><\/figcaption><\/figure><\/li><li class=\"blocks-gallery-item\"><figure><img loading=\"lazy\" decoding=\"async\" width=\"633\" height=\"409\" src=\"https:\/\/diariotribuna.com.br\/wp-content\/uploads\/2021\/04\/9-Presidente-da-Comissao-de-Prerrogativas-dr-Wallace-Valente-1.png\" alt=\"\" data-id=\"9038\" data-full-url=\"https:\/\/diariotribuna.com.br\/wp-content\/uploads\/2021\/04\/9-Presidente-da-Comissao-de-Prerrogativas-dr-Wallace-Valente-1.png\" data-link=\"https:\/\/diariotribuna.com.br\/?attachment_id=9038\" class=\"wp-image-9038\" srcset=\"https:\/\/diariotribuna.com.br\/wp-content\/uploads\/2021\/04\/9-Presidente-da-Comissao-de-Prerrogativas-dr-Wallace-Valente-1.png 633w, https:\/\/diariotribuna.com.br\/wp-content\/uploads\/2021\/04\/9-Presidente-da-Comissao-de-Prerrogativas-dr-Wallace-Valente-1-300x194.png 300w\" sizes=\"(max-width: 633px) 100vw, 633px\" \/><figcaption class=\"blocks-gallery-item__caption\"><strong>Dr Wallace Valente<\/strong><\/figcaption><\/figure><\/li><\/ul><\/figure>\n\n\n\n<figure class=\"wp-block-image size-large is-resized\"><img loading=\"lazy\" decoding=\"async\" src=\"https:\/\/diariotribuna.com.br\/wp-content\/uploads\/2021\/04\/unnamed-file.jpg\" alt=\"\" class=\"wp-image-9039\" width=\"846\" height=\"289\" srcset=\"https:\/\/diariotribuna.com.br\/wp-content\/uploads\/2021\/04\/unnamed-file.jpg 648w, https:\/\/diariotribuna.com.br\/wp-content\/uploads\/2021\/04\/unnamed-file-300x102.jpg 300w\" sizes=\"(max-width: 846px) 100vw, 846px\" \/><\/figure>\n","protected":false},"excerpt":{"rendered":"<p>Na sexta-feira (26\/03\/21), \u00e0s 17 horas, a 28\u00aa Subse\u00e7\u00e3o da OAB\/ MG de Te\u00f3filo Otoni, realizou a quinta solenidade virtual de entrega de Carteiras Profissionais de acordo com a Portaria 87\/2020 que trata da regulamenta\u00e7\u00e3o das solenidades virtuais no \u00e2mbito da OAB de Minas Gerais. Foram entregues 08 Carteiras Profissionais e 01 de Estagi\u00e1rio, ap\u00f3s [&hellip;]<\/p>\n","protected":false},"author":1,"featured_media":9024,"comment_status":"open","ping_status":"open","sticky":false,"template":"","format":"standard","meta":{"rop_custom_images_group":[],"rop_custom_messages_group":[],"rop_publish_now":"initial","rop_publish_now_accounts":[],"rop_publish_now_history":[],"rop_publish_now_status":"pending","footnotes":""},"categories":[25,17],"tags":[536,2887,838,2888,75],"class_list":["post-9023","post","type-post","status-publish","format-standard","has-post-thumbnail","hentry","category-destaque","category-teofilootoni","tag-28a-subsecao-da-oab-mg","tag-entrega-de-carteiras","tag-oab-mg","tag-quinta-entrega-virtual","tag-teofilo-otoni"],"_links":{"self":[{"href":"https:\/\/diariotribuna.com.br\/index.php?rest_route=\/wp\/v2\/posts\/9023"}],"collection":[{"href":"https:\/\/diariotribuna.com.br\/index.php?rest_route=\/wp\/v2\/posts"}],"about":[{"href":"https:\/\/diariotribuna.com.br\/index.php?rest_route=\/wp\/v2\/types\/post"}],"author":[{"embeddable":true,"href":"https:\/\/diariotribuna.com.br\/index.php?rest_route=\/wp\/v2\/users\/1"}],"replies":[{"embeddable":true,"href":"https:\/\/diariotribuna.com.br\/index.php?rest_route=%2Fwp%2Fv2%2Fcomments&post=9023"}],"version-history":[{"count":5,"href":"https:\/\/diariotribuna.com.br\/index.php?rest_route=\/wp\/v2\/posts\/9023\/revisions"}],"predecessor-version":[{"id":9046,"href":"https:\/\/diariotribuna.com.br\/index.php?rest_route=\/wp\/v2\/posts\/9023\/revisions\/9046"}],"wp:featuredmedia":[{"embeddable":true,"href":"https:\/\/diariotribuna.com.br\/index.php?rest_route=\/wp\/v2\/media\/9024"}],"wp:attachment":[{"href":"https:\/\/diariotribuna.com.br\/index.php?rest_route=%2Fwp%2Fv2%2Fmedia&parent=9023"}],"wp:term":[{"taxonomy":"category","embeddable":true,"href":"https:\/\/diariotribuna.com.br\/index.php?rest_route=%2Fwp%2Fv2%2Fcategories&post=9023"},{"taxonomy":"post_tag","embeddable":true,"href":"https:\/\/diariotribuna.com.br\/index.php?rest_route=%2Fwp%2Fv2%2Ftags&post=9023"}],"curies":[{"name":"wp","href":"https:\/\/api.w.org\/{rel}","templated":true}]}}