{"id":9066,"date":"2021-04-03T02:06:06","date_gmt":"2021-04-03T05:06:06","guid":{"rendered":"https:\/\/diariotribuna.com.br\/?p=9066"},"modified":"2021-04-03T02:06:08","modified_gmt":"2021-04-03T05:06:08","slug":"covid-19-boletim-epidemiologico-de-teofilo-otoni-em-02-04-21","status":"publish","type":"post","link":"https:\/\/diariotribuna.com.br\/?p=9066","title":{"rendered":"COVID-19: Boletim Epidemiol\u00f3gico de Te\u00f3filo Otoni em 02\/04\/21"},"content":{"rendered":"\n<figure class=\"wp-block-image size-large is-resized\"><img loading=\"lazy\" decoding=\"async\" src=\"https:\/\/diariotribuna.com.br\/wp-content\/uploads\/2021\/04\/unnamed-file-1.jpg\" alt=\"\" class=\"wp-image-9067\" width=\"466\" height=\"284\" srcset=\"https:\/\/diariotribuna.com.br\/wp-content\/uploads\/2021\/04\/unnamed-file-1.jpg 700w, https:\/\/diariotribuna.com.br\/wp-content\/uploads\/2021\/04\/unnamed-file-1-300x183.jpg 300w, https:\/\/diariotribuna.com.br\/wp-content\/uploads\/2021\/04\/unnamed-file-1-696x425.jpg 696w, https:\/\/diariotribuna.com.br\/wp-content\/uploads\/2021\/04\/unnamed-file-1-689x420.jpg 689w\" sizes=\"(max-width: 466px) 100vw, 466px\" \/><\/figure>\n\n\n\n<p>O boletim epidemiol\u00f3gico divulgado pela Secretaria Municipal de Sa\u00fade na noite desta sexta-feira (02\/04\/21) confirma 8.601 casos positivos de covid-19 em Te\u00f3filo Otoni, 84 a mais nas \u00faltimas 24 horas, e registra <strong>mais 04 \u00f3bitos<\/strong> por complica\u00e7\u00f5es causadas pela covid-19, totalizando 235, tendo ainda 04 em investiga\u00e7\u00e3o. Ainda segundo o boletim, tem 1.038 casos ativos, 211 a mais nas \u00faltimas 24 Horas. Tem 8.108 casos recuperados, e 20.120 casos suspeitos foram descartados.<\/p>\n\n\n\n<p><strong>Os quatro \u00faltimos \u00f3bitos<\/strong> ocorreram nos dias 30\/03, 01\/04 e 02\/04. O<strong> primeiro<\/strong> trata-se de um homem de 57 anos, e ele n\u00e3o possu\u00eda comorbidades. <strong>O segundo<\/strong> \u00e9 de um homem tamb\u00e9m de 57 anos, que possu\u00eda comorbidades. <strong>O terceiro<\/strong> \u00e9 de um idoso de 64 anos, que possu\u00eda comorbidades. Os tr\u00eas estavam internados na UPA 24 Horas (Avenida Get\u00falio Vargas). <strong>O quarto \u00f3bito<\/strong> \u00e9 de uma idosa de 90 anos, que estava internada no Pronto Atendimento da Unimed, e possu\u00eda comorbidades. Todos os quatro tiveram os resultados confirmados por RT-PCR.<\/p>\n\n\n\n<p><strong>No boletim de quinta-feira (1\u00ba\/04\/21),<\/strong> foram inseridos 02 \u00f3bitos, que ocorreram nos dias 31\/03 e 1\u00ba\/04\/2021 (quarta e quinta-feira). <strong>O primeiro \u00f3bito<\/strong> \u00e9 de uma idosa de 70 anos, que estava internada no Hospital Santa Ros\u00e1lia. <strong>O segundo<\/strong> \u00e9 de um idoso de 62 anos, que estava internado no Hospital Bom Samaritano. Os dois possu\u00edam comorbidades e tiveram os resultados confirmados por RT-PCR.<\/p>\n\n\n\n<p><strong>Interna\u00e7\u00f5es at\u00e9 (02\/04):<\/strong> Pelo <strong>SUS, Conv\u00eanio e Particular<\/strong> tem 40 leitos de UTI Covid no munic\u00edpio e 39 est\u00e3o ocupados, sendo 28 pacientes de Te\u00f3filo Otoni e 11 de outros munic\u00edpios <strong>(97,50% de ocupa\u00e7\u00e3o<\/strong>). Tem <strong>98 Leitos de Enfermaria Covid<\/strong> e 79 est\u00e3o ocupados, sendo 64 pacientes de Te\u00f3filo Otoni e 15 de outros munic\u00edpios <strong>(80,61% de ocupa\u00e7\u00e3o)<\/strong>.<\/p>\n\n\n\n<p><strong>Vacin\u00f4metro:<\/strong> dados atualizados na quinta-feira (1\u00ba\/04) mostram que j\u00e1 foram aplicadas 16.772 doses de vacina contra a covid-19 (na 1\u00aa dose), e 4.772 doses (na 2\u00aa).<\/p>\n","protected":false},"excerpt":{"rendered":"<p>O boletim epidemiol\u00f3gico divulgado pela Secretaria Municipal de Sa\u00fade na noite desta sexta-feira (02\/04\/21) confirma 8.601 casos positivos de covid-19 em Te\u00f3filo Otoni, 84 a mais nas \u00faltimas 24 horas, e registra mais 04 \u00f3bitos por complica\u00e7\u00f5es causadas pela covid-19, totalizando 235, tendo ainda 04 em investiga\u00e7\u00e3o. Ainda segundo o boletim, tem 1.038 casos ativos, [&hellip;]<\/p>\n","protected":false},"author":1,"featured_media":9067,"comment_status":"open","ping_status":"open","sticky":false,"template":"","format":"standard","meta":{"rop_custom_images_group":[],"rop_custom_messages_group":[],"rop_publish_now":"initial","rop_publish_now_accounts":[],"rop_publish_now_history":[],"rop_publish_now_status":"pending","footnotes":""},"categories":[192],"tags":[2899,489,84,75],"class_list":["post-9066","post","type-post","status-publish","format-standard","has-post-thumbnail","hentry","category-covid19","tag-02-04-21","tag-boletim-epidemiologico","tag-covid-19","tag-teofilo-otoni"],"_links":{"self":[{"href":"https:\/\/diariotribuna.com.br\/index.php?rest_route=\/wp\/v2\/posts\/9066"}],"collection":[{"href":"https:\/\/diariotribuna.com.br\/index.php?rest_route=\/wp\/v2\/posts"}],"about":[{"href":"https:\/\/diariotribuna.com.br\/index.php?rest_route=\/wp\/v2\/types\/post"}],"author":[{"embeddable":true,"href":"https:\/\/diariotribuna.com.br\/index.php?rest_route=\/wp\/v2\/users\/1"}],"replies":[{"embeddable":true,"href":"https:\/\/diariotribuna.com.br\/index.php?rest_route=%2Fwp%2Fv2%2Fcomments&post=9066"}],"version-history":[{"count":1,"href":"https:\/\/diariotribuna.com.br\/index.php?rest_route=\/wp\/v2\/posts\/9066\/revisions"}],"predecessor-version":[{"id":9068,"href":"https:\/\/diariotribuna.com.br\/index.php?rest_route=\/wp\/v2\/posts\/9066\/revisions\/9068"}],"wp:featuredmedia":[{"embeddable":true,"href":"https:\/\/diariotribuna.com.br\/index.php?rest_route=\/wp\/v2\/media\/9067"}],"wp:attachment":[{"href":"https:\/\/diariotribuna.com.br\/index.php?rest_route=%2Fwp%2Fv2%2Fmedia&parent=9066"}],"wp:term":[{"taxonomy":"category","embeddable":true,"href":"https:\/\/diariotribuna.com.br\/index.php?rest_route=%2Fwp%2Fv2%2Fcategories&post=9066"},{"taxonomy":"post_tag","embeddable":true,"href":"https:\/\/diariotribuna.com.br\/index.php?rest_route=%2Fwp%2Fv2%2Ftags&post=9066"}],"curies":[{"name":"wp","href":"https:\/\/api.w.org\/{rel}","templated":true}]}}