{"id":9069,"date":"2021-04-03T02:13:26","date_gmt":"2021-04-03T05:13:26","guid":{"rendered":"https:\/\/diariotribuna.com.br\/?p=9069"},"modified":"2021-04-03T02:13:28","modified_gmt":"2021-04-03T05:13:28","slug":"mortes-por-covid-19-chegam-a-2-922-em-24-horas","status":"publish","type":"post","link":"https:\/\/diariotribuna.com.br\/?p=9069","title":{"rendered":"Mortes por covid-19 chegam a 2.922 em 24 horas"},"content":{"rendered":"\n<p><strong>No total, 328 mil perderam a vida e 11,2 milh\u00f5es se recuperaram<\/strong><\/p>\n\n\n\n<figure class=\"wp-block-image size-large is-resized\"><img loading=\"lazy\" decoding=\"async\" src=\"https:\/\/diariotribuna.com.br\/wp-content\/uploads\/2021\/04\/Mascara.jpg\" alt=\"\" class=\"wp-image-9071\" width=\"493\" height=\"295\" srcset=\"https:\/\/diariotribuna.com.br\/wp-content\/uploads\/2021\/04\/Mascara.jpg 700w, https:\/\/diariotribuna.com.br\/wp-content\/uploads\/2021\/04\/Mascara-300x179.jpg 300w, https:\/\/diariotribuna.com.br\/wp-content\/uploads\/2021\/04\/Mascara-696x416.jpg 696w\" sizes=\"(max-width: 493px) 100vw, 493px\" \/><\/figure>\n\n\n\n<p>As mortes em virtude da covid-19 chegaram a 328.206 nesta sexta-feira (2). Nas \u00faltimas 24 horas, foram registradas 2.922 mortes. Entre ontem e hoje foram 70.238 novos diagn\u00f3sticos positivos. No total, 12,9 milh\u00f5es de pessoas foram contaminadas pela covid-19 no Brasil. Dessas, 11,2 milh\u00f5es se recuperaram.<\/p>\n\n\n\n<p>O balan\u00e7o, divulgado diariamente pelo Minist\u00e9rio da Sa\u00fade, re\u00fane as informa\u00e7\u00f5es levantadas pelas secretarias estaduais de Sa\u00fade de todo o pa\u00eds. Em geral, os registros de casos e mortes s\u00e3o menores nos feriados, como hoje, s\u00e1bados e domingos em raz\u00e3o da dificuldade de alimenta\u00e7\u00e3o dos dados pelas secretarias de Sa\u00fade. J\u00e1 nos primeiros dias \u00fateis seguintes, os totais tendem a ser maiores pelo ac\u00famulo das informa\u00e7\u00f5es de fim de semana que s\u00e3o enviadas ao minist\u00e9rio.<\/p>\n\n\n\n<p><strong>Estados &#8211; <\/strong>S\u00e3o Paulo chegou a 2,5 milh\u00f5es de pessoas contaminadas. Os outros estados com maior n\u00famero de casos no pa\u00eds s\u00e3o Minas Gerais (1,1 milh\u00e3o) e Rio Grande do Sul (858 mil). J\u00e1 o Acre tem o menor n\u00famero de casos (70,8 mil), seguido de Roraima (90,1 mil) e Amap\u00e1 (98,3 mil). Em n\u00famero de mortes, S\u00e3o Paulo tamb\u00e9m lidera, com 76,5 mil. Rio de Janeiro (37,2 mil) e Minas Gerais (25,2 mil) aparecem na sequ\u00eancia. Os estados com menos mortes s\u00e3o Acre (1,2 mil), Amap\u00e1 (1,31 mil) e Roraima (1,35 mil).<\/p>\n\n\n\n<figure class=\"wp-block-image size-large is-resized\"><img loading=\"lazy\" decoding=\"async\" src=\"https:\/\/diariotribuna.com.br\/wp-content\/uploads\/2021\/04\/whatsapp_image_2021-04-02_at_17.55.10.jpeg\" alt=\"\" class=\"wp-image-9070\" width=\"602\" height=\"335\" srcset=\"https:\/\/diariotribuna.com.br\/wp-content\/uploads\/2021\/04\/whatsapp_image_2021-04-02_at_17.55.10.jpeg 700w, https:\/\/diariotribuna.com.br\/wp-content\/uploads\/2021\/04\/whatsapp_image_2021-04-02_at_17.55.10-300x167.jpeg 300w, https:\/\/diariotribuna.com.br\/wp-content\/uploads\/2021\/04\/whatsapp_image_2021-04-02_at_17.55.10-696x387.jpeg 696w\" sizes=\"(max-width: 602px) 100vw, 602px\" \/><\/figure>\n\n\n\n<p><\/p>\n","protected":false},"excerpt":{"rendered":"<p>No total, 328 mil perderam a vida e 11,2 milh\u00f5es se recuperaram As mortes em virtude da covid-19 chegaram a 328.206 nesta sexta-feira (2). Nas \u00faltimas 24 horas, foram registradas 2.922 mortes. Entre ontem e hoje foram 70.238 novos diagn\u00f3sticos positivos. No total, 12,9 milh\u00f5es de pessoas foram contaminadas pela covid-19 no Brasil. Dessas, 11,2 [&hellip;]<\/p>\n","protected":false},"author":1,"featured_media":9071,"comment_status":"open","ping_status":"open","sticky":false,"template":"","format":"standard","meta":{"rop_custom_images_group":[],"rop_custom_messages_group":[],"rop_publish_now":"initial","rop_publish_now_accounts":[],"rop_publish_now_history":[],"rop_publish_now_status":"pending","footnotes":""},"categories":[192],"tags":[2899,489,393,84],"class_list":["post-9069","post","type-post","status-publish","format-standard","has-post-thumbnail","hentry","category-covid19","tag-02-04-21","tag-boletim-epidemiologico","tag-brasil","tag-covid-19"],"_links":{"self":[{"href":"https:\/\/diariotribuna.com.br\/index.php?rest_route=\/wp\/v2\/posts\/9069"}],"collection":[{"href":"https:\/\/diariotribuna.com.br\/index.php?rest_route=\/wp\/v2\/posts"}],"about":[{"href":"https:\/\/diariotribuna.com.br\/index.php?rest_route=\/wp\/v2\/types\/post"}],"author":[{"embeddable":true,"href":"https:\/\/diariotribuna.com.br\/index.php?rest_route=\/wp\/v2\/users\/1"}],"replies":[{"embeddable":true,"href":"https:\/\/diariotribuna.com.br\/index.php?rest_route=%2Fwp%2Fv2%2Fcomments&post=9069"}],"version-history":[{"count":1,"href":"https:\/\/diariotribuna.com.br\/index.php?rest_route=\/wp\/v2\/posts\/9069\/revisions"}],"predecessor-version":[{"id":9072,"href":"https:\/\/diariotribuna.com.br\/index.php?rest_route=\/wp\/v2\/posts\/9069\/revisions\/9072"}],"wp:featuredmedia":[{"embeddable":true,"href":"https:\/\/diariotribuna.com.br\/index.php?rest_route=\/wp\/v2\/media\/9071"}],"wp:attachment":[{"href":"https:\/\/diariotribuna.com.br\/index.php?rest_route=%2Fwp%2Fv2%2Fmedia&parent=9069"}],"wp:term":[{"taxonomy":"category","embeddable":true,"href":"https:\/\/diariotribuna.com.br\/index.php?rest_route=%2Fwp%2Fv2%2Fcategories&post=9069"},{"taxonomy":"post_tag","embeddable":true,"href":"https:\/\/diariotribuna.com.br\/index.php?rest_route=%2Fwp%2Fv2%2Ftags&post=9069"}],"curies":[{"name":"wp","href":"https:\/\/api.w.org\/{rel}","templated":true}]}}