{"id":9073,"date":"2021-04-05T00:09:33","date_gmt":"2021-04-05T03:09:33","guid":{"rendered":"https:\/\/diariotribuna.com.br\/?p=9073"},"modified":"2021-04-05T00:10:46","modified_gmt":"2021-04-05T03:10:46","slug":"covid-19-boletim-epidemiologico-de-teofilo-otoni-em-04-04-21","status":"publish","type":"post","link":"https:\/\/diariotribuna.com.br\/?p=9073","title":{"rendered":"COVID-19: Boletim Epidemiol\u00f3gico de Te\u00f3filo Otoni em 04\/04\/21"},"content":{"rendered":"\n<figure class=\"wp-block-image size-large is-resized\"><img loading=\"lazy\" decoding=\"async\" src=\"https:\/\/diariotribuna.com.br\/wp-content\/uploads\/2021\/04\/Coronavirus_covid19_02.jpg\" alt=\"\" class=\"wp-image-9074\" width=\"453\" height=\"255\" srcset=\"https:\/\/diariotribuna.com.br\/wp-content\/uploads\/2021\/04\/Coronavirus_covid19_02.jpg 700w, https:\/\/diariotribuna.com.br\/wp-content\/uploads\/2021\/04\/Coronavirus_covid19_02-300x169.jpg 300w, https:\/\/diariotribuna.com.br\/wp-content\/uploads\/2021\/04\/Coronavirus_covid19_02-696x392.jpg 696w\" sizes=\"(max-width: 453px) 100vw, 453px\" \/><\/figure>\n\n\n\n<p>O boletim epidemiol\u00f3gico divulgado pela Secretaria Municipal de Sa\u00fade na noite deste domingo (04\/04\/21) confirma 8.633 casos positivos de covid-19 em Te\u00f3filo Otoni, 26 a mais nas \u00faltimas 24 horas, e registra <strong>mais 01 \u00f3bito<\/strong> por complica\u00e7\u00f5es causadas pela covid-19, totalizando 237, tendo ainda 01 em investiga\u00e7\u00e3o. Ainda segundo o boletim, tem 1.029 casos ativos, 8.172 casos recuperados, e 20.153 casos suspeitos foram descartados.<\/p>\n\n\n\n<p><strong>O \u00faltimo \u00f3bito<\/strong> ocorreu na quinta-feira (01\/04\/21). Trata-se de um idoso de 68 anos, que estava internado na UPA Gobira. O paciente teve o resultado confirmado por RT-PCR. <strong>No boletim de s\u00e1bado (03\/04\/21),<\/strong> foi inserido 01 \u00f3bito que ocorreu a ter\u00e7a-feira (30\/03). Trata-se de uma idosa de 76 anos, que estava internada na UPA 24 Horas (Avenida Get\u00falio Vargas). A paciente teve o resultado confirmado por RT-PCR. A Secretaria de Sa\u00fade destaca que os pacientes receberam assist\u00eancia e tratamentos necess\u00e1rios.<\/p>\n\n\n\n<p><strong>Interna\u00e7\u00f5es at\u00e9 (04\/04):<\/strong> Pelo <strong>SUS, Conv\u00eanio e Particular<\/strong> tem 40 leitos de UTI Covid no munic\u00edpio e 40 est\u00e3o ocupados, sendo 30 pacientes de Te\u00f3filo Otoni e 10 de outros munic\u00edpios <strong>(100,00% de ocupa\u00e7\u00e3o<\/strong>). Tem <strong>98 Leitos de Enfermaria Covid<\/strong> e 66 est\u00e3o ocupados, sendo 53 pacientes de Te\u00f3filo Otoni e 13 de outros munic\u00edpios <strong>(67,34% de ocupa\u00e7\u00e3o)<\/strong>.<\/p>\n\n\n\n<p><strong>Vacin\u00f4metro:<\/strong> dados atualizados na quinta-feira (03\/04) mostram que j\u00e1 foram aplicadas 19.778 doses de vacina contra a covid-19 (na 1\u00aa dose), e 5.770 doses (na 2\u00aa).<\/p>\n","protected":false},"excerpt":{"rendered":"<p>O boletim epidemiol\u00f3gico divulgado pela Secretaria Municipal de Sa\u00fade na noite deste domingo (04\/04\/21) confirma 8.633 casos positivos de covid-19 em Te\u00f3filo Otoni, 26 a mais nas \u00faltimas 24 horas, e registra mais 01 \u00f3bito por complica\u00e7\u00f5es causadas pela covid-19, totalizando 237, tendo ainda 01 em investiga\u00e7\u00e3o. Ainda segundo o boletim, tem 1.029 casos ativos, [&hellip;]<\/p>\n","protected":false},"author":1,"featured_media":9074,"comment_status":"open","ping_status":"open","sticky":false,"template":"","format":"standard","meta":{"rop_custom_images_group":[],"rop_custom_messages_group":[],"rop_publish_now":"initial","rop_publish_now_accounts":[],"rop_publish_now_history":[],"rop_publish_now_status":"pending","footnotes":""},"categories":[192],"tags":[2900,489,84,75],"class_list":["post-9073","post","type-post","status-publish","format-standard","has-post-thumbnail","hentry","category-covid19","tag-04-04-21","tag-boletim-epidemiologico","tag-covid-19","tag-teofilo-otoni"],"_links":{"self":[{"href":"https:\/\/diariotribuna.com.br\/index.php?rest_route=\/wp\/v2\/posts\/9073"}],"collection":[{"href":"https:\/\/diariotribuna.com.br\/index.php?rest_route=\/wp\/v2\/posts"}],"about":[{"href":"https:\/\/diariotribuna.com.br\/index.php?rest_route=\/wp\/v2\/types\/post"}],"author":[{"embeddable":true,"href":"https:\/\/diariotribuna.com.br\/index.php?rest_route=\/wp\/v2\/users\/1"}],"replies":[{"embeddable":true,"href":"https:\/\/diariotribuna.com.br\/index.php?rest_route=%2Fwp%2Fv2%2Fcomments&post=9073"}],"version-history":[{"count":2,"href":"https:\/\/diariotribuna.com.br\/index.php?rest_route=\/wp\/v2\/posts\/9073\/revisions"}],"predecessor-version":[{"id":9076,"href":"https:\/\/diariotribuna.com.br\/index.php?rest_route=\/wp\/v2\/posts\/9073\/revisions\/9076"}],"wp:featuredmedia":[{"embeddable":true,"href":"https:\/\/diariotribuna.com.br\/index.php?rest_route=\/wp\/v2\/media\/9074"}],"wp:attachment":[{"href":"https:\/\/diariotribuna.com.br\/index.php?rest_route=%2Fwp%2Fv2%2Fmedia&parent=9073"}],"wp:term":[{"taxonomy":"category","embeddable":true,"href":"https:\/\/diariotribuna.com.br\/index.php?rest_route=%2Fwp%2Fv2%2Fcategories&post=9073"},{"taxonomy":"post_tag","embeddable":true,"href":"https:\/\/diariotribuna.com.br\/index.php?rest_route=%2Fwp%2Fv2%2Ftags&post=9073"}],"curies":[{"name":"wp","href":"https:\/\/api.w.org\/{rel}","templated":true}]}}