{"id":9086,"date":"2021-04-05T10:25:26","date_gmt":"2021-04-05T13:25:26","guid":{"rendered":"https:\/\/diariotribuna.com.br\/?p=9086"},"modified":"2021-04-05T10:25:29","modified_gmt":"2021-04-05T13:25:29","slug":"policia-militar-apreende-armas-de-fogo-e-municoes-em-padre-paraiso","status":"publish","type":"post","link":"https:\/\/diariotribuna.com.br\/?p=9086","title":{"rendered":"Pol\u00edcia Militar apreende armas de fogo e muni\u00e7\u00f5es em Padre Para\u00edso"},"content":{"rendered":"\n<figure class=\"wp-block-image size-large is-resized\"><img loading=\"lazy\" decoding=\"async\" src=\"https:\/\/diariotribuna.com.br\/wp-content\/uploads\/2021\/04\/c06d509b-7603-40ec-95ed-648ca292a74e.jpg\" alt=\"\" class=\"wp-image-9087\" width=\"397\" height=\"375\" srcset=\"https:\/\/diariotribuna.com.br\/wp-content\/uploads\/2021\/04\/c06d509b-7603-40ec-95ed-648ca292a74e.jpg 700w, https:\/\/diariotribuna.com.br\/wp-content\/uploads\/2021\/04\/c06d509b-7603-40ec-95ed-648ca292a74e-300x283.jpg 300w, https:\/\/diariotribuna.com.br\/wp-content\/uploads\/2021\/04\/c06d509b-7603-40ec-95ed-648ca292a74e-696x657.jpg 696w, https:\/\/diariotribuna.com.br\/wp-content\/uploads\/2021\/04\/c06d509b-7603-40ec-95ed-648ca292a74e-445x420.jpg 445w\" sizes=\"(max-width: 397px) 100vw, 397px\" \/><\/figure>\n\n\n\n<p>Na quarta-feira (31\/03), durante opera\u00e7\u00e3o no Bairro Bela Vista em Padre Para\u00edso, com objetivo de combater a criminalidade violenta, a Pol\u00edcia Militar foi acionada para intervir em um atrito verbal que acontecia entre vizinhos. No local, durante conversa com os envolvidos, os militares receberam den\u00fancia apontando que um dos autores possu\u00eda armas de fogo e muni\u00e7\u00f5es em sua resid\u00eancia.<\/p>\n\n\n\n<p>Os militares informaram ao suspeito o teor da den\u00fancia, e ele prontamente autorizou a entrada e perman\u00eancia da PM em sua casa. Durante buscas no im\u00f3vel, a equipe encontrou 01 rev\u00f3lver calibre 22, 37 muni\u00e7\u00f5es do mesmo calibre, 02 muni\u00e7\u00f5es calibre 38, uma espingarda polveira e apetrechos para recarga<\/p>\n\n\n\n<p>O autor foi preso em flagrante pelo crime de posse ilegal de arma de fogo, sendo resguardados seus direitos constitucionais, ele foi encaminhado ao hospital local onde foi atendido e liberado. Ap\u00f3s a confec\u00e7\u00e3o do boletim de ocorr\u00eancia, ele foi conduzido \u00e0 delegacia de Pol\u00edcia Civil em Padre Para\u00edso junto com os materiais apreendidos. (Informa\u00e7\u00f5es\/Fotos: Assessoria de comunica\u00e7\u00e3o organizacional da 14\u00aa Cia PM Ind., Ara\u00e7ua\u00ed).<\/p>\n","protected":false},"excerpt":{"rendered":"<p>Na quarta-feira (31\/03), durante opera\u00e7\u00e3o no Bairro Bela Vista em Padre Para\u00edso, com objetivo de combater a criminalidade violenta, a Pol\u00edcia Militar foi acionada para intervir em um atrito verbal que acontecia entre vizinhos. No local, durante conversa com os envolvidos, os militares receberam den\u00fancia apontando que um dos autores possu\u00eda armas de fogo e [&hellip;]<\/p>\n","protected":false},"author":1,"featured_media":9087,"comment_status":"open","ping_status":"open","sticky":false,"template":"","format":"standard","meta":{"rop_custom_images_group":[],"rop_custom_messages_group":[],"rop_publish_now":"initial","rop_publish_now_accounts":[],"rop_publish_now_history":[],"rop_publish_now_status":"pending","footnotes":""},"categories":[20],"tags":[186,376,205,102,76],"class_list":["post-9086","post","type-post","status-publish","format-standard","has-post-thumbnail","hentry","category-policia","tag-apreensao","tag-armas-de-fogo","tag-municoes","tag-padre-paraiso","tag-policia-militar"],"_links":{"self":[{"href":"https:\/\/diariotribuna.com.br\/index.php?rest_route=\/wp\/v2\/posts\/9086"}],"collection":[{"href":"https:\/\/diariotribuna.com.br\/index.php?rest_route=\/wp\/v2\/posts"}],"about":[{"href":"https:\/\/diariotribuna.com.br\/index.php?rest_route=\/wp\/v2\/types\/post"}],"author":[{"embeddable":true,"href":"https:\/\/diariotribuna.com.br\/index.php?rest_route=\/wp\/v2\/users\/1"}],"replies":[{"embeddable":true,"href":"https:\/\/diariotribuna.com.br\/index.php?rest_route=%2Fwp%2Fv2%2Fcomments&post=9086"}],"version-history":[{"count":1,"href":"https:\/\/diariotribuna.com.br\/index.php?rest_route=\/wp\/v2\/posts\/9086\/revisions"}],"predecessor-version":[{"id":9088,"href":"https:\/\/diariotribuna.com.br\/index.php?rest_route=\/wp\/v2\/posts\/9086\/revisions\/9088"}],"wp:featuredmedia":[{"embeddable":true,"href":"https:\/\/diariotribuna.com.br\/index.php?rest_route=\/wp\/v2\/media\/9087"}],"wp:attachment":[{"href":"https:\/\/diariotribuna.com.br\/index.php?rest_route=%2Fwp%2Fv2%2Fmedia&parent=9086"}],"wp:term":[{"taxonomy":"category","embeddable":true,"href":"https:\/\/diariotribuna.com.br\/index.php?rest_route=%2Fwp%2Fv2%2Fcategories&post=9086"},{"taxonomy":"post_tag","embeddable":true,"href":"https:\/\/diariotribuna.com.br\/index.php?rest_route=%2Fwp%2Fv2%2Ftags&post=9086"}],"curies":[{"name":"wp","href":"https:\/\/api.w.org\/{rel}","templated":true}]}}