{"id":9110,"date":"2021-04-06T11:17:48","date_gmt":"2021-04-06T14:17:48","guid":{"rendered":"https:\/\/diariotribuna.com.br\/?p=9110"},"modified":"2021-04-07T19:24:20","modified_gmt":"2021-04-07T22:24:20","slug":"policia-militar-rodoviaria-apresenta-balanco-da-operacao-semana-santa","status":"publish","type":"post","link":"https:\/\/diariotribuna.com.br\/?p=9110","title":{"rendered":"Pol\u00edcia Militar Rodovi\u00e1ria apresenta balan\u00e7o da Opera\u00e7\u00e3o Semana Santa"},"content":{"rendered":"\n<figure class=\"wp-block-image size-large is-resized\"><img loading=\"lazy\" decoding=\"async\" src=\"https:\/\/diariotribuna.com.br\/wp-content\/uploads\/2021\/04\/839efafc-f43a-4440-b577-ce6dc3396de8-1.jpg\" alt=\"\" class=\"wp-image-9121\" width=\"527\" height=\"377\" srcset=\"https:\/\/diariotribuna.com.br\/wp-content\/uploads\/2021\/04\/839efafc-f43a-4440-b577-ce6dc3396de8-1.jpg 700w, https:\/\/diariotribuna.com.br\/wp-content\/uploads\/2021\/04\/839efafc-f43a-4440-b577-ce6dc3396de8-1-300x215.jpg 300w, https:\/\/diariotribuna.com.br\/wp-content\/uploads\/2021\/04\/839efafc-f43a-4440-b577-ce6dc3396de8-1-696x499.jpg 696w, https:\/\/diariotribuna.com.br\/wp-content\/uploads\/2021\/04\/839efafc-f43a-4440-b577-ce6dc3396de8-1-586x420.jpg 586w\" sizes=\"(max-width: 527px) 100vw, 527px\" \/><\/figure>\n\n\n\n<p>A Pol\u00edcia Militar Rodovi\u00e1ria apresenta o balan\u00e7o do feriado prolongado \u201cSemana Santa\u201d, que ocorreu entre os dias 28 de mar\u00e7o a 04 de abril de 2021. Apesar da previs\u00e3o de pouco movimento nas rodovias em rela\u00e7\u00e3o aos anos anteriores, foi empregado todo o efetivo, incluindo os policiais do servi\u00e7o administrativo. O objetivo primordial foi manter a ordem p\u00fablica, por meio de a\u00e7\u00f5es pautadas no afastamento de criminosos, na preven\u00e7\u00e3o de acidentes e apoio aos \u00f3rg\u00e3os p\u00fablicos e privados caso houvesse necessidade.<\/p>\n\n\n\n<p>\u201cO Governo do Estado de Minas Gerais instituiu a \u201cOnda Roxa\u2019. Os prefeitos vem adequando a cada munic\u00edpio a uma realidade para combater a pandemia, e felizmente a popula\u00e7\u00e3o atendeu as orienta\u00e7\u00f5es das autoridades sanit\u00e1rias e n\u00e3o viajou em peso para as praias utilizando as rodovias da nossa regi\u00e3o\u201d, disse o comandante do 1\u00ba Pelot\u00e3o da 15\u00aa Cia PM Rodovi\u00e1ria, tenente Reinaldo Martins.<\/p>\n\n\n\n<p>Ele informa que a Pol\u00edcia Militar Rodovi\u00e1ria realizou um trabalho antecipado junto aos \u00f3rg\u00e3os de imprensa e m\u00eddias sociais, sugerindo \u00e0 popula\u00e7\u00e3o que evitasse viagens. Desta forma, todos puderam contribuir com o sistema de sa\u00fade nesse momento dif\u00edcil, pois temos ci\u00eancia que reduzindo o fluxo de ve\u00edculos nas rodovias no feriad\u00e3o, ter\u00edamos melhores condi\u00e7\u00f5es de evitarmos acidentes de tr\u00e2nsito e consequentemente a quantidade de v\u00edtimas e pessoas nos hospitais.<\/p>\n\n\n\n<p><strong>Acidentes com v\u00edtimas &#8211;<\/strong> Durante as opera\u00e7\u00f5es foram registrados 03 acidentes com v\u00edtimas, todos sem rela\u00e7\u00e3o com as poucas fam\u00edlias que estavam aproveitando especificamente o feriado. O primeiro fato ocorreu na MG-409, ocasi\u00e3o em que o motorista de uma caminhonete cochilou, desceu uma ribanceira e capotou, ferindo o passageiro. Segundo acidente na MGC-418, na famosa \u201cCurva do Padre\u201d, uma carreta transportando papel, tombou e o motorista teve les\u00f5es leves. No \u00faltimo acidente o motorista (inabilitado) de um Fiat Uno tentou realizar uma ultrapassagem na MGC-418, Nanuque, perdeu o controle, atingiu o VW Gol, ambos capotaram e os ocupantes do Fiat Uno sofreram les\u00f5es.<\/p>\n\n\n\n<p><strong>Ve\u00edculos adulterados &#8211;<\/strong> \u201cDestacamos positivamente a recupera\u00e7\u00e3o de 03 ve\u00edculos com sinais de adultera\u00e7\u00e3o e as pris\u00f5es dos condutores\/ propriet\u00e1rios, as pris\u00f5es de 02 indiv\u00edduos foragidos da justi\u00e7a, al\u00e9m das autua\u00e7\u00f5es por embriaguez, pris\u00f5es por crimes diversos e o mais importante, a seguran\u00e7a objetiva e subjetiva que foi proporcionada \u00e0 coletividade\u201d, disse o tenente Reinaldo.<\/p>\n\n\n\n<p><strong>Pris\u00f5es &#8211;<\/strong> Negativamente ele cita 03 pris\u00f5es de motoristas embriagados na regi\u00e3o de Te\u00f3filo Otoni. O primeiro deles conduzia o ve\u00edculo no per\u00edmetro urbano da MGC-418 e ao ser abordado fugiu, foi localizado e preso pela guarni\u00e7\u00e3o policial. No segundo caso um motorista transitando em zig-zag pela MG-217, estrada de Pot\u00e9, foi abordado, constatada a embriaguez e ele foi preso. Por \u00faltimo um motorista na contram\u00e3o de dire\u00e7\u00e3o na MGC-418, per\u00edmetro urbano de Te\u00f3filo Otoni, foi abordado dirigindo embriagado e preso.<\/p>\n\n\n\n<p>O tenente Reinaldo alerta, que em rela\u00e7\u00e3o a embriaguez ao volante as medidas administrativas e penais s\u00e3o severas. O motorista \u00e9 preso e apresentado \u00e0 autoridade de pol\u00edcia judici\u00e1ria, \u00e9 submetido ao pagamento de fian\u00e7a, tem a CNH recolhida e passa por um processo de suspens\u00e3o do documento, \u00e9 atuado na infra\u00e7\u00e3o grav\u00edssima multiplicada por dez (totalizando quase R$ 3.000,00), e posteriormente responde pelo crime perante \u00e0 justi\u00e7a, inclusive pode ter uma s\u00e9rie de gastos com um defensor. \u201cA Pol\u00edcia Militar Rodovi\u00e1ria n\u00e3o tem a pretens\u00e3o de prender as pessoas, recolher documentos ou autua-los. Nosso foco \u00e9 a preven\u00e7\u00e3o, com a\u00e7\u00f5es\/opera\u00e7\u00f5es objetivando manter a ordem p\u00fablica, a seguran\u00e7a vi\u00e1ria\u201d.<\/p>\n\n\n\n<p>O comandante relembra, que a sociedade vivencia uma pandemia e muitas fam\u00edlias passam por problemas diversos, dentre eles o financeiro. As medidas aplicadas aos condutores embriagados tendem a potencializ\u00e1-los, uma vez que os custos para sanar a quest\u00e3o podem ser consideravelmente incompat\u00edveis com a condi\u00e7\u00e3o de vida moment\u00e2nea daquela pessoa. Temos ainda a possibilidade do envolvimento dos motoristas embriagados em acidentes graves, matando ou ferindo pessoas, fatos que, nesse momento de pandemia, podem comprometer as institui\u00e7\u00f5es de sa\u00fade.<\/p>\n\n\n\n<p>\u201cNovamente a Pol\u00edcia Militar Rodovi\u00e1ria agradece \u00e0 popula\u00e7\u00e3o pelo apoio e confian\u00e7a durante o trabalho conjunto no feriado \u201cSemana Santa\u201d e nossas a\u00e7\u00f5es preventivas em prol da coletividade continuar\u00e3o diariamente. Renovamos o convite \u00e0 sociedade na manuten\u00e7\u00e3o dessa parceria que tem sido bastante positiva na produ\u00e7\u00e3o de seguran\u00e7a p\u00fablica&#8221;, concluiu o tenente Reinaldo. <\/p>\n\n\n\n<figure class=\"wp-block-gallery columns-3 is-cropped wp-block-gallery-1 is-layout-flex wp-block-gallery-is-layout-flex\"><ul class=\"blocks-gallery-grid\"><li class=\"blocks-gallery-item\"><figure><img loading=\"lazy\" decoding=\"async\" width=\"400\" height=\"483\" src=\"https:\/\/diariotribuna.com.br\/wp-content\/uploads\/2021\/04\/2.jpg\" alt=\"\" data-id=\"9113\" data-full-url=\"https:\/\/diariotribuna.com.br\/wp-content\/uploads\/2021\/04\/2.jpg\" data-link=\"https:\/\/diariotribuna.com.br\/?attachment_id=9113\" class=\"wp-image-9113\" srcset=\"https:\/\/diariotribuna.com.br\/wp-content\/uploads\/2021\/04\/2.jpg 400w, https:\/\/diariotribuna.com.br\/wp-content\/uploads\/2021\/04\/2-248x300.jpg 248w, https:\/\/diariotribuna.com.br\/wp-content\/uploads\/2021\/04\/2-348x420.jpg 348w\" sizes=\"(max-width: 400px) 100vw, 400px\" \/><\/figure><\/li><li class=\"blocks-gallery-item\"><figure><img loading=\"lazy\" decoding=\"async\" width=\"700\" height=\"525\" src=\"https:\/\/diariotribuna.com.br\/wp-content\/uploads\/2021\/04\/5.jpg\" alt=\"\" data-id=\"9116\" data-full-url=\"https:\/\/diariotribuna.com.br\/wp-content\/uploads\/2021\/04\/5.jpg\" data-link=\"https:\/\/diariotribuna.com.br\/?attachment_id=9116\" class=\"wp-image-9116\" srcset=\"https:\/\/diariotribuna.com.br\/wp-content\/uploads\/2021\/04\/5.jpg 700w, https:\/\/diariotribuna.com.br\/wp-content\/uploads\/2021\/04\/5-300x225.jpg 300w, https:\/\/diariotribuna.com.br\/wp-content\/uploads\/2021\/04\/5-80x60.jpg 80w, https:\/\/diariotribuna.com.br\/wp-content\/uploads\/2021\/04\/5-265x198.jpg 265w, https:\/\/diariotribuna.com.br\/wp-content\/uploads\/2021\/04\/5-696x522.jpg 696w, https:\/\/diariotribuna.com.br\/wp-content\/uploads\/2021\/04\/5-560x420.jpg 560w\" sizes=\"(max-width: 700px) 100vw, 700px\" \/><\/figure><\/li><li class=\"blocks-gallery-item\"><figure><img loading=\"lazy\" decoding=\"async\" width=\"700\" height=\"394\" src=\"https:\/\/diariotribuna.com.br\/wp-content\/uploads\/2021\/04\/4.jpg\" alt=\"\" data-id=\"9115\" data-full-url=\"https:\/\/diariotribuna.com.br\/wp-content\/uploads\/2021\/04\/4.jpg\" data-link=\"https:\/\/diariotribuna.com.br\/?attachment_id=9115\" class=\"wp-image-9115\" srcset=\"https:\/\/diariotribuna.com.br\/wp-content\/uploads\/2021\/04\/4.jpg 700w, https:\/\/diariotribuna.com.br\/wp-content\/uploads\/2021\/04\/4-300x169.jpg 300w, https:\/\/diariotribuna.com.br\/wp-content\/uploads\/2021\/04\/4-696x392.jpg 696w\" sizes=\"(max-width: 700px) 100vw, 700px\" \/><\/figure><\/li><li class=\"blocks-gallery-item\"><figure><img loading=\"lazy\" decoding=\"async\" width=\"700\" height=\"471\" src=\"https:\/\/diariotribuna.com.br\/wp-content\/uploads\/2021\/04\/6.jpg\" alt=\"\" data-id=\"9117\" data-full-url=\"https:\/\/diariotribuna.com.br\/wp-content\/uploads\/2021\/04\/6.jpg\" data-link=\"https:\/\/diariotribuna.com.br\/?attachment_id=9117\" class=\"wp-image-9117\" srcset=\"https:\/\/diariotribuna.com.br\/wp-content\/uploads\/2021\/04\/6.jpg 700w, https:\/\/diariotribuna.com.br\/wp-content\/uploads\/2021\/04\/6-300x202.jpg 300w, https:\/\/diariotribuna.com.br\/wp-content\/uploads\/2021\/04\/6-696x468.jpg 696w, https:\/\/diariotribuna.com.br\/wp-content\/uploads\/2021\/04\/6-624x420.jpg 624w\" sizes=\"(max-width: 700px) 100vw, 700px\" \/><\/figure><\/li><li class=\"blocks-gallery-item\"><figure><img loading=\"lazy\" decoding=\"async\" width=\"644\" height=\"390\" src=\"https:\/\/diariotribuna.com.br\/wp-content\/uploads\/2021\/04\/8.jpg\" alt=\"\" data-id=\"9119\" data-full-url=\"https:\/\/diariotribuna.com.br\/wp-content\/uploads\/2021\/04\/8.jpg\" data-link=\"https:\/\/diariotribuna.com.br\/?attachment_id=9119\" class=\"wp-image-9119\" srcset=\"https:\/\/diariotribuna.com.br\/wp-content\/uploads\/2021\/04\/8.jpg 644w, https:\/\/diariotribuna.com.br\/wp-content\/uploads\/2021\/04\/8-300x182.jpg 300w\" sizes=\"(max-width: 644px) 100vw, 644px\" \/><\/figure><\/li><li class=\"blocks-gallery-item\"><figure><img loading=\"lazy\" decoding=\"async\" width=\"700\" height=\"455\" src=\"https:\/\/diariotribuna.com.br\/wp-content\/uploads\/2021\/04\/7.jpg\" alt=\"\" data-id=\"9118\" data-full-url=\"https:\/\/diariotribuna.com.br\/wp-content\/uploads\/2021\/04\/7.jpg\" data-link=\"https:\/\/diariotribuna.com.br\/?attachment_id=9118\" class=\"wp-image-9118\" srcset=\"https:\/\/diariotribuna.com.br\/wp-content\/uploads\/2021\/04\/7.jpg 700w, https:\/\/diariotribuna.com.br\/wp-content\/uploads\/2021\/04\/7-300x195.jpg 300w, https:\/\/diariotribuna.com.br\/wp-content\/uploads\/2021\/04\/7-696x452.jpg 696w, https:\/\/diariotribuna.com.br\/wp-content\/uploads\/2021\/04\/7-646x420.jpg 646w\" sizes=\"(max-width: 700px) 100vw, 700px\" \/><\/figure><\/li><li class=\"blocks-gallery-item\"><figure><img loading=\"lazy\" decoding=\"async\" width=\"600\" height=\"867\" src=\"https:\/\/diariotribuna.com.br\/wp-content\/uploads\/2021\/04\/1.jpg\" alt=\"\" data-id=\"9112\" data-full-url=\"https:\/\/diariotribuna.com.br\/wp-content\/uploads\/2021\/04\/1.jpg\" data-link=\"https:\/\/diariotribuna.com.br\/?attachment_id=9112\" class=\"wp-image-9112\" srcset=\"https:\/\/diariotribuna.com.br\/wp-content\/uploads\/2021\/04\/1.jpg 600w, https:\/\/diariotribuna.com.br\/wp-content\/uploads\/2021\/04\/1-208x300.jpg 208w, https:\/\/diariotribuna.com.br\/wp-content\/uploads\/2021\/04\/1-291x420.jpg 291w\" sizes=\"(max-width: 600px) 100vw, 600px\" \/><\/figure><\/li><li class=\"blocks-gallery-item\"><figure><img loading=\"lazy\" decoding=\"async\" width=\"400\" height=\"394\" src=\"https:\/\/diariotribuna.com.br\/wp-content\/uploads\/2021\/04\/3.jpg\" alt=\"\" data-id=\"9114\" data-full-url=\"https:\/\/diariotribuna.com.br\/wp-content\/uploads\/2021\/04\/3.jpg\" data-link=\"https:\/\/diariotribuna.com.br\/?attachment_id=9114\" class=\"wp-image-9114\" srcset=\"https:\/\/diariotribuna.com.br\/wp-content\/uploads\/2021\/04\/3.jpg 400w, https:\/\/diariotribuna.com.br\/wp-content\/uploads\/2021\/04\/3-300x296.jpg 300w\" sizes=\"(max-width: 400px) 100vw, 400px\" \/><\/figure><\/li><li class=\"blocks-gallery-item\"><figure><img loading=\"lazy\" decoding=\"async\" width=\"700\" height=\"933\" src=\"https:\/\/diariotribuna.com.br\/wp-content\/uploads\/2021\/04\/9.jpg\" alt=\"\" data-id=\"9111\" data-full-url=\"https:\/\/diariotribuna.com.br\/wp-content\/uploads\/2021\/04\/9.jpg\" data-link=\"https:\/\/diariotribuna.com.br\/?attachment_id=9111\" class=\"wp-image-9111\" srcset=\"https:\/\/diariotribuna.com.br\/wp-content\/uploads\/2021\/04\/9.jpg 700w, https:\/\/diariotribuna.com.br\/wp-content\/uploads\/2021\/04\/9-225x300.jpg 225w, https:\/\/diariotribuna.com.br\/wp-content\/uploads\/2021\/04\/9-696x928.jpg 696w, https:\/\/diariotribuna.com.br\/wp-content\/uploads\/2021\/04\/9-315x420.jpg 315w\" sizes=\"(max-width: 700px) 100vw, 700px\" \/><\/figure><\/li><\/ul><\/figure>\n\n\n\n<p><strong>(Informa\u00e7\u00f5es\/Fotos: Tenente Reinaldo Martins, comandante do 1\u00ba Pelot\u00e3o\/ 15\u00aa Cia PM Rv).<\/strong><\/p>\n\n\n\n<h4 class=\"wp-block-heading\"><strong>Pol\u00edcia Militar Rodovi\u00e1ria: \u201cOs anjos da guarda dos caminhos de Minas\u201d<\/strong><\/h4>\n","protected":false},"excerpt":{"rendered":"<p>A Pol\u00edcia Militar Rodovi\u00e1ria apresenta o balan\u00e7o do feriado prolongado \u201cSemana Santa\u201d, que ocorreu entre os dias 28 de mar\u00e7o a 04 de abril de 2021. Apesar da previs\u00e3o de pouco movimento nas rodovias em rela\u00e7\u00e3o aos anos anteriores, foi empregado todo o efetivo, incluindo os policiais do servi\u00e7o administrativo. O objetivo primordial foi manter [&hellip;]<\/p>\n","protected":false},"author":1,"featured_media":9121,"comment_status":"open","ping_status":"open","sticky":false,"template":"","format":"standard","meta":{"rop_custom_images_group":[],"rop_custom_messages_group":[],"rop_publish_now":"initial","rop_publish_now_accounts":[],"rop_publish_now_history":[],"rop_publish_now_status":"pending","footnotes":""},"categories":[20],"tags":[1281,70,2875,1299,75],"class_list":["post-9110","post","type-post","status-publish","format-standard","has-post-thumbnail","hentry","category-policia","tag-1281","tag-minas-gerais","tag-operacao-semana-santa","tag-policia-militar-rodoviaria-2","tag-teofilo-otoni"],"_links":{"self":[{"href":"https:\/\/diariotribuna.com.br\/index.php?rest_route=\/wp\/v2\/posts\/9110"}],"collection":[{"href":"https:\/\/diariotribuna.com.br\/index.php?rest_route=\/wp\/v2\/posts"}],"about":[{"href":"https:\/\/diariotribuna.com.br\/index.php?rest_route=\/wp\/v2\/types\/post"}],"author":[{"embeddable":true,"href":"https:\/\/diariotribuna.com.br\/index.php?rest_route=\/wp\/v2\/users\/1"}],"replies":[{"embeddable":true,"href":"https:\/\/diariotribuna.com.br\/index.php?rest_route=%2Fwp%2Fv2%2Fcomments&post=9110"}],"version-history":[{"count":3,"href":"https:\/\/diariotribuna.com.br\/index.php?rest_route=\/wp\/v2\/posts\/9110\/revisions"}],"predecessor-version":[{"id":9126,"href":"https:\/\/diariotribuna.com.br\/index.php?rest_route=\/wp\/v2\/posts\/9110\/revisions\/9126"}],"wp:featuredmedia":[{"embeddable":true,"href":"https:\/\/diariotribuna.com.br\/index.php?rest_route=\/wp\/v2\/media\/9121"}],"wp:attachment":[{"href":"https:\/\/diariotribuna.com.br\/index.php?rest_route=%2Fwp%2Fv2%2Fmedia&parent=9110"}],"wp:term":[{"taxonomy":"category","embeddable":true,"href":"https:\/\/diariotribuna.com.br\/index.php?rest_route=%2Fwp%2Fv2%2Fcategories&post=9110"},{"taxonomy":"post_tag","embeddable":true,"href":"https:\/\/diariotribuna.com.br\/index.php?rest_route=%2Fwp%2Fv2%2Ftags&post=9110"}],"curies":[{"name":"wp","href":"https:\/\/api.w.org\/{rel}","templated":true}]}}