{"id":9127,"date":"2021-04-07T00:43:24","date_gmt":"2021-04-07T03:43:24","guid":{"rendered":"https:\/\/diariotribuna.com.br\/?p=9127"},"modified":"2021-04-07T16:36:22","modified_gmt":"2021-04-07T19:36:22","slug":"mais-de-10-milhoes-de-declaracoes-do-imposto-de-renda-ja-foram-entregues-a-receita-federal","status":"publish","type":"post","link":"https:\/\/diariotribuna.com.br\/?p=9127","title":{"rendered":"Mais de 10 milh\u00f5es de declara\u00e7\u00f5es do Imposto de Renda j\u00e1 foram entregues \u00e0 Receita Federal"},"content":{"rendered":"\n<figure class=\"wp-block-image size-large is-resized\"><img loading=\"lazy\" decoding=\"async\" src=\"https:\/\/diariotribuna.com.br\/wp-content\/uploads\/2021\/04\/ae5cc9e1-8a2d-4ae8-8846-aa215bcf99a0.jpg\" alt=\"\" class=\"wp-image-9129\" width=\"296\" height=\"395\" srcset=\"https:\/\/diariotribuna.com.br\/wp-content\/uploads\/2021\/04\/ae5cc9e1-8a2d-4ae8-8846-aa215bcf99a0.jpg 700w, https:\/\/diariotribuna.com.br\/wp-content\/uploads\/2021\/04\/ae5cc9e1-8a2d-4ae8-8846-aa215bcf99a0-225x300.jpg 225w, https:\/\/diariotribuna.com.br\/wp-content\/uploads\/2021\/04\/ae5cc9e1-8a2d-4ae8-8846-aa215bcf99a0-696x928.jpg 696w, https:\/\/diariotribuna.com.br\/wp-content\/uploads\/2021\/04\/ae5cc9e1-8a2d-4ae8-8846-aa215bcf99a0-315x420.jpg 315w\" sizes=\"(max-width: 296px) 100vw, 296px\" \/><figcaption><strong>Paulo S\u00e9rgio Almeida Santos<br>Contador; Diretor da empresa Vitaly<br>Almeida Contabilidade &amp; Rural<\/strong><\/figcaption><\/figure>\n\n\n\n<figure class=\"wp-block-image size-large is-resized\"><img loading=\"lazy\" decoding=\"async\" src=\"https:\/\/diariotribuna.com.br\/wp-content\/uploads\/2021\/04\/IRPF-vitaly-almeida-001.jpg\" alt=\"\" class=\"wp-image-9128\" width=\"486\" height=\"359\" srcset=\"https:\/\/diariotribuna.com.br\/wp-content\/uploads\/2021\/04\/IRPF-vitaly-almeida-001.jpg 700w, https:\/\/diariotribuna.com.br\/wp-content\/uploads\/2021\/04\/IRPF-vitaly-almeida-001-300x221.jpg 300w, https:\/\/diariotribuna.com.br\/wp-content\/uploads\/2021\/04\/IRPF-vitaly-almeida-001-80x60.jpg 80w, https:\/\/diariotribuna.com.br\/wp-content\/uploads\/2021\/04\/IRPF-vitaly-almeida-001-696x513.jpg 696w, https:\/\/diariotribuna.com.br\/wp-content\/uploads\/2021\/04\/IRPF-vitaly-almeida-001-570x420.jpg 570w\" sizes=\"(max-width: 486px) 100vw, 486px\" \/><\/figure>\n\n\n\n<p>Este n\u00famero representa mais 30% do total de declara\u00e7\u00f5es previstas para 2021, que \u00e9 de 32 milh\u00f5es;<\/p>\n\n\n\n<p>O sistema de entrega da Declara\u00e7\u00e3o do Imposto de Renda recebe as declara\u00e7\u00f5es 20 horas por dia \u2014 fica indispon\u00edvel apenas na madrugada, entre 1 hora e 5 horas;<\/p>\n\n\n\n<p>O envio da Declara\u00e7\u00e3o come\u00e7ou <strong>no dia 1\u00ba DE MAR\u00c7O e vai at\u00e9 30 DE ABRIL<\/strong>. As restitui\u00e7\u00f5es come\u00e7am a ser pagas em MAIO;<\/p>\n\n\n\n<p>A C\u00e2mara dos Deputados j\u00e1 aprovou a prorroga\u00e7\u00e3o do prazo para <strong>ENTREGA DA DECLARA\u00c7\u00c3O para 31 de julho<\/strong>. No entanto, \u00e9 preciso aguardar a posi\u00e7\u00e3o do Senado e da Presid\u00eancia da Rep\u00fablica;<\/p>\n\n\n\n<p>\u00c9 importante ficar de olho no calend\u00e1rio. Quem perder a data ter\u00e1 de pagar multa de 1% sobre o imposto devido ao m\u00eas, com valor m\u00ednimo de R$ 165,74.<\/p>\n\n\n\n<p><strong>PAULO S\u00c9RGIO ALMEIDA SANTOS<\/strong> &#8211; Contador; Diretor da empresa VITALY ALMEIDA Contabilidade &amp; Rural; Forma\u00e7\u00e3o em T\u00e9cnico em Contabilidade (E.E. Alfredo S\u00e1 &#8211; Te\u00f3filo Otoni); Forma\u00e7\u00e3o Superior em Ci\u00eancias Cont\u00e1beis (Doctum-Te\u00f3filo Otoni); P\u00f3s Graduando em Gest\u00e3o Financeira e Controladoria (FGV-Governador Valadares); Diretor do SINDCONT Nordeste Mineiro; Conselheiro da Junta de Recursos Fiscais em Te\u00f3filo Otoni; Diretor do CMDCA em Itambacuri; Diretor da ASSETI em Itambacuri; Diretor da CDL Itambacuri.<\/p>\n\n\n\n<p><strong>Cr\u00edticas\/sugest\u00f5es: <a href=\"mailto:vitalyalmeida@gmail.com\">vitalyalmeida@gmail.com<\/a><\/strong><\/p>\n","protected":false},"excerpt":{"rendered":"<p>Este n\u00famero representa mais 30% do total de declara\u00e7\u00f5es previstas para 2021, que \u00e9 de 32 milh\u00f5es; O sistema de entrega da Declara\u00e7\u00e3o do Imposto de Renda recebe as declara\u00e7\u00f5es 20 horas por dia \u2014 fica indispon\u00edvel apenas na madrugada, entre 1 hora e 5 horas; O envio da Declara\u00e7\u00e3o come\u00e7ou no dia 1\u00ba DE [&hellip;]<\/p>\n","protected":false},"author":1,"featured_media":9128,"comment_status":"open","ping_status":"open","sticky":false,"template":"","format":"standard","meta":{"rop_custom_images_group":[],"rop_custom_messages_group":[],"rop_publish_now":"initial","rop_publish_now_accounts":[],"rop_publish_now_history":[],"rop_publish_now_status":"pending","footnotes":""},"categories":[24],"tags":[1281,2908,2907,540,2909],"class_list":["post-9127","post","type-post","status-publish","format-standard","has-post-thumbnail","hentry","category-opiniao","tag-1281","tag-declaracao","tag-imposto-de-renda","tag-paulo-sergio-almeida-santos","tag-receita-federal"],"_links":{"self":[{"href":"https:\/\/diariotribuna.com.br\/index.php?rest_route=\/wp\/v2\/posts\/9127"}],"collection":[{"href":"https:\/\/diariotribuna.com.br\/index.php?rest_route=\/wp\/v2\/posts"}],"about":[{"href":"https:\/\/diariotribuna.com.br\/index.php?rest_route=\/wp\/v2\/types\/post"}],"author":[{"embeddable":true,"href":"https:\/\/diariotribuna.com.br\/index.php?rest_route=\/wp\/v2\/users\/1"}],"replies":[{"embeddable":true,"href":"https:\/\/diariotribuna.com.br\/index.php?rest_route=%2Fwp%2Fv2%2Fcomments&post=9127"}],"version-history":[{"count":2,"href":"https:\/\/diariotribuna.com.br\/index.php?rest_route=\/wp\/v2\/posts\/9127\/revisions"}],"predecessor-version":[{"id":9131,"href":"https:\/\/diariotribuna.com.br\/index.php?rest_route=\/wp\/v2\/posts\/9127\/revisions\/9131"}],"wp:featuredmedia":[{"embeddable":true,"href":"https:\/\/diariotribuna.com.br\/index.php?rest_route=\/wp\/v2\/media\/9128"}],"wp:attachment":[{"href":"https:\/\/diariotribuna.com.br\/index.php?rest_route=%2Fwp%2Fv2%2Fmedia&parent=9127"}],"wp:term":[{"taxonomy":"category","embeddable":true,"href":"https:\/\/diariotribuna.com.br\/index.php?rest_route=%2Fwp%2Fv2%2Fcategories&post=9127"},{"taxonomy":"post_tag","embeddable":true,"href":"https:\/\/diariotribuna.com.br\/index.php?rest_route=%2Fwp%2Fv2%2Ftags&post=9127"}],"curies":[{"name":"wp","href":"https:\/\/api.w.org\/{rel}","templated":true}]}}