{"id":9133,"date":"2021-04-07T12:10:44","date_gmt":"2021-04-07T15:10:44","guid":{"rendered":"https:\/\/diariotribuna.com.br\/?p=9133"},"modified":"2021-04-09T16:33:01","modified_gmt":"2021-04-09T19:33:01","slug":"instituto-cultural-in-cena-firma-parceria-com-a-prefeitura-de-padre-paraiso","status":"publish","type":"post","link":"https:\/\/diariotribuna.com.br\/?p=9133","title":{"rendered":"Instituto Cultural In-Cena firma parceria com a Prefeitura de Padre Para\u00edso"},"content":{"rendered":"\n<figure class=\"wp-block-image size-large is-resized\"><img loading=\"lazy\" decoding=\"async\" src=\"https:\/\/diariotribuna.com.br\/wp-content\/uploads\/2021\/04\/1-1.jpg\" alt=\"\" class=\"wp-image-9135\" width=\"535\" height=\"260\" srcset=\"https:\/\/diariotribuna.com.br\/wp-content\/uploads\/2021\/04\/1-1.jpg 700w, https:\/\/diariotribuna.com.br\/wp-content\/uploads\/2021\/04\/1-1-300x146.jpg 300w, https:\/\/diariotribuna.com.br\/wp-content\/uploads\/2021\/04\/1-1-696x340.jpg 696w\" sizes=\"(max-width: 535px) 100vw, 535px\" \/><figcaption><strong>A secret\u00e1ria Municipal de Cultura, Geane Matos, e o diretor<\/strong> <strong>do<\/strong><br><strong>Instituto Cultural<\/strong> <strong>In-Cena<\/strong> <strong>e tamb\u00e9m do Grupo In-cena<\/strong> <strong>de<\/strong> <br><strong>Teatro, Andr\u00e9 Luiz Dias &nbsp;<\/strong><\/figcaption><\/figure>\n\n\n\n<p>Na quarta-feira (31\/03), a Prefeitura Municipal de Padre Para\u00edso e o Instituto Cultural In- -Cena, de Te\u00f3filo Otoni, assinaram um termo de colabora\u00e7\u00e3o entre ambos, para valoriza\u00e7\u00e3o da cultura local. O diretor do Instituto Cultural In-Cena e tamb\u00e9m do Grupo In-cena de Teatro, Andr\u00e9 Luiz Dias, destaca que a parceria vai desenvolver a cultura da cidade, atrav\u00e9s de atividades formativas, educativas e de incentivo ao setor. Um Projeto de Lei, que j\u00e1 passou pela C\u00e2mara Municipal e foi aprovado por unanimidade, fundamentou a iniciativa. De acordo com a secret\u00e1ria da pasta de cultura, Geane Matos, o planejamento j\u00e1 est\u00e1 sendo feito e come\u00e7a a ser executado ainda neste m\u00eas de Abril.<\/p>\n\n\n\n<p>O Instituto Cultural In-Cena est\u00e1 rompendo estradas, voando alto, representando com muito profissionalismo o Vale do Mucuri, agora chegando tamb\u00e9m no Vale do Jequitinhonha em parceria com a Prefeitura de Padre Para\u00edso. Para Andr\u00e9 Dias, essa parceria possibilita avan\u00e7os imensos nas regi\u00f5es dos vales do Mucuri e Jequitinhonha. \u201cAo longo dos 15 anos do In-Cena que ser\u00e3o comemorados em 2022, sempre tivemos como diretriz ampliar essa produ\u00e7\u00e3o e frui\u00e7\u00e3o cultural na regi\u00e3o. J\u00e1 existe um trabalho consolidado na cidade sede do Instituto In-Cena em Te\u00f3filo Otoni, e nas cidades de Santa Helena de Minas e Pav\u00e3o, onde trabalhos s\u00e3o desenvolvidos. Chegar a Padre Para\u00edso \u00e9 ampliar de forma geogr\u00e1fica esses trabalhos. Dar continuidade e possibilitar conex\u00f5es, gerar empregos diretos e indiretos, al\u00e9m de fomentar artisticamente a cidade\u201d, disse.<\/p>\n\n\n\n<p>Sobre mais esse avan\u00e7o no Instituto, Andr\u00e9 ressalta que sempre acreditou em parcerias, que gosta de trabalhar em rede. \u201cAcho necess\u00e1rio fortalecimento do setor, quando esse est\u00e1 preparado tecnicamente e humanamente falando\u201d. Disse que aprende muito em trabalhos e parcerias, forma\u00e7\u00e3o e consultorias com SEBRAE e UFVJM. \u201cEsse momento de avan\u00e7o para a equipe do In-Cena em um momento que atravessamos um retrocesso no mercado de trabalho, emprego e renda, social e tantos outros devido \u00e0 Covid-19, se d\u00e1 por conta de uma base s\u00f3lida de trabalho e planejamento sistematizado\u201d.<\/p>\n\n\n\n<p>Andr\u00e9 destaca que os parceiros s\u00e3o fundamentais para que isso aconte\u00e7a. E tamb\u00e9m os gestores locais com sensibilidade e conhecedores da t\u00e9cnica e import\u00e2ncia em fazer um bom trabalho na gest\u00e3o, ampliando suas parcerias e potencializando suas equipes com aqueles que conhecem da realidade local e do fazer t\u00e9cnico e art\u00edstico. \u201cS\u00e3o essas parcerias que nos permite avan\u00e7ar e colocar nossas cidades e regi\u00e3o nos mapas da cultura, oferecer arte, forma\u00e7\u00e3o e entretenimento, educa\u00e7\u00e3o e transforma\u00e7\u00e3o por meio do trabalho art\u00edstico\u201d, pontuou.<\/p>\n\n\n\n<figure class=\"wp-block-image size-large is-resized\"><img loading=\"lazy\" decoding=\"async\" src=\"https:\/\/diariotribuna.com.br\/wp-content\/uploads\/2021\/04\/9d29d8b2-d2b5-49e2-9ee2-cc41aad07ddb.jpg\" alt=\"\" class=\"wp-image-9134\" width=\"519\" height=\"320\" srcset=\"https:\/\/diariotribuna.com.br\/wp-content\/uploads\/2021\/04\/9d29d8b2-d2b5-49e2-9ee2-cc41aad07ddb.jpg 700w, https:\/\/diariotribuna.com.br\/wp-content\/uploads\/2021\/04\/9d29d8b2-d2b5-49e2-9ee2-cc41aad07ddb-300x185.jpg 300w, https:\/\/diariotribuna.com.br\/wp-content\/uploads\/2021\/04\/9d29d8b2-d2b5-49e2-9ee2-cc41aad07ddb-356x220.jpg 356w, https:\/\/diariotribuna.com.br\/wp-content\/uploads\/2021\/04\/9d29d8b2-d2b5-49e2-9ee2-cc41aad07ddb-696x430.jpg 696w, https:\/\/diariotribuna.com.br\/wp-content\/uploads\/2021\/04\/9d29d8b2-d2b5-49e2-9ee2-cc41aad07ddb-681x420.jpg 681w\" sizes=\"(max-width: 519px) 100vw, 519px\" \/><\/figure>\n\n\n\n<p><strong>No quadro quantitativo e qualitativo de Minas Gerais, Te\u00f3filo Otoni ficou atr\u00e1s apenas da cidade de Juiz de Fora, nas aprova\u00e7\u00f5es de projetos na Lei Aldir Blanc no Estado<\/strong>. Belo Horizonte em primeiro lugar, Juiz de Fora em segundo. &#8220;O coletivo dos artistas locais articulados pelo Instituto Cultural In-Cena aprovou uma quantidade significativa de projetos na Aldir Blanc do Estado de Minas Gerais. Fora outros projetos locais e regionais assessorados durante as inscri\u00e7\u00f5es. Trabalho de rede, divulga\u00e7\u00e3o, assessoria e comprometimento com o desenvolvimento local\u201d. Andr\u00e9 frisa a import\u00e2ncia e o significado para nossa regi\u00e3o esse mapa quantitativo e qualitativo.<\/p>\n\n\n\n<figure class=\"wp-block-gallery columns-2 is-cropped wp-block-gallery-1 is-layout-flex wp-block-gallery-is-layout-flex\"><ul class=\"blocks-gallery-grid\"><li class=\"blocks-gallery-item\"><figure><img loading=\"lazy\" decoding=\"async\" width=\"700\" height=\"875\" src=\"https:\/\/diariotribuna.com.br\/wp-content\/uploads\/2021\/04\/3-1.jpg\" alt=\"\" data-id=\"9136\" data-full-url=\"https:\/\/diariotribuna.com.br\/wp-content\/uploads\/2021\/04\/3-1.jpg\" data-link=\"https:\/\/diariotribuna.com.br\/?attachment_id=9136\" class=\"wp-image-9136\" srcset=\"https:\/\/diariotribuna.com.br\/wp-content\/uploads\/2021\/04\/3-1.jpg 700w, https:\/\/diariotribuna.com.br\/wp-content\/uploads\/2021\/04\/3-1-240x300.jpg 240w, https:\/\/diariotribuna.com.br\/wp-content\/uploads\/2021\/04\/3-1-696x870.jpg 696w, https:\/\/diariotribuna.com.br\/wp-content\/uploads\/2021\/04\/3-1-336x420.jpg 336w\" sizes=\"(max-width: 700px) 100vw, 700px\" \/><figcaption class=\"blocks-gallery-item__caption\"><strong><br><br>Diretor do Instituto Cultural In-Cena, Andr\u00e9 Luiz Dias comemora a parceria firmada com a Prefeitura de Padre Para\u00edso<\/strong><\/figcaption><\/figure><\/li><li class=\"blocks-gallery-item\"><figure><img loading=\"lazy\" decoding=\"async\" width=\"700\" height=\"875\" src=\"https:\/\/diariotribuna.com.br\/wp-content\/uploads\/2021\/04\/2-1.jpg\" alt=\"\" data-id=\"9137\" data-full-url=\"https:\/\/diariotribuna.com.br\/wp-content\/uploads\/2021\/04\/2-1.jpg\" data-link=\"https:\/\/diariotribuna.com.br\/?attachment_id=9137\" class=\"wp-image-9137\" srcset=\"https:\/\/diariotribuna.com.br\/wp-content\/uploads\/2021\/04\/2-1.jpg 700w, https:\/\/diariotribuna.com.br\/wp-content\/uploads\/2021\/04\/2-1-240x300.jpg 240w, https:\/\/diariotribuna.com.br\/wp-content\/uploads\/2021\/04\/2-1-696x870.jpg 696w, https:\/\/diariotribuna.com.br\/wp-content\/uploads\/2021\/04\/2-1-336x420.jpg 336w\" sizes=\"(max-width: 700px) 100vw, 700px\" \/><figcaption class=\"blocks-gallery-item__caption\"><strong>Gestora em Padre Para\u00edso, Geane Matos; diretor financeiro e diretor geral do Instituto Cultural In-Cena, Florisvaldo J\u00fanior e Andr\u00e9 Luiz Dias<\/strong><\/figcaption><\/figure><\/li><\/ul><\/figure>\n","protected":false},"excerpt":{"rendered":"<p>Na quarta-feira (31\/03), a Prefeitura Municipal de Padre Para\u00edso e o Instituto Cultural In- -Cena, de Te\u00f3filo Otoni, assinaram um termo de colabora\u00e7\u00e3o entre ambos, para valoriza\u00e7\u00e3o da cultura local. O diretor do Instituto Cultural In-Cena e tamb\u00e9m do Grupo In-cena de Teatro, Andr\u00e9 Luiz Dias, destaca que a parceria vai desenvolver a cultura da [&hellip;]<\/p>\n","protected":false},"author":1,"featured_media":9135,"comment_status":"open","ping_status":"open","sticky":false,"template":"","format":"standard","meta":{"rop_custom_images_group":[],"rop_custom_messages_group":[],"rop_publish_now":"initial","rop_publish_now_accounts":[],"rop_publish_now_history":[],"rop_publish_now_status":"pending","footnotes":""},"categories":[17],"tags":[2856,2910,70,102,892,2857,75],"class_list":["post-9133","post","type-post","status-publish","format-standard","has-post-thumbnail","hentry","category-teofilootoni","tag-in-cena","tag-lei-aldir-blanc","tag-minas-gerais","tag-padre-paraiso","tag-parceria","tag-teatro","tag-teofilo-otoni"],"_links":{"self":[{"href":"https:\/\/diariotribuna.com.br\/index.php?rest_route=\/wp\/v2\/posts\/9133"}],"collection":[{"href":"https:\/\/diariotribuna.com.br\/index.php?rest_route=\/wp\/v2\/posts"}],"about":[{"href":"https:\/\/diariotribuna.com.br\/index.php?rest_route=\/wp\/v2\/types\/post"}],"author":[{"embeddable":true,"href":"https:\/\/diariotribuna.com.br\/index.php?rest_route=\/wp\/v2\/users\/1"}],"replies":[{"embeddable":true,"href":"https:\/\/diariotribuna.com.br\/index.php?rest_route=%2Fwp%2Fv2%2Fcomments&post=9133"}],"version-history":[{"count":5,"href":"https:\/\/diariotribuna.com.br\/index.php?rest_route=\/wp\/v2\/posts\/9133\/revisions"}],"predecessor-version":[{"id":9204,"href":"https:\/\/diariotribuna.com.br\/index.php?rest_route=\/wp\/v2\/posts\/9133\/revisions\/9204"}],"wp:featuredmedia":[{"embeddable":true,"href":"https:\/\/diariotribuna.com.br\/index.php?rest_route=\/wp\/v2\/media\/9135"}],"wp:attachment":[{"href":"https:\/\/diariotribuna.com.br\/index.php?rest_route=%2Fwp%2Fv2%2Fmedia&parent=9133"}],"wp:term":[{"taxonomy":"category","embeddable":true,"href":"https:\/\/diariotribuna.com.br\/index.php?rest_route=%2Fwp%2Fv2%2Fcategories&post=9133"},{"taxonomy":"post_tag","embeddable":true,"href":"https:\/\/diariotribuna.com.br\/index.php?rest_route=%2Fwp%2Fv2%2Ftags&post=9133"}],"curies":[{"name":"wp","href":"https:\/\/api.w.org\/{rel}","templated":true}]}}