{"id":9142,"date":"2021-04-07T12:31:11","date_gmt":"2021-04-07T15:31:11","guid":{"rendered":"https:\/\/diariotribuna.com.br\/?p=9142"},"modified":"2021-04-09T10:02:51","modified_gmt":"2021-04-09T13:02:51","slug":"diario-tribuna-7-de-abril-2021-teofilo-otoni-mg","status":"publish","type":"post","link":"https:\/\/diariotribuna.com.br\/?p=9142","title":{"rendered":"Di\u00e1rio Tribuna, 7 de Abril 2021, Te\u00f3filo Otoni &#8211; MG"},"content":{"rendered":"\n<figure class=\"wp-block-image size-large is-resized\"><img loading=\"lazy\" decoding=\"async\" src=\"https:\/\/diariotribuna.com.br\/wp-content\/uploads\/2021\/04\/2ada3a8e-69a6-4c38-b6c6-8b4231a73d63.jpg\" alt=\"\" class=\"wp-image-9143\" width=\"470\" height=\"657\" srcset=\"https:\/\/diariotribuna.com.br\/wp-content\/uploads\/2021\/04\/2ada3a8e-69a6-4c38-b6c6-8b4231a73d63.jpg 700w, https:\/\/diariotribuna.com.br\/wp-content\/uploads\/2021\/04\/2ada3a8e-69a6-4c38-b6c6-8b4231a73d63-215x300.jpg 215w, https:\/\/diariotribuna.com.br\/wp-content\/uploads\/2021\/04\/2ada3a8e-69a6-4c38-b6c6-8b4231a73d63-696x973.jpg 696w, https:\/\/diariotribuna.com.br\/wp-content\/uploads\/2021\/04\/2ada3a8e-69a6-4c38-b6c6-8b4231a73d63-300x420.jpg 300w\" sizes=\"(max-width: 470px) 100vw, 470px\" \/><\/figure>\n\n\n\n<p><strong><strong><span class=\"has-inline-color has-vivid-red-color\">Acesse o link abaixo e veja a edi\u00e7\u00e3o completa do Di\u00e1rio Tribuna desta Quarta-feira (07\/04\/2021)<\/span><\/strong><\/strong><\/p>\n\n\n\n<h3 class=\"wp-block-heading\"><a href=\"https:\/\/diariotribuna.com.br\/wp-content\/uploads\/2021\/04\/DIARIO-TRIBUNA-51-ANOS-07-ABRIL-2021.pdf\"><strong><span class=\"has-inline-color has-vivid-red-color\">https:\/\/diariotribuna.com.br\/wp-content\/uploads\/2021\/04\/DIARIO-TRIBUNA-51-ANOS-07-ABRIL-2021.pdf<\/span><\/strong><\/a><\/h3>\n","protected":false},"excerpt":{"rendered":"<p>Acesse o link abaixo e veja a edi\u00e7\u00e3o completa do Di\u00e1rio Tribuna desta Quarta-feira (07\/04\/2021) https:\/\/diariotribuna.com.br\/wp-content\/uploads\/2021\/04\/DIARIO-TRIBUNA-51-ANOS-07-ABRIL-2021.pdf<\/p>\n","protected":false},"author":1,"featured_media":9143,"comment_status":"open","ping_status":"open","sticky":false,"template":"","format":"standard","meta":{"rop_custom_images_group":[],"rop_custom_messages_group":[],"rop_publish_now":"initial","rop_publish_now_accounts":[],"rop_publish_now_history":[],"rop_publish_now_status":"pending","footnotes":""},"categories":[17,23],"tags":[2911,42,1120,75,867],"class_list":["post-9142","post","type-post","status-publish","format-standard","has-post-thumbnail","hentry","category-teofilootoni","category-ultimaedicao","tag-7-4-21","tag-diario-tribuna","tag-nordeste-de-minas","tag-teofilo-otoni","tag-vale-do-mucuri"],"_links":{"self":[{"href":"https:\/\/diariotribuna.com.br\/index.php?rest_route=\/wp\/v2\/posts\/9142"}],"collection":[{"href":"https:\/\/diariotribuna.com.br\/index.php?rest_route=\/wp\/v2\/posts"}],"about":[{"href":"https:\/\/diariotribuna.com.br\/index.php?rest_route=\/wp\/v2\/types\/post"}],"author":[{"embeddable":true,"href":"https:\/\/diariotribuna.com.br\/index.php?rest_route=\/wp\/v2\/users\/1"}],"replies":[{"embeddable":true,"href":"https:\/\/diariotribuna.com.br\/index.php?rest_route=%2Fwp%2Fv2%2Fcomments&post=9142"}],"version-history":[{"count":1,"href":"https:\/\/diariotribuna.com.br\/index.php?rest_route=\/wp\/v2\/posts\/9142\/revisions"}],"predecessor-version":[{"id":9145,"href":"https:\/\/diariotribuna.com.br\/index.php?rest_route=\/wp\/v2\/posts\/9142\/revisions\/9145"}],"wp:featuredmedia":[{"embeddable":true,"href":"https:\/\/diariotribuna.com.br\/index.php?rest_route=\/wp\/v2\/media\/9143"}],"wp:attachment":[{"href":"https:\/\/diariotribuna.com.br\/index.php?rest_route=%2Fwp%2Fv2%2Fmedia&parent=9142"}],"wp:term":[{"taxonomy":"category","embeddable":true,"href":"https:\/\/diariotribuna.com.br\/index.php?rest_route=%2Fwp%2Fv2%2Fcategories&post=9142"},{"taxonomy":"post_tag","embeddable":true,"href":"https:\/\/diariotribuna.com.br\/index.php?rest_route=%2Fwp%2Fv2%2Ftags&post=9142"}],"curies":[{"name":"wp","href":"https:\/\/api.w.org\/{rel}","templated":true}]}}