{"id":9146,"date":"2021-04-07T13:11:54","date_gmt":"2021-04-07T16:11:54","guid":{"rendered":"https:\/\/diariotribuna.com.br\/?p=9146"},"modified":"2021-04-07T13:11:57","modified_gmt":"2021-04-07T16:11:57","slug":"covid-19-boletim-epidemiologico-de-teofilo-otoni-em-06-04-21","status":"publish","type":"post","link":"https:\/\/diariotribuna.com.br\/?p=9146","title":{"rendered":"COVID-19: Boletim Epidemiol\u00f3gico de Te\u00f3filo Otoni em 06\/04\/21"},"content":{"rendered":"\n<figure class=\"wp-block-image size-large is-resized\"><img loading=\"lazy\" decoding=\"async\" src=\"https:\/\/diariotribuna.com.br\/wp-content\/uploads\/2021\/04\/unnamed-file-3.jpg\" alt=\"\" class=\"wp-image-9147\" width=\"478\" height=\"291\" srcset=\"https:\/\/diariotribuna.com.br\/wp-content\/uploads\/2021\/04\/unnamed-file-3.jpg 700w, https:\/\/diariotribuna.com.br\/wp-content\/uploads\/2021\/04\/unnamed-file-3-300x183.jpg 300w, https:\/\/diariotribuna.com.br\/wp-content\/uploads\/2021\/04\/unnamed-file-3-696x425.jpg 696w, https:\/\/diariotribuna.com.br\/wp-content\/uploads\/2021\/04\/unnamed-file-3-689x420.jpg 689w\" sizes=\"(max-width: 478px) 100vw, 478px\" \/><\/figure>\n\n\n\n<p>O boletim epidemiol\u00f3gico divulgado pela Secretaria Municipal de Sa\u00fade na noite desta ter\u00e7a-feira (06\/04\/21) confirma 8.822 casos positivos de covid-19 em Te\u00f3filo Otoni, 124 a mais nas \u00faltimas 24 horas, e at\u00e9 esta data computa <strong>239 \u00f3bitos<\/strong> por complica\u00e7\u00f5es causadas pela covid-19, tendo ainda 05 em investiga\u00e7\u00e3o. Ainda segundo o boletim, tem 1.128 casos ativos, 8.278 casos recuperados, e 20.494 casos suspeitos foram descartados.<\/p>\n\n\n\n<p>No <strong>boletim de segunda-feira (05\/04\/21), foram inseridos 02 \u00f3bitos<\/strong>, que ocorreram nos dias 04 e 05\/04\/2021 (domingo e segunda-feira). <strong>O primeiro<\/strong> \u00e9 de um homem de 54 anos, que estava internado no Hospital Philadelfia, e <strong>o segundo<\/strong> trata-se de um homem de 57 anos, que estava internado no Hospital Santa Ros\u00e1lia. Os dois tiveram os resultados confirmados por RT-PCR. A Secretaria de Sa\u00fade informa que os pacientes receberam assist\u00eancia e tratamentos necess\u00e1rios.<\/p>\n\n\n\n<p><strong>Interna\u00e7\u00f5es at\u00e9 (06\/04):<\/strong> Pelo <strong>SUS, Conv\u00eanio e Particular<\/strong> tem 40 leitos de UTI Covid no munic\u00edpio e 40 est\u00e3o ocupados, sendo 28 pacientes de Te\u00f3filo Otoni e 12 de outros munic\u00edpios <strong>(100,00% de ocupa\u00e7\u00e3o<\/strong>). Tem <strong>98 Leitos de Enfermaria Covid<\/strong> e 67 est\u00e3o ocupados, sendo 49 pacientes de Te\u00f3filo Otoni e 18 de outros munic\u00edpios <strong>(68,36% de ocupa\u00e7\u00e3o)<\/strong>.<\/p>\n\n\n\n<p><strong>Vacin\u00f4metro:<\/strong> dados atualizados na quinta-feira (03\/04) mostram que j\u00e1 foram aplicadas 19.778 doses de vacina contra a covid-19 (na 1\u00aa dose), e 5.770 doses (na 2\u00aa).<\/p>\n","protected":false},"excerpt":{"rendered":"<p>O boletim epidemiol\u00f3gico divulgado pela Secretaria Municipal de Sa\u00fade na noite desta ter\u00e7a-feira (06\/04\/21) confirma 8.822 casos positivos de covid-19 em Te\u00f3filo Otoni, 124 a mais nas \u00faltimas 24 horas, e at\u00e9 esta data computa 239 \u00f3bitos por complica\u00e7\u00f5es causadas pela covid-19, tendo ainda 05 em investiga\u00e7\u00e3o. Ainda segundo o boletim, tem 1.128 casos ativos, [&hellip;]<\/p>\n","protected":false},"author":1,"featured_media":9147,"comment_status":"open","ping_status":"open","sticky":false,"template":"","format":"standard","meta":{"rop_custom_images_group":[],"rop_custom_messages_group":[],"rop_publish_now":"initial","rop_publish_now_accounts":[],"rop_publish_now_history":[],"rop_publish_now_status":"pending","footnotes":""},"categories":[192],"tags":[2912,489,84,75],"class_list":["post-9146","post","type-post","status-publish","format-standard","has-post-thumbnail","hentry","category-covid19","tag-06-04-21","tag-boletim-epidemiologico","tag-covid-19","tag-teofilo-otoni"],"_links":{"self":[{"href":"https:\/\/diariotribuna.com.br\/index.php?rest_route=\/wp\/v2\/posts\/9146"}],"collection":[{"href":"https:\/\/diariotribuna.com.br\/index.php?rest_route=\/wp\/v2\/posts"}],"about":[{"href":"https:\/\/diariotribuna.com.br\/index.php?rest_route=\/wp\/v2\/types\/post"}],"author":[{"embeddable":true,"href":"https:\/\/diariotribuna.com.br\/index.php?rest_route=\/wp\/v2\/users\/1"}],"replies":[{"embeddable":true,"href":"https:\/\/diariotribuna.com.br\/index.php?rest_route=%2Fwp%2Fv2%2Fcomments&post=9146"}],"version-history":[{"count":1,"href":"https:\/\/diariotribuna.com.br\/index.php?rest_route=\/wp\/v2\/posts\/9146\/revisions"}],"predecessor-version":[{"id":9148,"href":"https:\/\/diariotribuna.com.br\/index.php?rest_route=\/wp\/v2\/posts\/9146\/revisions\/9148"}],"wp:featuredmedia":[{"embeddable":true,"href":"https:\/\/diariotribuna.com.br\/index.php?rest_route=\/wp\/v2\/media\/9147"}],"wp:attachment":[{"href":"https:\/\/diariotribuna.com.br\/index.php?rest_route=%2Fwp%2Fv2%2Fmedia&parent=9146"}],"wp:term":[{"taxonomy":"category","embeddable":true,"href":"https:\/\/diariotribuna.com.br\/index.php?rest_route=%2Fwp%2Fv2%2Fcategories&post=9146"},{"taxonomy":"post_tag","embeddable":true,"href":"https:\/\/diariotribuna.com.br\/index.php?rest_route=%2Fwp%2Fv2%2Ftags&post=9146"}],"curies":[{"name":"wp","href":"https:\/\/api.w.org\/{rel}","templated":true}]}}