{"id":9149,"date":"2021-04-07T13:27:21","date_gmt":"2021-04-07T16:27:21","guid":{"rendered":"https:\/\/diariotribuna.com.br\/?p=9149"},"modified":"2021-04-07T13:27:23","modified_gmt":"2021-04-07T16:27:23","slug":"covid-19-brasil-registra-4-195-mortes-em-24-horas","status":"publish","type":"post","link":"https:\/\/diariotribuna.com.br\/?p=9149","title":{"rendered":"Covid-19: Brasil registra 4.195 mortes em 24 horas"},"content":{"rendered":"\n<p><strong>At\u00e9 o momento, s\u00e3o 336.947 \u00f3bitos em decorr\u00eancia da doen\u00e7a no pa\u00eds<\/strong><\/p>\n\n\n\n<figure class=\"wp-block-image size-large is-resized\"><img loading=\"lazy\" decoding=\"async\" src=\"https:\/\/diariotribuna.com.br\/wp-content\/uploads\/2021\/04\/Mascara-1.jpg\" alt=\"\" class=\"wp-image-9150\" width=\"494\" height=\"295\" srcset=\"https:\/\/diariotribuna.com.br\/wp-content\/uploads\/2021\/04\/Mascara-1.jpg 700w, https:\/\/diariotribuna.com.br\/wp-content\/uploads\/2021\/04\/Mascara-1-300x179.jpg 300w, https:\/\/diariotribuna.com.br\/wp-content\/uploads\/2021\/04\/Mascara-1-696x416.jpg 696w\" sizes=\"(max-width: 494px) 100vw, 494px\" \/><figcaption>Uso de m\u00e1scara para prote\u00e7\u00e3o contra o novo coronav\u00edrus.<\/figcaption><\/figure>\n\n\n\n<p>O Brasil atingiu a marca de quatro mil mortes di\u00e1rias por covid-19.\u00a0De acordo com o balan\u00e7o di\u00e1rio do Minist\u00e9rio da Sa\u00fade divulgado nesta ter\u00e7a-feira (6), em 24 horas as autoridades sanit\u00e1rias confirmaram 4.195 vidas perdidas em decorr\u00eancia da doen\u00e7a. Como resultado, o n\u00famero de mortos na pandemia aumentou para 336.947.\u00a0Al\u00e9m disso, h\u00e1 3.598 \u00f3bitos em investiga\u00e7\u00e3o, pois h\u00e1 casos em que o diagn\u00f3stico da causa s\u00f3 \u00e9 confirmado ap\u00f3s o \u00f3bito do paciente.<\/p>\n\n\n\n<p>O n\u00famero de novos casos confirmados em 24 horas foi de 86.979, ent\u00e3o o pa\u00eds atingiu 13.100.580 pessoas infectadas desde o in\u00edcio da pandemia.\u00a0Destes, 11.558.774 se recuperaram e 1.204.849 est\u00e3o recebendo atendimento m\u00e9dico. Os n\u00fameros de casos e \u00f3bitos tendem a ser maiores \u00e0s ter\u00e7as-feiras porque os dados brutos se acumulam no fim de semana.<\/p>\n\n\n\n<p><strong>Dados regionais &#8211; <\/strong>O ranking dos estados com mais mortes por covid-19 \u00e9 liderado por S\u00e3o Paulo (78.554), Rio de Janeiro (38.040), Minas Gerais (25.795), Rio Grande do Sul (21.018) e Paran\u00e1 (17.685).\u00a0Aqueles com menos mortes s\u00e3o Acre (1.306), Amap\u00e1 (1.346), Roraima (1.362), Tocantins (2.133) e Sergipe (3.642).<\/p>\n\n\n\n<p><strong>Vacina\u00e7\u00e3o &#8211;<\/strong> O pa\u00eds j\u00e1 distribuiu 43,3 milh\u00f5es de doses de vacinas at\u00e9 o momento.\u00a0Desse total, foram administradas 22,4 milh\u00f5es de doses: 17,4 milh\u00f5es para a 1\u00aa dose e 4,9 milh\u00f5es para a dose de refor\u00e7o.<\/p>\n\n\n\n<p><strong>(Ag\u00eancia Brasil)<\/strong><\/p>\n","protected":false},"excerpt":{"rendered":"<p>At\u00e9 o momento, s\u00e3o 336.947 \u00f3bitos em decorr\u00eancia da doen\u00e7a no pa\u00eds O Brasil atingiu a marca de quatro mil mortes di\u00e1rias por covid-19.\u00a0De acordo com o balan\u00e7o di\u00e1rio do Minist\u00e9rio da Sa\u00fade divulgado nesta ter\u00e7a-feira (6), em 24 horas as autoridades sanit\u00e1rias confirmaram 4.195 vidas perdidas em decorr\u00eancia da doen\u00e7a. Como resultado, o n\u00famero [&hellip;]<\/p>\n","protected":false},"author":1,"featured_media":9150,"comment_status":"open","ping_status":"open","sticky":false,"template":"","format":"standard","meta":{"rop_custom_images_group":[],"rop_custom_messages_group":[],"rop_publish_now":"initial","rop_publish_now_accounts":[],"rop_publish_now_history":[],"rop_publish_now_status":"pending","footnotes":""},"categories":[192],"tags":[2912,489,393,84],"class_list":["post-9149","post","type-post","status-publish","format-standard","has-post-thumbnail","hentry","category-covid19","tag-06-04-21","tag-boletim-epidemiologico","tag-brasil","tag-covid-19"],"_links":{"self":[{"href":"https:\/\/diariotribuna.com.br\/index.php?rest_route=\/wp\/v2\/posts\/9149"}],"collection":[{"href":"https:\/\/diariotribuna.com.br\/index.php?rest_route=\/wp\/v2\/posts"}],"about":[{"href":"https:\/\/diariotribuna.com.br\/index.php?rest_route=\/wp\/v2\/types\/post"}],"author":[{"embeddable":true,"href":"https:\/\/diariotribuna.com.br\/index.php?rest_route=\/wp\/v2\/users\/1"}],"replies":[{"embeddable":true,"href":"https:\/\/diariotribuna.com.br\/index.php?rest_route=%2Fwp%2Fv2%2Fcomments&post=9149"}],"version-history":[{"count":1,"href":"https:\/\/diariotribuna.com.br\/index.php?rest_route=\/wp\/v2\/posts\/9149\/revisions"}],"predecessor-version":[{"id":9151,"href":"https:\/\/diariotribuna.com.br\/index.php?rest_route=\/wp\/v2\/posts\/9149\/revisions\/9151"}],"wp:featuredmedia":[{"embeddable":true,"href":"https:\/\/diariotribuna.com.br\/index.php?rest_route=\/wp\/v2\/media\/9150"}],"wp:attachment":[{"href":"https:\/\/diariotribuna.com.br\/index.php?rest_route=%2Fwp%2Fv2%2Fmedia&parent=9149"}],"wp:term":[{"taxonomy":"category","embeddable":true,"href":"https:\/\/diariotribuna.com.br\/index.php?rest_route=%2Fwp%2Fv2%2Fcategories&post=9149"},{"taxonomy":"post_tag","embeddable":true,"href":"https:\/\/diariotribuna.com.br\/index.php?rest_route=%2Fwp%2Fv2%2Ftags&post=9149"}],"curies":[{"name":"wp","href":"https:\/\/api.w.org\/{rel}","templated":true}]}}