{"id":9152,"date":"2021-04-07T13:36:36","date_gmt":"2021-04-07T16:36:36","guid":{"rendered":"https:\/\/diariotribuna.com.br\/?p=9152"},"modified":"2021-04-07T13:36:39","modified_gmt":"2021-04-07T16:36:39","slug":"minas-gerais-informe-epidemiologico-coronavirus-em-07-04-2021","status":"publish","type":"post","link":"https:\/\/diariotribuna.com.br\/?p=9152","title":{"rendered":"Minas Gerais: Informe Epidemiol\u00f3gico Coronav\u00edrus em 07\/04\/2021"},"content":{"rendered":"\n<figure class=\"wp-block-image size-large is-resized\"><img loading=\"lazy\" decoding=\"async\" src=\"https:\/\/diariotribuna.com.br\/wp-content\/uploads\/2021\/04\/Sem-titulo.png\" alt=\"\" class=\"wp-image-9153\" width=\"531\" height=\"304\" srcset=\"https:\/\/diariotribuna.com.br\/wp-content\/uploads\/2021\/04\/Sem-titulo.png 687w, https:\/\/diariotribuna.com.br\/wp-content\/uploads\/2021\/04\/Sem-titulo-300x172.png 300w\" sizes=\"(max-width: 531px) 100vw, 531px\" \/><\/figure>\n\n\n\n<p>At\u00e9 o momento, o Estado confirmou 1.182.847 casos positivos de Covid-19. Est\u00e3o em acompanhamento 95.147 e j\u00e1 s\u00e3o 1.061.397 casos recuperados. O Estado confirma tamb\u00e9m 26.303 \u00f3bitos at\u00e9 esta data (07\/04). <strong>Nas \u00faltimas 24 Horas foram confirmados 13.358 casos positivos de Covid-19 e 508 \u00f3bitos.<\/strong><\/p>\n\n\n\n<p>Esse n\u00famero retrata os novos registros notificados \u00e0 SES\/MG nas \u00faltimas 24h, mas que ocorreram em per\u00edodos anteriores. Desse modo, o aumento no n\u00famero de \u00f3bitos registrados nas \u00faltimas 24h pode n\u00e3o representar um aumento na transmiss\u00e3o da Covid-19, mas a qualifica\u00e7\u00e3o do sistema de informa\u00e7\u00e3o, com encerramento de \u00f3bitos ocorridos anteriormente e que estavam em investiga\u00e7\u00e3o.<\/p>\n\n\n\n<figure class=\"wp-block-image size-large is-resized\"><img loading=\"lazy\" decoding=\"async\" src=\"https:\/\/diariotribuna.com.br\/wp-content\/uploads\/2021\/04\/1.png\" alt=\"\" class=\"wp-image-9154\" width=\"573\" height=\"318\" srcset=\"https:\/\/diariotribuna.com.br\/wp-content\/uploads\/2021\/04\/1.png 688w, https:\/\/diariotribuna.com.br\/wp-content\/uploads\/2021\/04\/1-300x167.png 300w\" sizes=\"(max-width: 573px) 100vw, 573px\" \/><\/figure>\n\n\n\n<figure class=\"wp-block-image size-large is-resized\"><img loading=\"lazy\" decoding=\"async\" src=\"https:\/\/diariotribuna.com.br\/wp-content\/uploads\/2021\/04\/2.png\" alt=\"\" class=\"wp-image-9155\" width=\"579\" height=\"328\" srcset=\"https:\/\/diariotribuna.com.br\/wp-content\/uploads\/2021\/04\/2.png 681w, https:\/\/diariotribuna.com.br\/wp-content\/uploads\/2021\/04\/2-300x170.png 300w\" sizes=\"(max-width: 579px) 100vw, 579px\" \/><\/figure>\n\n\n\n<p><strong>(Dados parciais, sujeitos a altera\u00e7\u00f5es. Atualizado em 07\/04\/2021. Fonte: COES MINAS\/COVID-19\/SES-MG).<\/strong><\/p>\n","protected":false},"excerpt":{"rendered":"<p>At\u00e9 o momento, o Estado confirmou 1.182.847 casos positivos de Covid-19. Est\u00e3o em acompanhamento 95.147 e j\u00e1 s\u00e3o 1.061.397 casos recuperados. O Estado confirma tamb\u00e9m 26.303 \u00f3bitos at\u00e9 esta data (07\/04). Nas \u00faltimas 24 Horas foram confirmados 13.358 casos positivos de Covid-19 e 508 \u00f3bitos. Esse n\u00famero retrata os novos registros notificados \u00e0 SES\/MG nas [&hellip;]<\/p>\n","protected":false},"author":1,"featured_media":9153,"comment_status":"open","ping_status":"open","sticky":false,"template":"","format":"standard","meta":{"rop_custom_images_group":[],"rop_custom_messages_group":[],"rop_publish_now":"initial","rop_publish_now_accounts":[],"rop_publish_now_history":[],"rop_publish_now_status":"pending","footnotes":""},"categories":[192],"tags":[2913,489,84,70],"class_list":["post-9152","post","type-post","status-publish","format-standard","has-post-thumbnail","hentry","category-covid19","tag-07-04-21","tag-boletim-epidemiologico","tag-covid-19","tag-minas-gerais"],"_links":{"self":[{"href":"https:\/\/diariotribuna.com.br\/index.php?rest_route=\/wp\/v2\/posts\/9152"}],"collection":[{"href":"https:\/\/diariotribuna.com.br\/index.php?rest_route=\/wp\/v2\/posts"}],"about":[{"href":"https:\/\/diariotribuna.com.br\/index.php?rest_route=\/wp\/v2\/types\/post"}],"author":[{"embeddable":true,"href":"https:\/\/diariotribuna.com.br\/index.php?rest_route=\/wp\/v2\/users\/1"}],"replies":[{"embeddable":true,"href":"https:\/\/diariotribuna.com.br\/index.php?rest_route=%2Fwp%2Fv2%2Fcomments&post=9152"}],"version-history":[{"count":1,"href":"https:\/\/diariotribuna.com.br\/index.php?rest_route=\/wp\/v2\/posts\/9152\/revisions"}],"predecessor-version":[{"id":9156,"href":"https:\/\/diariotribuna.com.br\/index.php?rest_route=\/wp\/v2\/posts\/9152\/revisions\/9156"}],"wp:featuredmedia":[{"embeddable":true,"href":"https:\/\/diariotribuna.com.br\/index.php?rest_route=\/wp\/v2\/media\/9153"}],"wp:attachment":[{"href":"https:\/\/diariotribuna.com.br\/index.php?rest_route=%2Fwp%2Fv2%2Fmedia&parent=9152"}],"wp:term":[{"taxonomy":"category","embeddable":true,"href":"https:\/\/diariotribuna.com.br\/index.php?rest_route=%2Fwp%2Fv2%2Fcategories&post=9152"},{"taxonomy":"post_tag","embeddable":true,"href":"https:\/\/diariotribuna.com.br\/index.php?rest_route=%2Fwp%2Fv2%2Ftags&post=9152"}],"curies":[{"name":"wp","href":"https:\/\/api.w.org\/{rel}","templated":true}]}}