{"id":9157,"date":"2021-04-07T16:26:30","date_gmt":"2021-04-07T19:26:30","guid":{"rendered":"https:\/\/diariotribuna.com.br\/?p=9157"},"modified":"2021-04-09T00:29:29","modified_gmt":"2021-04-09T03:29:29","slug":"15a-rpm-divulga-os-resultados-da-operacao-semana-santa-na-regiao-de-teofilo-otoni","status":"publish","type":"post","link":"https:\/\/diariotribuna.com.br\/?p=9157","title":{"rendered":"15\u00aa RPM divulga os resultados da opera\u00e7\u00e3o Semana Santa na regi\u00e3o de Te\u00f3filo Otoni"},"content":{"rendered":"\n<figure class=\"wp-block-image size-large is-resized\"><img loading=\"lazy\" decoding=\"async\" src=\"https:\/\/diariotribuna.com.br\/wp-content\/uploads\/2021\/04\/WhatsApp-Image-2021-04-01-at-15.31.50.jpeg\" alt=\"\" class=\"wp-image-9158\" width=\"486\" height=\"457\" srcset=\"https:\/\/diariotribuna.com.br\/wp-content\/uploads\/2021\/04\/WhatsApp-Image-2021-04-01-at-15.31.50.jpeg 700w, https:\/\/diariotribuna.com.br\/wp-content\/uploads\/2021\/04\/WhatsApp-Image-2021-04-01-at-15.31.50-300x282.jpeg 300w, https:\/\/diariotribuna.com.br\/wp-content\/uploads\/2021\/04\/WhatsApp-Image-2021-04-01-at-15.31.50-696x654.jpeg 696w, https:\/\/diariotribuna.com.br\/wp-content\/uploads\/2021\/04\/WhatsApp-Image-2021-04-01-at-15.31.50-447x420.jpeg 447w\" sizes=\"(max-width: 486px) 100vw, 486px\" \/><\/figure>\n\n\n\n<p>Na segunda-feira (05\/04), a 15\u00aa Regi\u00e3o de Pol\u00edcia Militar divulgou os resultados da opera\u00e7\u00e3o Semana Santa realizada nos 60 munic\u00edpios que comp\u00f5em a regi\u00e3o. A opera\u00e7\u00e3o, desencadeada entre os dias 31 de mar\u00e7o a 4 de abril, intensificou as atividades de policiamento ostensivo atrav\u00e9s do emprego dos policiais militares que atuam no servi\u00e7o administrativo e dos soldados alunos atrav\u00e9s de est\u00e1gio supervisionado.<\/p>\n\n\n\n<p>Segundo a PM o objetivo deste tipo de opera\u00e7\u00e3o \u00e9 garantir a ordem p\u00fablica e a tranquilidade da popula\u00e7\u00e3o, e, neste momento tamb\u00e9m de fiscalizar o cumprimento das medidas de seguran\u00e7a contra a pandemia da Covid-19. Ap\u00f3s os cinco dias de opera\u00e7\u00e3o constatou-se, comparando-se o mesmo per\u00edodo do ano passado, redu\u00e7\u00e3o de 57,17% de crimes violentos; redu\u00e7\u00e3o de 42,86% de furtos; aumento de 40% nas apreens\u00f5es de arma de fogo, e ainda, registrou-se 102 pris\u00f5es e apreens\u00f5es de infratores, e n\u00e3o houve nenhum registro de homic\u00eddio durante o feriado prolongado.<\/p>\n\n\n\n<p>O comandante da 15\u00aa RPM, coronel Menezes, atribuiu os resultados expressivos ao comprometimento dos talentos humanos no desenvolvimento das suas atividades e concluiu parabenizando a todos os integrantes da 15\u00aa RPM pelo excelente trabalho durante o feriado demonstrado atrav\u00e9s dos resultados.<\/p>\n\n\n\n<figure class=\"wp-block-gallery columns-2 is-cropped wp-block-gallery-1 is-layout-flex wp-block-gallery-is-layout-flex\"><ul class=\"blocks-gallery-grid\"><li class=\"blocks-gallery-item\"><figure><img loading=\"lazy\" decoding=\"async\" width=\"700\" height=\"483\" src=\"https:\/\/diariotribuna.com.br\/wp-content\/uploads\/2021\/04\/WhatsApp-Image-2021-04-02-at-18.57.35.jpeg\" alt=\"\" data-id=\"9159\" data-full-url=\"https:\/\/diariotribuna.com.br\/wp-content\/uploads\/2021\/04\/WhatsApp-Image-2021-04-02-at-18.57.35.jpeg\" data-link=\"https:\/\/diariotribuna.com.br\/?attachment_id=9159\" class=\"wp-image-9159\" srcset=\"https:\/\/diariotribuna.com.br\/wp-content\/uploads\/2021\/04\/WhatsApp-Image-2021-04-02-at-18.57.35.jpeg 700w, https:\/\/diariotribuna.com.br\/wp-content\/uploads\/2021\/04\/WhatsApp-Image-2021-04-02-at-18.57.35-300x207.jpeg 300w, https:\/\/diariotribuna.com.br\/wp-content\/uploads\/2021\/04\/WhatsApp-Image-2021-04-02-at-18.57.35-100x70.jpeg 100w, https:\/\/diariotribuna.com.br\/wp-content\/uploads\/2021\/04\/WhatsApp-Image-2021-04-02-at-18.57.35-218x150.jpeg 218w, https:\/\/diariotribuna.com.br\/wp-content\/uploads\/2021\/04\/WhatsApp-Image-2021-04-02-at-18.57.35-696x480.jpeg 696w, https:\/\/diariotribuna.com.br\/wp-content\/uploads\/2021\/04\/WhatsApp-Image-2021-04-02-at-18.57.35-609x420.jpeg 609w\" sizes=\"(max-width: 700px) 100vw, 700px\" \/><\/figure><\/li><li class=\"blocks-gallery-item\"><figure><img loading=\"lazy\" decoding=\"async\" width=\"700\" height=\"435\" src=\"https:\/\/diariotribuna.com.br\/wp-content\/uploads\/2021\/04\/WhatsApp-Image-2021-04-04-at-09.08.13.jpeg\" alt=\"\" data-id=\"9160\" data-full-url=\"https:\/\/diariotribuna.com.br\/wp-content\/uploads\/2021\/04\/WhatsApp-Image-2021-04-04-at-09.08.13.jpeg\" data-link=\"https:\/\/diariotribuna.com.br\/?attachment_id=9160\" class=\"wp-image-9160\" srcset=\"https:\/\/diariotribuna.com.br\/wp-content\/uploads\/2021\/04\/WhatsApp-Image-2021-04-04-at-09.08.13.jpeg 700w, https:\/\/diariotribuna.com.br\/wp-content\/uploads\/2021\/04\/WhatsApp-Image-2021-04-04-at-09.08.13-300x186.jpeg 300w, https:\/\/diariotribuna.com.br\/wp-content\/uploads\/2021\/04\/WhatsApp-Image-2021-04-04-at-09.08.13-356x220.jpeg 356w, https:\/\/diariotribuna.com.br\/wp-content\/uploads\/2021\/04\/WhatsApp-Image-2021-04-04-at-09.08.13-696x433.jpeg 696w, https:\/\/diariotribuna.com.br\/wp-content\/uploads\/2021\/04\/WhatsApp-Image-2021-04-04-at-09.08.13-676x420.jpeg 676w\" sizes=\"(max-width: 700px) 100vw, 700px\" \/><\/figure><\/li><li class=\"blocks-gallery-item\"><figure><img loading=\"lazy\" decoding=\"async\" width=\"700\" height=\"393\" src=\"https:\/\/diariotribuna.com.br\/wp-content\/uploads\/2021\/04\/WhatsApp-Image-2021-04-01-at-16.11.06.jpeg\" alt=\"\" data-id=\"9161\" data-full-url=\"https:\/\/diariotribuna.com.br\/wp-content\/uploads\/2021\/04\/WhatsApp-Image-2021-04-01-at-16.11.06.jpeg\" data-link=\"https:\/\/diariotribuna.com.br\/?attachment_id=9161\" class=\"wp-image-9161\" srcset=\"https:\/\/diariotribuna.com.br\/wp-content\/uploads\/2021\/04\/WhatsApp-Image-2021-04-01-at-16.11.06.jpeg 700w, https:\/\/diariotribuna.com.br\/wp-content\/uploads\/2021\/04\/WhatsApp-Image-2021-04-01-at-16.11.06-300x168.jpeg 300w, https:\/\/diariotribuna.com.br\/wp-content\/uploads\/2021\/04\/WhatsApp-Image-2021-04-01-at-16.11.06-696x391.jpeg 696w\" sizes=\"(max-width: 700px) 100vw, 700px\" \/><\/figure><\/li><li class=\"blocks-gallery-item\"><figure><img loading=\"lazy\" decoding=\"async\" width=\"700\" height=\"504\" src=\"https:\/\/diariotribuna.com.br\/wp-content\/uploads\/2021\/04\/WhatsApp-Image-2021-04-02-at-18.57.34.jpeg\" alt=\"\" data-id=\"9162\" data-full-url=\"https:\/\/diariotribuna.com.br\/wp-content\/uploads\/2021\/04\/WhatsApp-Image-2021-04-02-at-18.57.34.jpeg\" data-link=\"https:\/\/diariotribuna.com.br\/?attachment_id=9162\" class=\"wp-image-9162\" srcset=\"https:\/\/diariotribuna.com.br\/wp-content\/uploads\/2021\/04\/WhatsApp-Image-2021-04-02-at-18.57.34.jpeg 700w, https:\/\/diariotribuna.com.br\/wp-content\/uploads\/2021\/04\/WhatsApp-Image-2021-04-02-at-18.57.34-300x216.jpeg 300w, https:\/\/diariotribuna.com.br\/wp-content\/uploads\/2021\/04\/WhatsApp-Image-2021-04-02-at-18.57.34-696x501.jpeg 696w, https:\/\/diariotribuna.com.br\/wp-content\/uploads\/2021\/04\/WhatsApp-Image-2021-04-02-at-18.57.34-583x420.jpeg 583w\" sizes=\"(max-width: 700px) 100vw, 700px\" \/><\/figure><\/li><\/ul><\/figure>\n\n\n\n<h4 class=\"wp-block-heading\"><strong>Pol\u00edcia Militar de Minas Gerais, 245 anos: Nossa profiss\u00e3o, sua vida!<\/strong><\/h4>\n\n\n\n<h4 class=\"wp-block-heading\"><strong>2021, 40 anos da for\u00e7a e leveza da mulher na PMMG <\/strong><\/h4>\n\n\n\n<p><strong>(Informa\u00e7\u00f5es\/Fotos: Ag\u00eancia Regional de Comunica\u00e7\u00e3o da 15\u00aa RPM)<\/strong><\/p>\n","protected":false},"excerpt":{"rendered":"<p>Na segunda-feira (05\/04), a 15\u00aa Regi\u00e3o de Pol\u00edcia Militar divulgou os resultados da opera\u00e7\u00e3o Semana Santa realizada nos 60 munic\u00edpios que comp\u00f5em a regi\u00e3o. A opera\u00e7\u00e3o, desencadeada entre os dias 31 de mar\u00e7o a 4 de abril, intensificou as atividades de policiamento ostensivo atrav\u00e9s do emprego dos policiais militares que atuam no servi\u00e7o administrativo e [&hellip;]<\/p>\n","protected":false},"author":1,"featured_media":9158,"comment_status":"open","ping_status":"open","sticky":false,"template":"","format":"standard","meta":{"rop_custom_images_group":[],"rop_custom_messages_group":[],"rop_publish_now":"initial","rop_publish_now_accounts":[],"rop_publish_now_history":[],"rop_publish_now_status":"pending","footnotes":""},"categories":[18],"tags":[129,1281,1448,2875,75],"class_list":["post-9157","post","type-post","status-publish","format-standard","has-post-thumbnail","hentry","category-regiao","tag-15a-rpm","tag-1281","tag-balanco","tag-operacao-semana-santa","tag-teofilo-otoni"],"_links":{"self":[{"href":"https:\/\/diariotribuna.com.br\/index.php?rest_route=\/wp\/v2\/posts\/9157"}],"collection":[{"href":"https:\/\/diariotribuna.com.br\/index.php?rest_route=\/wp\/v2\/posts"}],"about":[{"href":"https:\/\/diariotribuna.com.br\/index.php?rest_route=\/wp\/v2\/types\/post"}],"author":[{"embeddable":true,"href":"https:\/\/diariotribuna.com.br\/index.php?rest_route=\/wp\/v2\/users\/1"}],"replies":[{"embeddable":true,"href":"https:\/\/diariotribuna.com.br\/index.php?rest_route=%2Fwp%2Fv2%2Fcomments&post=9157"}],"version-history":[{"count":1,"href":"https:\/\/diariotribuna.com.br\/index.php?rest_route=\/wp\/v2\/posts\/9157\/revisions"}],"predecessor-version":[{"id":9163,"href":"https:\/\/diariotribuna.com.br\/index.php?rest_route=\/wp\/v2\/posts\/9157\/revisions\/9163"}],"wp:featuredmedia":[{"embeddable":true,"href":"https:\/\/diariotribuna.com.br\/index.php?rest_route=\/wp\/v2\/media\/9158"}],"wp:attachment":[{"href":"https:\/\/diariotribuna.com.br\/index.php?rest_route=%2Fwp%2Fv2%2Fmedia&parent=9157"}],"wp:term":[{"taxonomy":"category","embeddable":true,"href":"https:\/\/diariotribuna.com.br\/index.php?rest_route=%2Fwp%2Fv2%2Fcategories&post=9157"},{"taxonomy":"post_tag","embeddable":true,"href":"https:\/\/diariotribuna.com.br\/index.php?rest_route=%2Fwp%2Fv2%2Ftags&post=9157"}],"curies":[{"name":"wp","href":"https:\/\/api.w.org\/{rel}","templated":true}]}}