{"id":9169,"date":"2021-04-07T19:22:23","date_gmt":"2021-04-07T22:22:23","guid":{"rendered":"https:\/\/diariotribuna.com.br\/?p=9169"},"modified":"2021-04-09T11:14:37","modified_gmt":"2021-04-09T14:14:37","slug":"rodrigo-pacheco-defende-liberdade-de-imprensa-e-repudia-ataques-a-jornalistas","status":"publish","type":"post","link":"https:\/\/diariotribuna.com.br\/?p=9169","title":{"rendered":"Rodrigo Pacheco defende liberdade de Imprensa e repudia ataques a jornalistas"},"content":{"rendered":"\n<figure class=\"wp-block-image size-large is-resized\"><img loading=\"lazy\" decoding=\"async\" src=\"https:\/\/diariotribuna.com.br\/wp-content\/uploads\/2021\/04\/34f797fa-f6be-46f1-b3bb-d12d755f6e2e.jpg\" alt=\"\" class=\"wp-image-9170\" width=\"534\" height=\"355\" srcset=\"https:\/\/diariotribuna.com.br\/wp-content\/uploads\/2021\/04\/34f797fa-f6be-46f1-b3bb-d12d755f6e2e.jpg 700w, https:\/\/diariotribuna.com.br\/wp-content\/uploads\/2021\/04\/34f797fa-f6be-46f1-b3bb-d12d755f6e2e-300x199.jpg 300w, https:\/\/diariotribuna.com.br\/wp-content\/uploads\/2021\/04\/34f797fa-f6be-46f1-b3bb-d12d755f6e2e-696x462.jpg 696w, https:\/\/diariotribuna.com.br\/wp-content\/uploads\/2021\/04\/34f797fa-f6be-46f1-b3bb-d12d755f6e2e-632x420.jpg 632w\" sizes=\"(max-width: 534px) 100vw, 534px\" \/><\/figure>\n\n\n\n<p><strong>Bras\u00edlia \u2013<\/strong> Em videoconfer\u00eancia, nesta quarta-feira (7), com membros de diversas entidades e \u00f3rg\u00e3os que representam os profissionais de Imprensa, o presidente do Congresso Nacional, Rodrigo Pacheco (Democratas-MG), ressaltou a import\u00e2ncia do trabalho exercido pelos jornalistas e repudiou epis\u00f3dios de ataques \u00e0 liberdade de Imprensa. Os representantes apresentaram uma s\u00e9rie de demandas ao senador mineiro durante a reuni\u00e3o que coincidiu com a data em que \u00e9 celebrado o Dia do Jornalista.<\/p>\n\n\n\n<p>\u201cA profiss\u00e3o do jornalista e o seu exerc\u00edcio s\u00e3o absolutamente fundamentais para o Estado Democr\u00e1tico de Direito, e que deve se pautar pela mais absoluta liberdade, a liberdade de Imprensa, a livre manifesta\u00e7\u00e3o do pensamento, a liberdade de express\u00e3o, o sigilo da fonte, ou seja, todos os fatores, elementos e preceitos que fazem dessa profiss\u00e3o uma profiss\u00e3o essencial\u201d, afirmou o presidente do Senado.<\/p>\n\n\n\n<p>Pacheco declarou que abomina qualquer tipo de viola\u00e7\u00e3o \u00e0s prerrogativas profissionais, como as inerentes ao jornalismo. Para o parlamentar mineiro, esse tipo de ato se revela muito preocupante porque \u00e9 preciso preservar o Estado Democr\u00e1tico de Direito. \u201cUma gera\u00e7\u00e3o anterior \u00e0 minha conquistou a democracia no Brasil, e a nossa obriga\u00e7\u00e3o \u00e9 preserv\u00e1-la. E preservar a democracia \u00e9 preservar direitos b\u00e1sicos, que \u00e9 o da liberdade de express\u00e3o, da livre manifesta\u00e7\u00e3o de pensamento e de uma Imprensa livre\u201d, ressaltou.<\/p>\n","protected":false},"excerpt":{"rendered":"<p>Bras\u00edlia \u2013 Em videoconfer\u00eancia, nesta quarta-feira (7), com membros de diversas entidades e \u00f3rg\u00e3os que representam os profissionais de Imprensa, o presidente do Congresso Nacional, Rodrigo Pacheco (Democratas-MG), ressaltou a import\u00e2ncia do trabalho exercido pelos jornalistas e repudiou epis\u00f3dios de ataques \u00e0 liberdade de Imprensa. Os representantes apresentaram uma s\u00e9rie de demandas ao senador mineiro [&hellip;]<\/p>\n","protected":false},"author":1,"featured_media":9170,"comment_status":"open","ping_status":"open","sticky":false,"template":"","format":"standard","meta":{"rop_custom_images_group":[],"rop_custom_messages_group":[],"rop_publish_now":"initial","rop_publish_now_accounts":[],"rop_publish_now_history":[],"rop_publish_now_status":"pending","footnotes":""},"categories":[21],"tags":[2911,2916,2917,2915,1959],"class_list":["post-9169","post","type-post","status-publish","format-standard","has-post-thumbnail","hentry","category-politica","tag-7-4-21","tag-ataques-a-jornalistas","tag-dia-do-jornalista","tag-liberdade-de-imprensa","tag-senador-rodrigo-pacheco"],"_links":{"self":[{"href":"https:\/\/diariotribuna.com.br\/index.php?rest_route=\/wp\/v2\/posts\/9169"}],"collection":[{"href":"https:\/\/diariotribuna.com.br\/index.php?rest_route=\/wp\/v2\/posts"}],"about":[{"href":"https:\/\/diariotribuna.com.br\/index.php?rest_route=\/wp\/v2\/types\/post"}],"author":[{"embeddable":true,"href":"https:\/\/diariotribuna.com.br\/index.php?rest_route=\/wp\/v2\/users\/1"}],"replies":[{"embeddable":true,"href":"https:\/\/diariotribuna.com.br\/index.php?rest_route=%2Fwp%2Fv2%2Fcomments&post=9169"}],"version-history":[{"count":3,"href":"https:\/\/diariotribuna.com.br\/index.php?rest_route=\/wp\/v2\/posts\/9169\/revisions"}],"predecessor-version":[{"id":9173,"href":"https:\/\/diariotribuna.com.br\/index.php?rest_route=\/wp\/v2\/posts\/9169\/revisions\/9173"}],"wp:featuredmedia":[{"embeddable":true,"href":"https:\/\/diariotribuna.com.br\/index.php?rest_route=\/wp\/v2\/media\/9170"}],"wp:attachment":[{"href":"https:\/\/diariotribuna.com.br\/index.php?rest_route=%2Fwp%2Fv2%2Fmedia&parent=9169"}],"wp:term":[{"taxonomy":"category","embeddable":true,"href":"https:\/\/diariotribuna.com.br\/index.php?rest_route=%2Fwp%2Fv2%2Fcategories&post=9169"},{"taxonomy":"post_tag","embeddable":true,"href":"https:\/\/diariotribuna.com.br\/index.php?rest_route=%2Fwp%2Fv2%2Ftags&post=9169"}],"curies":[{"name":"wp","href":"https:\/\/api.w.org\/{rel}","templated":true}]}}