{"id":9174,"date":"2021-04-08T00:58:02","date_gmt":"2021-04-08T03:58:02","guid":{"rendered":"https:\/\/diariotribuna.com.br\/?p=9174"},"modified":"2021-04-08T00:58:04","modified_gmt":"2021-04-08T03:58:04","slug":"covid-19-boletim-epidemiologico-de-teofilo-otoni-em-07-04-21","status":"publish","type":"post","link":"https:\/\/diariotribuna.com.br\/?p=9174","title":{"rendered":"COVID-19: Boletim Epidemiol\u00f3gico de Te\u00f3filo Otoni em 07\/04\/21"},"content":{"rendered":"\n<figure class=\"wp-block-image size-large is-resized\"><img loading=\"lazy\" decoding=\"async\" src=\"https:\/\/diariotribuna.com.br\/wp-content\/uploads\/2021\/04\/Teofilo-Otoni.jpg\" alt=\"\" class=\"wp-image-9175\" width=\"450\" height=\"253\" srcset=\"https:\/\/diariotribuna.com.br\/wp-content\/uploads\/2021\/04\/Teofilo-Otoni.jpg 640w, https:\/\/diariotribuna.com.br\/wp-content\/uploads\/2021\/04\/Teofilo-Otoni-300x169.jpg 300w\" sizes=\"(max-width: 450px) 100vw, 450px\" \/><\/figure>\n\n\n\n<p>O boletim epidemiol\u00f3gico divulgado pela Secretaria Municipal de Sa\u00fade na noite desta quarta-feira (07\/04\/21) confirma <strong>8.935 casos positivos<\/strong> de covid-19 em Te\u00f3filo Otoni, <strong>113 a mais nas \u00faltimas 24 horas<\/strong>, e registra <strong>mais 03 \u00f3bitos<\/strong> por complica\u00e7\u00f5es causadas pela covid-19, totalizando 242, tendo ainda 03 em investiga\u00e7\u00e3o. Ainda de acordo com o boletim, tem <strong>1.094 casos ativos, 8.425 casos recuperados, e 20.624 casos suspeitos foram descartados.<\/strong><\/p>\n\n\n\n<p><strong>Os tr\u00eas \u00faltimos \u00f3bitos ocorreram nos dias 06 e 07\/04\/2021<\/strong>, (ter\u00e7a e quarta-feira). <strong>O primeiro<\/strong> \u00f3bito trata-se de uma idosa de 94 anos, que estava internada na UPA 24 Horas (Avenida Get\u00falio Vargas). <strong>O segundo<\/strong> trata-se de um homem de 57 anos, que estava internado no Hospital Bom Samaritano. <strong>O terceiro<\/strong> \u00f3bito \u00e9 de uma idosa de 65 anos, que estava internada no Hospital Philadelfia. Os dois primeiros tiveram os resultados confirmados por RT-PCR, e o terceiro por teste r\u00e1pido.<\/p>\n\n\n\n<p><strong>Interna\u00e7\u00f5es at\u00e9 (07\/04):<\/strong> Pelo <strong>SUS, Conv\u00eanio e Particular<\/strong> tem 40 leitos de UTI Covid no munic\u00edpio e 38 est\u00e3o ocupados, sendo 26 pacientes de Te\u00f3filo Otoni e 12 de outros munic\u00edpios <strong>(95,00% de ocupa\u00e7\u00e3o<\/strong>). Tem <strong>98 Leitos de Enfermaria Covid<\/strong> e 70 est\u00e3o ocupados, sendo 51 pacientes de Te\u00f3filo Otoni e 19 de outros munic\u00edpios <strong>(71,42% de ocupa\u00e7\u00e3o)<\/strong>.<\/p>\n\n\n\n<p><strong>Vacin\u00f4metro:<\/strong> dados atualizados nesta quarta-feira (07\/04) mostram que j\u00e1 foram aplicadas 20.046 doses de vacina contra a covid-19 (1\u00aa dose), e 6.072 doses (na 2\u00aa).<\/p>\n","protected":false},"excerpt":{"rendered":"<p>O boletim epidemiol\u00f3gico divulgado pela Secretaria Municipal de Sa\u00fade na noite desta quarta-feira (07\/04\/21) confirma 8.935 casos positivos de covid-19 em Te\u00f3filo Otoni, 113 a mais nas \u00faltimas 24 horas, e registra mais 03 \u00f3bitos por complica\u00e7\u00f5es causadas pela covid-19, totalizando 242, tendo ainda 03 em investiga\u00e7\u00e3o. Ainda de acordo com o boletim, tem 1.094 [&hellip;]<\/p>\n","protected":false},"author":1,"featured_media":9175,"comment_status":"open","ping_status":"open","sticky":false,"template":"","format":"standard","meta":{"rop_custom_images_group":[],"rop_custom_messages_group":[],"rop_publish_now":"initial","rop_publish_now_accounts":[],"rop_publish_now_history":[],"rop_publish_now_status":"pending","footnotes":""},"categories":[192],"tags":[2918,489,84,75],"class_list":["post-9174","post","type-post","status-publish","format-standard","has-post-thumbnail","hentry","category-covid19","tag-07-04-2021","tag-boletim-epidemiologico","tag-covid-19","tag-teofilo-otoni"],"_links":{"self":[{"href":"https:\/\/diariotribuna.com.br\/index.php?rest_route=\/wp\/v2\/posts\/9174"}],"collection":[{"href":"https:\/\/diariotribuna.com.br\/index.php?rest_route=\/wp\/v2\/posts"}],"about":[{"href":"https:\/\/diariotribuna.com.br\/index.php?rest_route=\/wp\/v2\/types\/post"}],"author":[{"embeddable":true,"href":"https:\/\/diariotribuna.com.br\/index.php?rest_route=\/wp\/v2\/users\/1"}],"replies":[{"embeddable":true,"href":"https:\/\/diariotribuna.com.br\/index.php?rest_route=%2Fwp%2Fv2%2Fcomments&post=9174"}],"version-history":[{"count":1,"href":"https:\/\/diariotribuna.com.br\/index.php?rest_route=\/wp\/v2\/posts\/9174\/revisions"}],"predecessor-version":[{"id":9176,"href":"https:\/\/diariotribuna.com.br\/index.php?rest_route=\/wp\/v2\/posts\/9174\/revisions\/9176"}],"wp:featuredmedia":[{"embeddable":true,"href":"https:\/\/diariotribuna.com.br\/index.php?rest_route=\/wp\/v2\/media\/9175"}],"wp:attachment":[{"href":"https:\/\/diariotribuna.com.br\/index.php?rest_route=%2Fwp%2Fv2%2Fmedia&parent=9174"}],"wp:term":[{"taxonomy":"category","embeddable":true,"href":"https:\/\/diariotribuna.com.br\/index.php?rest_route=%2Fwp%2Fv2%2Fcategories&post=9174"},{"taxonomy":"post_tag","embeddable":true,"href":"https:\/\/diariotribuna.com.br\/index.php?rest_route=%2Fwp%2Fv2%2Ftags&post=9174"}],"curies":[{"name":"wp","href":"https:\/\/api.w.org\/{rel}","templated":true}]}}