{"id":9177,"date":"2021-04-08T14:16:39","date_gmt":"2021-04-08T17:16:39","guid":{"rendered":"https:\/\/diariotribuna.com.br\/?p=9177"},"modified":"2021-04-08T14:16:41","modified_gmt":"2021-04-08T17:16:41","slug":"agenda-cultural-da-cemig-destaca-os-tres-novos-episodios-da-programacao-on-line-do-grupo-galpao","status":"publish","type":"post","link":"https:\/\/diariotribuna.com.br\/?p=9177","title":{"rendered":"Agenda cultural da Cemig destaca os tr\u00eas novos epis\u00f3dios da programa\u00e7\u00e3o on-line do Grupo Galp\u00e3o"},"content":{"rendered":"\n<p><strong><em>Al\u00e9m de teatro, o Energia da Cultura desta semana tem cinema infantil e m\u00fasica mineira<\/em><\/strong><\/p>\n\n\n\n<figure class=\"wp-block-image size-large is-resized\"><img loading=\"lazy\" decoding=\"async\" src=\"https:\/\/diariotribuna.com.br\/wp-content\/uploads\/2021\/04\/energia-da-cultura-.jpg\" alt=\"\" class=\"wp-image-9178\" width=\"550\" height=\"328\" srcset=\"https:\/\/diariotribuna.com.br\/wp-content\/uploads\/2021\/04\/energia-da-cultura-.jpg 700w, https:\/\/diariotribuna.com.br\/wp-content\/uploads\/2021\/04\/energia-da-cultura--300x179.jpg 300w, https:\/\/diariotribuna.com.br\/wp-content\/uploads\/2021\/04\/energia-da-cultura--696x416.jpg 696w\" sizes=\"(max-width: 550px) 100vw, 550px\" \/><\/figure>\n\n\n\n<p>Em Minas, a energia que vem da cultura nos ajuda a passar por esse momento de isolamento social. No Energia da Cultura da semana, a Cemig selecionou atra\u00e7\u00f5es do cinema, do teatro e da m\u00fasica para toda a fam\u00edlia curtir juntinha em casa. <strong>Veja os eventos na p\u00e1gina da Cemig no Facebook: <\/strong>https:\/\/www.facebook.com\/events\/495667208447335\/<\/p>\n\n\n\n<h4 class=\"wp-block-heading\"><strong>Funda\u00e7\u00e3o Cl\u00f3vis Salgado | Cineminha On-line | Curta-metragem \u201cMillie\u201d<\/strong><\/h4>\n\n\n\n<figure class=\"wp-block-image size-large is-resized\"><img loading=\"lazy\" decoding=\"async\" src=\"https:\/\/diariotribuna.com.br\/wp-content\/uploads\/2021\/04\/curta-metragem.jpg\" alt=\"\" class=\"wp-image-9179\" width=\"413\" height=\"375\" srcset=\"https:\/\/diariotribuna.com.br\/wp-content\/uploads\/2021\/04\/curta-metragem.jpg 500w, https:\/\/diariotribuna.com.br\/wp-content\/uploads\/2021\/04\/curta-metragem-300x272.jpg 300w, https:\/\/diariotribuna.com.br\/wp-content\/uploads\/2021\/04\/curta-metragem-463x420.jpg 463w\" sizes=\"(max-width: 413px) 100vw, 413px\" \/><\/figure>\n\n\n\n<p>Voc\u00ea j\u00e1 teve ou tem algum brinquedo ou objeto &#8220;protetor&#8221;? O Cineminha On-line desta semana traz o curta-metragem &#8220;Millie&#8221;, que nos apresenta uma hist\u00f3ria sobre a import\u00e2ncia das lembran\u00e7as e da fam\u00edlia, por meio de um ursinho de pel\u00facia bastante corajoso, um verdadeiro &#8220;protetor&#8221;. Confira tamb\u00e9m a curiosidade e a atividade que preparamos para voc\u00ea!<\/p>\n\n\n\n<h4 class=\"wp-block-heading\"><strong>Teatro | Programa\u00e7\u00e3o On-line: Galp\u00e3o Cine Horto \u2013 Conex\u00e3o Galp\u00e3o<\/strong><\/h4>\n\n\n\n<figure class=\"wp-block-image size-large is-resized\"><img loading=\"lazy\" decoding=\"async\" src=\"https:\/\/diariotribuna.com.br\/wp-content\/uploads\/2021\/04\/Grupo-Galpao.jpg\" alt=\"\" class=\"wp-image-9180\" width=\"415\" height=\"377\" srcset=\"https:\/\/diariotribuna.com.br\/wp-content\/uploads\/2021\/04\/Grupo-Galpao.jpg 500w, https:\/\/diariotribuna.com.br\/wp-content\/uploads\/2021\/04\/Grupo-Galpao-300x272.jpg 300w, https:\/\/diariotribuna.com.br\/wp-content\/uploads\/2021\/04\/Grupo-Galpao-463x420.jpg 463w\" sizes=\"(max-width: 415px) 100vw, 415px\" \/><\/figure>\n\n\n\n<p>Essa semana tem tr\u00eas epis\u00f3dios novos na TV Galp\u00e3o Cine Horto: para a crian\u00e7ada, a Lenda da Galinha D&#8217;Angola, no programa Conex\u00e3o Galp\u00e3o; no Isto \u00e9 Teatro, Lydia Del Picchia faz um bife de Gota d&#8217;\u00e1gua; e, no Verso e Voz, Toninho l\u00ea Ad\u00e9lia Prado.<\/p>\n\n\n\n<h4 class=\"wp-block-heading\"><strong>Grupo Meninos de Minas | Clipe \u201cA Voz\u201d<\/strong><\/h4>\n\n\n\n<figure class=\"wp-block-image size-large is-resized\"><img loading=\"lazy\" decoding=\"async\" src=\"https:\/\/diariotribuna.com.br\/wp-content\/uploads\/2021\/04\/Grupo-Meninos-de-Minas.jpg\" alt=\"\" class=\"wp-image-9181\" width=\"414\" height=\"376\" srcset=\"https:\/\/diariotribuna.com.br\/wp-content\/uploads\/2021\/04\/Grupo-Meninos-de-Minas.jpg 336w, https:\/\/diariotribuna.com.br\/wp-content\/uploads\/2021\/04\/Grupo-Meninos-de-Minas-300x272.jpg 300w\" sizes=\"(max-width: 414px) 100vw, 414px\" \/><\/figure>\n\n\n\n<p>S\u00e3o 21 anos de sementes plantadas e muitos voos e sonhos para colher! Uma vida inteira dedicada \u00e0 cria\u00e7\u00e3o e forma\u00e7\u00e3o musical de mais de 3.500 alunos no Brasil e exterior: Estados Unidos, Alemanha, Espanha e Portugal. Atualmente, os Meninos de Minas mant\u00eam suas bases em Itabira, Minas Gerais, mas com as antenas ligadas no mundo!<\/p>\n\n\n\n<p><strong><em>Todas as atra\u00e7\u00f5es culturais foram gravadas antes do per\u00edodo da pandemia ou est\u00e3o seguindo as orienta\u00e7\u00f5es da OMS.<\/em><\/strong><\/p>\n\n\n\n<p>08.04.2021 l Classifica\u00e7\u00e3o: P\u00fablico<\/p>\n\n\n\n<p><strong>CEMIG: Ger\u00eancia de Comunica\u00e7\u00e3o e Marketing<\/strong><\/p>\n","protected":false},"excerpt":{"rendered":"<p>Al\u00e9m de teatro, o Energia da Cultura desta semana tem cinema infantil e m\u00fasica mineira Em Minas, a energia que vem da cultura nos ajuda a passar por esse momento de isolamento social. No Energia da Cultura da semana, a Cemig selecionou atra\u00e7\u00f5es do cinema, do teatro e da m\u00fasica para toda a fam\u00edlia curtir [&hellip;]<\/p>\n","protected":false},"author":1,"featured_media":9178,"comment_status":"open","ping_status":"open","sticky":false,"template":"","format":"standard","meta":{"rop_custom_images_group":[],"rop_custom_messages_group":[],"rop_publish_now":"initial","rop_publish_now_accounts":[],"rop_publish_now_history":[],"rop_publish_now_status":"pending","footnotes":""},"categories":[25,19],"tags":[72,2252,1948,91,2723,2857],"class_list":["post-9177","post","type-post","status-publish","format-standard","has-post-thumbnail","hentry","category-destaque","category-gerais","tag-cemig","tag-cinema","tag-energia-da-cultura","tag-minas","tag-musica","tag-teatro"],"_links":{"self":[{"href":"https:\/\/diariotribuna.com.br\/index.php?rest_route=\/wp\/v2\/posts\/9177"}],"collection":[{"href":"https:\/\/diariotribuna.com.br\/index.php?rest_route=\/wp\/v2\/posts"}],"about":[{"href":"https:\/\/diariotribuna.com.br\/index.php?rest_route=\/wp\/v2\/types\/post"}],"author":[{"embeddable":true,"href":"https:\/\/diariotribuna.com.br\/index.php?rest_route=\/wp\/v2\/users\/1"}],"replies":[{"embeddable":true,"href":"https:\/\/diariotribuna.com.br\/index.php?rest_route=%2Fwp%2Fv2%2Fcomments&post=9177"}],"version-history":[{"count":1,"href":"https:\/\/diariotribuna.com.br\/index.php?rest_route=\/wp\/v2\/posts\/9177\/revisions"}],"predecessor-version":[{"id":9182,"href":"https:\/\/diariotribuna.com.br\/index.php?rest_route=\/wp\/v2\/posts\/9177\/revisions\/9182"}],"wp:featuredmedia":[{"embeddable":true,"href":"https:\/\/diariotribuna.com.br\/index.php?rest_route=\/wp\/v2\/media\/9178"}],"wp:attachment":[{"href":"https:\/\/diariotribuna.com.br\/index.php?rest_route=%2Fwp%2Fv2%2Fmedia&parent=9177"}],"wp:term":[{"taxonomy":"category","embeddable":true,"href":"https:\/\/diariotribuna.com.br\/index.php?rest_route=%2Fwp%2Fv2%2Fcategories&post=9177"},{"taxonomy":"post_tag","embeddable":true,"href":"https:\/\/diariotribuna.com.br\/index.php?rest_route=%2Fwp%2Fv2%2Ftags&post=9177"}],"curies":[{"name":"wp","href":"https:\/\/api.w.org\/{rel}","templated":true}]}}