{"id":9183,"date":"2021-04-09T00:29:03","date_gmt":"2021-04-09T03:29:03","guid":{"rendered":"https:\/\/diariotribuna.com.br\/?p=9183"},"modified":"2021-04-09T00:31:57","modified_gmt":"2021-04-09T03:31:57","slug":"policia-civil-conclui-investigacao-que-apurou-homicidio-ocorrido-em-ataleia","status":"publish","type":"post","link":"https:\/\/diariotribuna.com.br\/?p=9183","title":{"rendered":"Pol\u00edcia Civil conclui investiga\u00e7\u00e3o que apurou homic\u00eddio ocorrido em Atal\u00e9ia"},"content":{"rendered":"\n<figure class=\"wp-block-image size-large is-resized\"><img loading=\"lazy\" decoding=\"async\" src=\"https:\/\/diariotribuna.com.br\/wp-content\/uploads\/2021\/04\/1-3.png\" alt=\"\" class=\"wp-image-9188\" width=\"518\" height=\"423\" srcset=\"https:\/\/diariotribuna.com.br\/wp-content\/uploads\/2021\/04\/1-3.png 700w, https:\/\/diariotribuna.com.br\/wp-content\/uploads\/2021\/04\/1-3-300x245.png 300w, https:\/\/diariotribuna.com.br\/wp-content\/uploads\/2021\/04\/1-3-696x569.png 696w, https:\/\/diariotribuna.com.br\/wp-content\/uploads\/2021\/04\/1-3-514x420.png 514w\" sizes=\"(max-width: 518px) 100vw, 518px\" \/><\/figure>\n\n\n\n<p>A Pol\u00edcia Civil de Minas Gerais, atrav\u00e9s da Delegacia de Te\u00f3filo Otoni, concluiu investiga\u00e7\u00e3o que apurou homic\u00eddio qualificado e corrup\u00e7\u00e3o de menores, na cidade de Atal\u00e9ia. Segundo a PC, no dia 20 de mar\u00e7o\/2021, a cidade de Atal\u00e9ia foi abalada com a veicula\u00e7\u00e3o de fotos n\u00e3o autorizadas de um homem ensanguentado, v\u00edtima de agress\u00e3o, dentro de uma resid\u00eancia no Bairro Cidade Nova. No local, os militares depararam com a v\u00edtima F.C.S. j\u00e1 sem vida, com marcas de agress\u00e3o por objeto cortocontundente na cabe\u00e7a e diversas les\u00f5es por objeto perfurocortante no tronco, que foram produzidas por golpes de machado e faca.<\/p>\n\n\n\n<p>\u201cNo calor dos fatos, foi preso em flagrante delito o envolvido C.P.N., uma vez que o corpo foi encontrado dentro de sua casa, o qual em sede policial civil negou participa\u00e7\u00e3o no crime, no entanto foi ratificada a sua pris\u00e3o em flagrante. A par das informa\u00e7\u00f5es iniciais, desencadeamos dilig\u00eancias no sentido de proceder \u00e0 completa apura\u00e7\u00e3o, autoria, materialidade, motiva\u00e7\u00e3o e circunst\u00e2ncias do crime\u201d, informou o delegado que responde por Atal\u00e9ia, dr. M\u00e1rcio Pereira.<\/p>\n\n\n\n<p>O dr. M\u00e1rcio informa ainda, que na sequ\u00eancia foram identificados dois adolescentes que tinham sido citados no depoimento de C.P.N. como &#8220;autores&#8221; do crime, uma vez que estariam ali juntos, usando drogas, minutos antes de ceifarem a vida da v\u00edtima. E ap\u00f3s a an\u00e1lise de diversos elementos de prova, como o exame de corpo delito, per\u00edcia do local do crime, e pelo levantamento de diversas provas testemunhais, delimitou a autoria, motiva\u00e7\u00e3o, e todas as circunst\u00e2ncias do crime.<\/p>\n\n\n\n<p>\u201cApesar da negativa quanto aos seus envolvimentos nos crimes, os dois adolescentes infratores foram responsabilizados e as suas interna\u00e7\u00f5es cautelares requeridas perante o Poder Judici\u00e1rio, as quais foram deferidas e cumpridas\u201d, disse. Segundo o delegado, foram conclu\u00eddas as apura\u00e7\u00f5es, com a apresenta\u00e7\u00e3o dos adolescentes infratores perante o Poder Judici\u00e1rio &#8211; Vara da Inf\u00e2ncia e Adolesc\u00eancia para cumprimento da medida cautelar e processamento do feito. O maior j\u00e1 se encontrava preso preventivamente, desde a data dos fatos.<\/p>\n\n\n\n<p><strong>Apura\u00e7\u00e3o \u2013 <\/strong>Dr. M\u00e1rcio destaca que, com arrimo em provas t\u00e9cnicas, como an\u00e1lise de laudos de local e de corpo de delito, confronto das vers\u00f5es apresentadas, oitivas de v\u00e1rias testemunhas, concluiu pela defini\u00e7\u00e3o da autoria e materialidade do crime. O procedimento foi relatado e devidamente encaminhado \u00e0s Justi\u00e7as comum e Especial com o indiciamento formal e representa\u00e7\u00e3o pela medida cautelar de pris\u00e3o preventiva do maior imput\u00e1vel e responsabiliza\u00e7\u00e3o dos dois adolescentes infratores bem como representa\u00e7\u00e3o por medida cautelar de interna\u00e7\u00e3o deles.<\/p>\n\n\n\n<p><strong>Equipe policial &#8211; Delegado:<\/strong> dr. M\u00e1rcio Pereira. <strong>Escriv\u00e3o:<\/strong> Gerson Lucas. Investigadores: Cl\u00e1udio Borges e Nat\u00e1lia Sp\u00f3sito. <strong>Perito:<\/strong> Thiago Couto Moraes.<\/p>\n\n\n\n<p>\u201cA PCMG sempre primando por investiga\u00e7\u00f5es qualificadas, buscando sempre dentro dos seus limites materiais e humanos, oferecer \u00e0 sociedade uma Pol\u00edcia Judici\u00e1ria eficiente\u201d. (Informa\u00e7\u00f5es: PCMG\/ Dr. M\u00e1rcio Pereira.<\/p>\n","protected":false},"excerpt":{"rendered":"<p>A Pol\u00edcia Civil de Minas Gerais, atrav\u00e9s da Delegacia de Te\u00f3filo Otoni, concluiu investiga\u00e7\u00e3o que apurou homic\u00eddio qualificado e corrup\u00e7\u00e3o de menores, na cidade de Atal\u00e9ia. Segundo a PC, no dia 20 de mar\u00e7o\/2021, a cidade de Atal\u00e9ia foi abalada com a veicula\u00e7\u00e3o de fotos n\u00e3o autorizadas de um homem ensanguentado, v\u00edtima de agress\u00e3o, dentro [&hellip;]<\/p>\n","protected":false},"author":1,"featured_media":9188,"comment_status":"open","ping_status":"open","sticky":false,"template":"","format":"standard","meta":{"rop_custom_images_group":[],"rop_custom_messages_group":[],"rop_publish_now":"initial","rop_publish_now_accounts":[],"rop_publish_now_history":[],"rop_publish_now_status":"pending","footnotes":""},"categories":[25,20],"tags":[1529,107,381,292],"class_list":["post-9183","post","type-post","status-publish","format-standard","has-post-thumbnail","hentry","category-destaque","category-policia","tag-ataleia-2","tag-homicidio","tag-investigacao","tag-policia-civil"],"_links":{"self":[{"href":"https:\/\/diariotribuna.com.br\/index.php?rest_route=\/wp\/v2\/posts\/9183"}],"collection":[{"href":"https:\/\/diariotribuna.com.br\/index.php?rest_route=\/wp\/v2\/posts"}],"about":[{"href":"https:\/\/diariotribuna.com.br\/index.php?rest_route=\/wp\/v2\/types\/post"}],"author":[{"embeddable":true,"href":"https:\/\/diariotribuna.com.br\/index.php?rest_route=\/wp\/v2\/users\/1"}],"replies":[{"embeddable":true,"href":"https:\/\/diariotribuna.com.br\/index.php?rest_route=%2Fwp%2Fv2%2Fcomments&post=9183"}],"version-history":[{"count":2,"href":"https:\/\/diariotribuna.com.br\/index.php?rest_route=\/wp\/v2\/posts\/9183\/revisions"}],"predecessor-version":[{"id":9189,"href":"https:\/\/diariotribuna.com.br\/index.php?rest_route=\/wp\/v2\/posts\/9183\/revisions\/9189"}],"wp:featuredmedia":[{"embeddable":true,"href":"https:\/\/diariotribuna.com.br\/index.php?rest_route=\/wp\/v2\/media\/9188"}],"wp:attachment":[{"href":"https:\/\/diariotribuna.com.br\/index.php?rest_route=%2Fwp%2Fv2%2Fmedia&parent=9183"}],"wp:term":[{"taxonomy":"category","embeddable":true,"href":"https:\/\/diariotribuna.com.br\/index.php?rest_route=%2Fwp%2Fv2%2Fcategories&post=9183"},{"taxonomy":"post_tag","embeddable":true,"href":"https:\/\/diariotribuna.com.br\/index.php?rest_route=%2Fwp%2Fv2%2Ftags&post=9183"}],"curies":[{"name":"wp","href":"https:\/\/api.w.org\/{rel}","templated":true}]}}