{"id":9198,"date":"2021-04-09T11:34:44","date_gmt":"2021-04-09T14:34:44","guid":{"rendered":"https:\/\/diariotribuna.com.br\/?p=9198"},"modified":"2021-04-09T11:34:46","modified_gmt":"2021-04-09T14:34:46","slug":"menor-e-apreendido-em-operacao-da-policia-militar-em-pote","status":"publish","type":"post","link":"https:\/\/diariotribuna.com.br\/?p=9198","title":{"rendered":"Menor \u00e9 apreendido em opera\u00e7\u00e3o da Pol\u00edcia Militar em Pot\u00e9"},"content":{"rendered":"\n<figure class=\"wp-block-image size-large is-resized\"><img loading=\"lazy\" decoding=\"async\" src=\"https:\/\/diariotribuna.com.br\/wp-content\/uploads\/2021\/04\/964c13a3-e9c7-43c8-b133-5febec50a35e.jpg\" alt=\"\" class=\"wp-image-9199\" width=\"456\" height=\"298\" srcset=\"https:\/\/diariotribuna.com.br\/wp-content\/uploads\/2021\/04\/964c13a3-e9c7-43c8-b133-5febec50a35e.jpg 700w, https:\/\/diariotribuna.com.br\/wp-content\/uploads\/2021\/04\/964c13a3-e9c7-43c8-b133-5febec50a35e-300x196.jpg 300w, https:\/\/diariotribuna.com.br\/wp-content\/uploads\/2021\/04\/964c13a3-e9c7-43c8-b133-5febec50a35e-696x455.jpg 696w, https:\/\/diariotribuna.com.br\/wp-content\/uploads\/2021\/04\/964c13a3-e9c7-43c8-b133-5febec50a35e-642x420.jpg 642w\" sizes=\"(max-width: 456px) 100vw, 456px\" \/><\/figure>\n\n\n\n<p>A Pol\u00edcia Militar realizou simultaneamente opera\u00e7\u00e3o de combate ao tr\u00e1fico de drogas nas cidades de Pot\u00e9 e Ladainha, na noite de domingo (04\/04) de abril de 2020, com v\u00e1rias equipes, inclusive, de Malacacheta e Te\u00f3filo Otoni. Na opera\u00e7\u00e3o, segundo o comandante da PM em Malacacheta, tenente Adeilton, as equipes foram at\u00e9 a resid\u00eancia de um menor j\u00e1 envolvido em algumas ocorr\u00eancias de tr\u00e1fico de drogas, e l\u00e1 chegando, ao perceber a presen\u00e7a da pol\u00edcia ele tentou dispensar um cigarro de maconha.<\/p>\n\n\n\n<p>O menor foi abordado e o cigarro foi apreendido. &#8220;Em conversa com a m\u00e3e dele, ela autorizou a nossa entrada na resid\u00eancia, e ao realizarmos buscas n\u00f3s encontramos escondido em um guarda-roupa uma pochete que pertence a esse menor, contendo R$ 643,00. A m\u00e3e dele disse n\u00e3o saber da proced\u00eancia e que n\u00e3o pertencia a ela\u201d, informou o tenente Adeilton.<\/p>\n\n\n\n<p>O menor assumiu ser o propriet\u00e1rio do dinheiro, mas tamb\u00e9m n\u00e3o soube justificar sua proced\u00eancia, e ele n\u00e3o trabalha. \u201cConsiderando a quantia apreendida, bem como o cigarro da subst\u00e2ncia semelhante \u00e0 maconha, e tamb\u00e9m por ter o menor j\u00e1 envolvimento em ocorr\u00eancias de tr\u00e1fico de drogas em datas anteriores, ele foi apreendido e junto com o material encaminhado \u00e0 delegacia de Pol\u00edcia Civil\u201d, disse o comandante. A m\u00e3e do menor acompanhou a ocorr\u00eancia. Equipe: Tenente Adeilton, sargento Martin, cabos Farias, Ederson, Carvalho e Ronan. (Informa\u00e7\u00f5es\/Foto: Tenente Adeilton, comandante da PMMG em Malacacheta).<\/p>\n","protected":false},"excerpt":{"rendered":"<p>A Pol\u00edcia Militar realizou simultaneamente opera\u00e7\u00e3o de combate ao tr\u00e1fico de drogas nas cidades de Pot\u00e9 e Ladainha, na noite de domingo (04\/04) de abril de 2020, com v\u00e1rias equipes, inclusive, de Malacacheta e Te\u00f3filo Otoni. Na opera\u00e7\u00e3o, segundo o comandante da PM em Malacacheta, tenente Adeilton, as equipes foram at\u00e9 a resid\u00eancia de um [&hellip;]<\/p>\n","protected":false},"author":1,"featured_media":9199,"comment_status":"open","ping_status":"open","sticky":false,"template":"","format":"standard","meta":{"rop_custom_images_group":[],"rop_custom_messages_group":[],"rop_publish_now":"initial","rop_publish_now_accounts":[],"rop_publish_now_history":[],"rop_publish_now_status":"pending","footnotes":""},"categories":[20],"tags":[1046,76,119,739],"class_list":["post-9198","post","type-post","status-publish","format-standard","has-post-thumbnail","hentry","category-policia","tag-menor-apreendido","tag-policia-militar","tag-pote","tag-trafico-de-drogas"],"_links":{"self":[{"href":"https:\/\/diariotribuna.com.br\/index.php?rest_route=\/wp\/v2\/posts\/9198"}],"collection":[{"href":"https:\/\/diariotribuna.com.br\/index.php?rest_route=\/wp\/v2\/posts"}],"about":[{"href":"https:\/\/diariotribuna.com.br\/index.php?rest_route=\/wp\/v2\/types\/post"}],"author":[{"embeddable":true,"href":"https:\/\/diariotribuna.com.br\/index.php?rest_route=\/wp\/v2\/users\/1"}],"replies":[{"embeddable":true,"href":"https:\/\/diariotribuna.com.br\/index.php?rest_route=%2Fwp%2Fv2%2Fcomments&post=9198"}],"version-history":[{"count":1,"href":"https:\/\/diariotribuna.com.br\/index.php?rest_route=\/wp\/v2\/posts\/9198\/revisions"}],"predecessor-version":[{"id":9200,"href":"https:\/\/diariotribuna.com.br\/index.php?rest_route=\/wp\/v2\/posts\/9198\/revisions\/9200"}],"wp:featuredmedia":[{"embeddable":true,"href":"https:\/\/diariotribuna.com.br\/index.php?rest_route=\/wp\/v2\/media\/9199"}],"wp:attachment":[{"href":"https:\/\/diariotribuna.com.br\/index.php?rest_route=%2Fwp%2Fv2%2Fmedia&parent=9198"}],"wp:term":[{"taxonomy":"category","embeddable":true,"href":"https:\/\/diariotribuna.com.br\/index.php?rest_route=%2Fwp%2Fv2%2Fcategories&post=9198"},{"taxonomy":"post_tag","embeddable":true,"href":"https:\/\/diariotribuna.com.br\/index.php?rest_route=%2Fwp%2Fv2%2Ftags&post=9198"}],"curies":[{"name":"wp","href":"https:\/\/api.w.org\/{rel}","templated":true}]}}