{"id":9209,"date":"2021-04-10T15:24:18","date_gmt":"2021-04-10T18:24:18","guid":{"rendered":"https:\/\/diariotribuna.com.br\/?p=9209"},"modified":"2021-04-10T15:24:21","modified_gmt":"2021-04-10T18:24:21","slug":"minas-gerais-informe-epidemiologico-coronavirus-em-10-04-2021","status":"publish","type":"post","link":"https:\/\/diariotribuna.com.br\/?p=9209","title":{"rendered":"Minas Gerais: Informe Epidemiol\u00f3gico Coronav\u00edrus em 10\/04\/2021"},"content":{"rendered":"\n<figure class=\"wp-block-image size-large\"><img loading=\"lazy\" decoding=\"async\" width=\"700\" height=\"238\" src=\"https:\/\/diariotribuna.com.br\/wp-content\/uploads\/2021\/04\/Sem-titulo-2.png\" alt=\"\" class=\"wp-image-9210\" srcset=\"https:\/\/diariotribuna.com.br\/wp-content\/uploads\/2021\/04\/Sem-titulo-2.png 700w, https:\/\/diariotribuna.com.br\/wp-content\/uploads\/2021\/04\/Sem-titulo-2-300x102.png 300w, https:\/\/diariotribuna.com.br\/wp-content\/uploads\/2021\/04\/Sem-titulo-2-696x238.png 696w\" sizes=\"(max-width: 700px) 100vw, 700px\" \/><\/figure>\n\n\n\n<p>At\u00e9 o momento, o Estado confirmou 1.220.638 casos positivos de Covid-19. Est\u00e3o em acompanhamento 89.723 e j\u00e1 s\u00e3o 1.103.297 casos recuperados. O Estado confirma tamb\u00e9m 27.618 \u00f3bitos at\u00e9 esta data (10\/04). <strong>Nas \u00faltimas 24 Horas foram confirmados 12.109 casos positivos de Covid-19 e registrados 368 \u00f3bitos.<\/strong><\/p>\n\n\n\n<p>Esse n\u00famero retrata os novos registros notificados \u00e0 SES\/MG nas \u00faltimas 24h, mas que ocorreram em per\u00edodos anteriores. Desse modo, o aumento no n\u00famero de \u00f3bitos registrados nas \u00faltimas 24h pode n\u00e3o representar um aumento na transmiss\u00e3o da Covid-19, mas a qualifica\u00e7\u00e3o do sistema de informa\u00e7\u00e3o, com encerramento de \u00f3bitos ocorridos anteriormente e que estavam em investiga\u00e7\u00e3o.<\/p>\n\n\n\n<p>(Dados parciais, sujeitos a altera\u00e7\u00f5es. Atualizado em 10\/04\/2021. Fonte: COES MINAS\/COVID-19\/SES-MG).<\/p>\n","protected":false},"excerpt":{"rendered":"<p>At\u00e9 o momento, o Estado confirmou 1.220.638 casos positivos de Covid-19. Est\u00e3o em acompanhamento 89.723 e j\u00e1 s\u00e3o 1.103.297 casos recuperados. O Estado confirma tamb\u00e9m 27.618 \u00f3bitos at\u00e9 esta data (10\/04). Nas \u00faltimas 24 Horas foram confirmados 12.109 casos positivos de Covid-19 e registrados 368 \u00f3bitos. Esse n\u00famero retrata os novos registros notificados \u00e0 SES\/MG [&hellip;]<\/p>\n","protected":false},"author":1,"featured_media":9210,"comment_status":"open","ping_status":"open","sticky":false,"template":"","format":"standard","meta":{"rop_custom_images_group":[],"rop_custom_messages_group":[],"rop_publish_now":"initial","rop_publish_now_accounts":[],"rop_publish_now_history":[],"rop_publish_now_status":"pending","footnotes":""},"categories":[192],"tags":[2924,489,84,70],"class_list":["post-9209","post","type-post","status-publish","format-standard","has-post-thumbnail","hentry","category-covid19","tag-10-04-2021","tag-boletim-epidemiologico","tag-covid-19","tag-minas-gerais"],"_links":{"self":[{"href":"https:\/\/diariotribuna.com.br\/index.php?rest_route=\/wp\/v2\/posts\/9209"}],"collection":[{"href":"https:\/\/diariotribuna.com.br\/index.php?rest_route=\/wp\/v2\/posts"}],"about":[{"href":"https:\/\/diariotribuna.com.br\/index.php?rest_route=\/wp\/v2\/types\/post"}],"author":[{"embeddable":true,"href":"https:\/\/diariotribuna.com.br\/index.php?rest_route=\/wp\/v2\/users\/1"}],"replies":[{"embeddable":true,"href":"https:\/\/diariotribuna.com.br\/index.php?rest_route=%2Fwp%2Fv2%2Fcomments&post=9209"}],"version-history":[{"count":1,"href":"https:\/\/diariotribuna.com.br\/index.php?rest_route=\/wp\/v2\/posts\/9209\/revisions"}],"predecessor-version":[{"id":9211,"href":"https:\/\/diariotribuna.com.br\/index.php?rest_route=\/wp\/v2\/posts\/9209\/revisions\/9211"}],"wp:featuredmedia":[{"embeddable":true,"href":"https:\/\/diariotribuna.com.br\/index.php?rest_route=\/wp\/v2\/media\/9210"}],"wp:attachment":[{"href":"https:\/\/diariotribuna.com.br\/index.php?rest_route=%2Fwp%2Fv2%2Fmedia&parent=9209"}],"wp:term":[{"taxonomy":"category","embeddable":true,"href":"https:\/\/diariotribuna.com.br\/index.php?rest_route=%2Fwp%2Fv2%2Fcategories&post=9209"},{"taxonomy":"post_tag","embeddable":true,"href":"https:\/\/diariotribuna.com.br\/index.php?rest_route=%2Fwp%2Fv2%2Ftags&post=9209"}],"curies":[{"name":"wp","href":"https:\/\/api.w.org\/{rel}","templated":true}]}}