{"id":9212,"date":"2021-04-10T16:14:18","date_gmt":"2021-04-10T19:14:18","guid":{"rendered":"https:\/\/diariotribuna.com.br\/?p=9212"},"modified":"2021-04-10T16:14:21","modified_gmt":"2021-04-10T19:14:21","slug":"mortes-por-covid-19-no-pais-aumentam-10-em-uma-semana","status":"publish","type":"post","link":"https:\/\/diariotribuna.com.br\/?p=9212","title":{"rendered":"Mortes por covid-19 no pa\u00eds aumentam 10% em uma semana"},"content":{"rendered":"\n<p><strong>Novos casos confirmados tiveram uma queda de 14%<\/strong><\/p>\n\n\n\n<figure class=\"wp-block-image size-large is-resized\"><img loading=\"lazy\" decoding=\"async\" src=\"https:\/\/diariotribuna.com.br\/wp-content\/uploads\/2021\/04\/fiocruz_20200514_paulo_lara_00005.jpg\" alt=\"\" class=\"wp-image-9213\" width=\"561\" height=\"335\" srcset=\"https:\/\/diariotribuna.com.br\/wp-content\/uploads\/2021\/04\/fiocruz_20200514_paulo_lara_00005.jpg 700w, https:\/\/diariotribuna.com.br\/wp-content\/uploads\/2021\/04\/fiocruz_20200514_paulo_lara_00005-300x179.jpg 300w, https:\/\/diariotribuna.com.br\/wp-content\/uploads\/2021\/04\/fiocruz_20200514_paulo_lara_00005-696x416.jpg 696w\" sizes=\"(max-width: 561px) 100vw, 561px\" \/><\/figure>\n\n\n\n<p>O total de vidas perdidas para a covid-19 cresceu 10% na Semana Epidemiol\u00f3gica 13, de 28 de mar\u00e7o a 3 de abril. Nesse per\u00edodo, foram registradas 19.643 novas mortes, contra 17.798 confirmadas na semana anterior. A m\u00e9dia m\u00f3vel de mortes (total de vidas perdidas pelo n\u00famero de dias) na SE 13 ficou em 2.806.<\/p>\n\n\n\n<p>Os dados est\u00e3o no Boletim Epidemiol\u00f3gico do Minist\u00e9rio da Sa\u00fade sobre o Coronav\u00edrus N\u00ba 57. O documento re\u00fane a avalia\u00e7\u00e3o da pasta sobre a evolu\u00e7\u00e3o da pandemia, considerando as semanas epidemiol\u00f3gicas e tipo de medica\u00e7\u00e3o empregada por autoridades de sa\u00fade para essas situa\u00e7\u00f5es. A curva de mortes mostra um aumento intenso a partir do fim do m\u00eas de fevereiro. O resultado da SE 13 \u00e9 quase o dobro de h\u00e1 um m\u00eas, quando na SE 9 foram registrados 10.104 mortes.\u00a0<\/p>\n\n\n\n<figure class=\"wp-block-image size-large is-resized\"><img loading=\"lazy\" decoding=\"async\" src=\"https:\/\/diariotribuna.com.br\/wp-content\/uploads\/2021\/04\/grafico_covid_2_pag_9.png\" alt=\"\" class=\"wp-image-9214\" width=\"590\" height=\"341\" srcset=\"https:\/\/diariotribuna.com.br\/wp-content\/uploads\/2021\/04\/grafico_covid_2_pag_9.png 700w, https:\/\/diariotribuna.com.br\/wp-content\/uploads\/2021\/04\/grafico_covid_2_pag_9-300x173.png 300w, https:\/\/diariotribuna.com.br\/wp-content\/uploads\/2021\/04\/grafico_covid_2_pag_9-696x402.png 696w\" sizes=\"(max-width: 590px) 100vw, 590px\" \/><figcaption><strong><em>Distribui\u00e7\u00e3o dos novos registros de \u00f3bitos (A) por covid-19 por semana epidemiol\u00f3gica de notifica\u00e7\u00e3o. Brasil, 2020-21 &#8211;\u00a0<\/em><strong>Divulga\u00e7\u00e3o\/Minist\u00e9rio da Sa\u00fade<\/strong><\/strong><\/figcaption><\/figure>\n\n\n\n<p>O total de novos casos confirmados, contudo, sofreu uma queda de 14%. Na Semana Epidemiol\u00f3gica 13 foram registrados 463.235 novos diagn\u00f3sticos, contra 539.903 novas notifica\u00e7\u00f5es de pessoas infectadas com o novo coronav\u00edrus na semana anterior.<\/p>\n\n\n\n<figure class=\"wp-block-image size-large is-resized\"><img loading=\"lazy\" decoding=\"async\" src=\"https:\/\/diariotribuna.com.br\/wp-content\/uploads\/2021\/04\/grafico_covid_2_pag_8.png\" alt=\"\" class=\"wp-image-9215\" width=\"588\" height=\"339\" srcset=\"https:\/\/diariotribuna.com.br\/wp-content\/uploads\/2021\/04\/grafico_covid_2_pag_8.png 700w, https:\/\/diariotribuna.com.br\/wp-content\/uploads\/2021\/04\/grafico_covid_2_pag_8-300x173.png 300w, https:\/\/diariotribuna.com.br\/wp-content\/uploads\/2021\/04\/grafico_covid_2_pag_8-696x401.png 696w\" sizes=\"(max-width: 588px) 100vw, 588px\" \/><figcaption><strong><em>Distribui\u00e7\u00e3o dos novos registros de casos por covid-19 por semana epidemiol\u00f3gica de notifica\u00e7\u00e3o. Brasil, 2020-21. &#8211;\u00a0<\/em><strong>Divulga\u00e7\u00e3o\/Minist\u00e9rio da Sa\u00fade<\/strong><\/strong><\/figcaption><\/figure>\n\n\n\n<p><strong>Estados &#8211;<\/strong> Conforme o boletim epidemiol\u00f3gico, um estado teve acr\u00e9scimo de casos na Semana Epidemiol\u00f3gica 13, enquanto seis ficaram est\u00e1veis e 20 tiveram redu\u00e7\u00e3o. O aumento ocorreu em Mato Grosso do Sul (11%). J\u00e1 as quedas mais intensas ocorreram em Paran\u00e1 (39%) e Goi\u00e1s (38%).<\/p>\n\n\n\n<p>Quando consideradas as mortes, o n\u00famero de estados com aumento das curvas foi 14, cinco ficaram est\u00e1veis e oito tiveram diminui\u00e7\u00e3o em rela\u00e7\u00e3o ao balan\u00e7o da semana anterior. Os aumentos mais representativos foram registrados no Rio de Janeiro (59%) e Minas Gerais (35%). As maiores quedas aconteceram no Amazonas (26%) e Rio Grande do Norte (24%).<\/p>\n\n\n\n<p><strong>Mundo &#8211; <\/strong>O Brasil se consolidou como pa\u00eds com mais novas mortes e aumentou sua diferen\u00e7a para o segundo colocado, os Estados Unidos (5.832). Os n\u00fameros daqui foram mais do que o triplo das vidas perdidas nos EUA. Em seguida v\u00eam \u00cdndia (3.071), It\u00e1lia (3.068) e Pol\u00f4nia (2.984). Enquanto a curva no Brasil sobe de forma intensa, a curva de mortes nos EUA vem fazendo movimento inverso. Quando considerados n\u00fameros absolutos, o Brasil segue na segunda posi\u00e7\u00e3o, atr\u00e1s dos Estados Unidos (554.779).<\/p>\n\n\n\n<figure class=\"wp-block-image size-large is-resized\"><img loading=\"lazy\" decoding=\"async\" src=\"https:\/\/diariotribuna.com.br\/wp-content\/uploads\/2021\/04\/grafico_covid_2_pag_6.png\" alt=\"\" class=\"wp-image-9216\" width=\"577\" height=\"343\" srcset=\"https:\/\/diariotribuna.com.br\/wp-content\/uploads\/2021\/04\/grafico_covid_2_pag_6.png 700w, https:\/\/diariotribuna.com.br\/wp-content\/uploads\/2021\/04\/grafico_covid_2_pag_6-300x178.png 300w, https:\/\/diariotribuna.com.br\/wp-content\/uploads\/2021\/04\/grafico_covid_2_pag_6-696x414.png 696w\" sizes=\"(max-width: 577px) 100vw, 577px\" \/><figcaption><strong><em>Evolu\u00e7\u00e3o do n\u00famero de novos \u00f3bitos confirmados de covid-19 por semana epidemiol\u00f3gica, segundo pa\u00edses com maior n\u00famero de \u00f3bitos. &#8211;\u00a0<\/em><strong>Divulga\u00e7\u00e3o\/Minist\u00e9rio da Sa\u00fade<\/strong><\/strong><\/figcaption><\/figure>\n\n\n\n<p>O Brasil deixou de ser o pa\u00eds com mais novos casos, lideran\u00e7a que foi ocupada pela \u00cdndia (513.885). Em seguida v\u00eam Estados Unidos (452.394), Turquia (265.937) e Fran\u00e7a (233.381). Na compara\u00e7\u00e3o em n\u00fameros absolutos, o Brasil fica na segunda posi\u00e7\u00e3o, atr\u00e1s dos EUA (30,6 milh\u00f5es).<\/p>\n\n\n\n<p>(Ag\u00eancia Brasil)<\/p>\n","protected":false},"excerpt":{"rendered":"<p>Novos casos confirmados tiveram uma queda de 14% O total de vidas perdidas para a covid-19 cresceu 10% na Semana Epidemiol\u00f3gica 13, de 28 de mar\u00e7o a 3 de abril. Nesse per\u00edodo, foram registradas 19.643 novas mortes, contra 17.798 confirmadas na semana anterior. A m\u00e9dia m\u00f3vel de mortes (total de vidas perdidas pelo n\u00famero de [&hellip;]<\/p>\n","protected":false},"author":1,"featured_media":9213,"comment_status":"open","ping_status":"open","sticky":false,"template":"","format":"standard","meta":{"rop_custom_images_group":[],"rop_custom_messages_group":[],"rop_publish_now":"initial","rop_publish_now_accounts":[],"rop_publish_now_history":[],"rop_publish_now_status":"pending","footnotes":""},"categories":[192],"tags":[393,84,2925],"class_list":["post-9212","post","type-post","status-publish","format-standard","has-post-thumbnail","hentry","category-covid19","tag-brasil","tag-covid-19","tag-mortes"],"_links":{"self":[{"href":"https:\/\/diariotribuna.com.br\/index.php?rest_route=\/wp\/v2\/posts\/9212"}],"collection":[{"href":"https:\/\/diariotribuna.com.br\/index.php?rest_route=\/wp\/v2\/posts"}],"about":[{"href":"https:\/\/diariotribuna.com.br\/index.php?rest_route=\/wp\/v2\/types\/post"}],"author":[{"embeddable":true,"href":"https:\/\/diariotribuna.com.br\/index.php?rest_route=\/wp\/v2\/users\/1"}],"replies":[{"embeddable":true,"href":"https:\/\/diariotribuna.com.br\/index.php?rest_route=%2Fwp%2Fv2%2Fcomments&post=9212"}],"version-history":[{"count":1,"href":"https:\/\/diariotribuna.com.br\/index.php?rest_route=\/wp\/v2\/posts\/9212\/revisions"}],"predecessor-version":[{"id":9217,"href":"https:\/\/diariotribuna.com.br\/index.php?rest_route=\/wp\/v2\/posts\/9212\/revisions\/9217"}],"wp:featuredmedia":[{"embeddable":true,"href":"https:\/\/diariotribuna.com.br\/index.php?rest_route=\/wp\/v2\/media\/9213"}],"wp:attachment":[{"href":"https:\/\/diariotribuna.com.br\/index.php?rest_route=%2Fwp%2Fv2%2Fmedia&parent=9212"}],"wp:term":[{"taxonomy":"category","embeddable":true,"href":"https:\/\/diariotribuna.com.br\/index.php?rest_route=%2Fwp%2Fv2%2Fcategories&post=9212"},{"taxonomy":"post_tag","embeddable":true,"href":"https:\/\/diariotribuna.com.br\/index.php?rest_route=%2Fwp%2Fv2%2Ftags&post=9212"}],"curies":[{"name":"wp","href":"https:\/\/api.w.org\/{rel}","templated":true}]}}