{"id":9218,"date":"2021-04-10T23:30:17","date_gmt":"2021-04-11T02:30:17","guid":{"rendered":"https:\/\/diariotribuna.com.br\/?p=9218"},"modified":"2021-04-15T14:42:50","modified_gmt":"2021-04-15T17:42:50","slug":"profissionais-da-seguranca-publica-comecam-a-ser-vacinados-em-teofilo-otoni","status":"publish","type":"post","link":"https:\/\/diariotribuna.com.br\/?p=9218","title":{"rendered":"Profissionais da seguran\u00e7a p\u00fablica come\u00e7am a ser vacinados em Te\u00f3filo Otoni"},"content":{"rendered":"\n<figure class=\"wp-block-image size-large is-resized\"><img loading=\"lazy\" decoding=\"async\" src=\"https:\/\/diariotribuna.com.br\/wp-content\/uploads\/2021\/04\/1-1.jpeg\" alt=\"\" class=\"wp-image-9231\" width=\"527\" height=\"377\" srcset=\"https:\/\/diariotribuna.com.br\/wp-content\/uploads\/2021\/04\/1-1.jpeg 700w, https:\/\/diariotribuna.com.br\/wp-content\/uploads\/2021\/04\/1-1-300x215.jpeg 300w, https:\/\/diariotribuna.com.br\/wp-content\/uploads\/2021\/04\/1-1-696x498.jpeg 696w, https:\/\/diariotribuna.com.br\/wp-content\/uploads\/2021\/04\/1-1-587x420.jpeg 587w\" sizes=\"(max-width: 527px) 100vw, 527px\" \/><\/figure>\n\n\n\n<p>A Prefeitura Municipal de Te\u00f3filo Otoni se reuniu na quarta-feira (07\/04), com representantes dos \u00f3rg\u00e3os de seguran\u00e7a p\u00fablica desta regi\u00e3o para definirem a programa\u00e7\u00e3o de vacina\u00e7\u00e3o dos profissionais da \u00e1rea em Te\u00f3filo Otoni. O prefeito Daniel Sucupira, o vice-prefeito dr. \u00c9der Detrez e o coordenador de vacinas do munic\u00edpio, Tadeu Ramalho, anunciaram a vacina\u00e7\u00e3o. \u201cExpandindo essa vacina\u00e7\u00e3o para todas as pessoas que fazem os cuidados da popula\u00e7\u00e3o de Te\u00f3filo Otoni\u201d, destacou o <strong>vice-prefeito, dr. \u00c9der detrez<\/strong>.<\/p>\n\n\n\n<p>O <strong>prefeito Daniel Sucupira<\/strong> ressaltou a import\u00e2ncia do trabalho prestado por essas classes. \u201cOs crit\u00e9rios aqui, que estamos adotando para a vacina\u00e7\u00e3o desses profissionais, da forma mais transparente e clara que \u00e9 o jeito que a gente costuma trabalhar, e n\u00f3s sabemos que \u00e9 o jeito tamb\u00e9m que voc\u00eas prezam e gostam. Quero aqui agradecer a cada um desses profissionais e anunciar que a partir desta quinta-feira (8), \u00e0s 14h, a Prefeitura de Te\u00f3filo Otoni iniciar\u00e1 a vacina\u00e7\u00e3o dos profissionais de seguran\u00e7a p\u00fablica aqui do munic\u00edpio de Te\u00f3filo Otoni\u201d.<\/p>\n\n\n\n<p>Agradeceu a todos os profissionais da \u00e1rea pelo importante trabalho que t\u00eam sido feito aqui em nosso munic\u00edpio, e destacou que a Pol\u00edcia Penal (agentes penitenci\u00e1rios) seriam convidados para uma agenda que seria realizada nesta quinta-feira (8), quando seriam tratados os crit\u00e9rios para imuniza\u00e7\u00e3o da classe.<\/p>\n\n\n\n<p>O <strong>comandante da 15\u00aa Regi\u00e3o de Pol\u00edcia Militar, coronel C\u00e9lio Menezes<\/strong> participou da reuni\u00e3o e destacou a oportunidade de iniciar a vacina\u00e7\u00e3o dos integrantes das for\u00e7as de seguran\u00e7a a partir desta quinta-feira, junto com a equipe de sa\u00fade da prefeitura. \u201cVai possibilitar os profissionais trabalharem com mais tranquilidade para continuarem as atividades de fiscaliza\u00e7\u00e3o, de conscientiza\u00e7\u00e3o, das aglomera\u00e7\u00f5es clandestinas, do funcionamento inadequado de estabelecimentos, de aglomera\u00e7\u00f5es indevidas, com um \u00fanico prop\u00f3sito de salvaguardarmos a vida do cidad\u00e3o\u201d, disse.<\/p>\n\n\n\n<p>O <strong>Delegado Regional da Pol\u00edcia Civil de Te\u00f3filo Otoni, dr. Washington Souza Filho<\/strong>, destacou o trabalho realizado pela equipe da Secretaria Municipal de Sa\u00fade. \u201cVai nos trazer muita tranquilidade para que a gente possa continuar prestando o nosso servi\u00e7o. Gostaria tamb\u00e9m de parabenizar pelo servi\u00e7o que a Secretaria de Sa\u00fade est\u00e1 fazendo no processo de imuniza\u00e7\u00e3o que est\u00e1 sendo refer\u00eancia pelo estado. Assim chegou ao meu conhecimento\u201d.<\/p>\n\n\n\n<p>O <strong>capit\u00e3o S\u00e9rgio Gon\u00e7alves, do Corpo de Bombeiros de Te\u00f3filo Otoni<\/strong> agradeceu ao prefeito, \u201cn\u00e3o s\u00f3 pela vacina\u00e7\u00e3o das for\u00e7as de seguran\u00e7a p\u00fablica, mas tamb\u00e9m pelo trabalho realizado de vacina\u00e7\u00e3o da nossa popula\u00e7\u00e3o\u201d. <strong>O tenente Alonso<\/strong> informou que na quarta-feira (7), 19 militares do Corpo de Bombeiros receberam a 1\u00aa dose da vacina, a 2\u00aa dose ser\u00e1 daqui 30 dias. 15 militares j\u00e1 haviam sido vacinados h\u00e1 um m\u00eas, ent\u00e3o, do efetivo do Corpo de Bombeiros de Te\u00f3filo Otoni que \u00e9 de 46 militares, 34 j\u00e1 foram vacinados.<\/p>\n\n\n\n<p>O <strong>inspetor-chefe da Pol\u00edcia Rodovi\u00e1ria Federal, Hans Nick Jr<\/strong>, agradeceu \u201cpor essa oportunidade que o munic\u00edpio deu tanto \u00e0 PRF quanto \u00e0s demais institui\u00e7\u00f5es, para tra\u00e7ar diretrizes nessa vacina\u00e7\u00e3o dos servidores da seguran\u00e7a p\u00fablica\u201d. O <strong>instrutor chefe do Tiro de Guerra 04-018, Te\u00f3filo Otoni subtenente Herlon Brito<\/strong> enfatizou que \u201ca parceria \u00e9 muito importante para que os profissionais da seguran\u00e7a p\u00fablica possam contribuir na preven\u00e7\u00e3o e no combate da Covid-19 junto \u00e0 comunidade de Te\u00f3filo Otoni\u201d. No TG foram vacinados apenas os instrutores, devido \u00e0 faixa et\u00e1ria.<\/p>\n\n\n\n<figure class=\"wp-block-gallery columns-3 is-cropped wp-block-gallery-1 is-layout-flex wp-block-gallery-is-layout-flex\"><ul class=\"blocks-gallery-grid\"><li class=\"blocks-gallery-item\"><figure><img loading=\"lazy\" decoding=\"async\" width=\"693\" height=\"569\" src=\"https:\/\/diariotribuna.com.br\/wp-content\/uploads\/2021\/04\/Delegado-de-Policia-Civil-dr.-Marcio-Pereira.jpg\" alt=\"\" data-id=\"9219\" data-link=\"https:\/\/diariotribuna.com.br\/?attachment_id=9219\" class=\"wp-image-9219\" srcset=\"https:\/\/diariotribuna.com.br\/wp-content\/uploads\/2021\/04\/Delegado-de-Policia-Civil-dr.-Marcio-Pereira.jpg 693w, https:\/\/diariotribuna.com.br\/wp-content\/uploads\/2021\/04\/Delegado-de-Policia-Civil-dr.-Marcio-Pereira-300x246.jpg 300w, https:\/\/diariotribuna.com.br\/wp-content\/uploads\/2021\/04\/Delegado-de-Policia-Civil-dr.-Marcio-Pereira-512x420.jpg 512w\" sizes=\"(max-width: 693px) 100vw, 693px\" \/><\/figure><\/li><li class=\"blocks-gallery-item\"><figure><img loading=\"lazy\" decoding=\"async\" width=\"700\" height=\"717\" src=\"https:\/\/diariotribuna.com.br\/wp-content\/uploads\/2021\/04\/Tenente-Mariotti-1.jpg\" alt=\"\" data-id=\"9226\" data-link=\"https:\/\/diariotribuna.com.br\/?attachment_id=9226\" class=\"wp-image-9226\" srcset=\"https:\/\/diariotribuna.com.br\/wp-content\/uploads\/2021\/04\/Tenente-Mariotti-1.jpg 700w, https:\/\/diariotribuna.com.br\/wp-content\/uploads\/2021\/04\/Tenente-Mariotti-1-293x300.jpg 293w, https:\/\/diariotribuna.com.br\/wp-content\/uploads\/2021\/04\/Tenente-Mariotti-1-356x364.jpg 356w, https:\/\/diariotribuna.com.br\/wp-content\/uploads\/2021\/04\/Tenente-Mariotti-1-696x713.jpg 696w, https:\/\/diariotribuna.com.br\/wp-content\/uploads\/2021\/04\/Tenente-Mariotti-1-410x420.jpg 410w\" sizes=\"(max-width: 700px) 100vw, 700px\" \/><\/figure><\/li><li class=\"blocks-gallery-item\"><figure><img loading=\"lazy\" decoding=\"async\" width=\"590\" height=\"513\" src=\"https:\/\/diariotribuna.com.br\/wp-content\/uploads\/2021\/04\/e4c4e9c7-1116-4dca-b186-60a59d0539c6.jpg\" alt=\"\" data-id=\"9220\" data-link=\"https:\/\/diariotribuna.com.br\/?attachment_id=9220\" class=\"wp-image-9220\" srcset=\"https:\/\/diariotribuna.com.br\/wp-content\/uploads\/2021\/04\/e4c4e9c7-1116-4dca-b186-60a59d0539c6.jpg 590w, https:\/\/diariotribuna.com.br\/wp-content\/uploads\/2021\/04\/e4c4e9c7-1116-4dca-b186-60a59d0539c6-300x261.jpg 300w, https:\/\/diariotribuna.com.br\/wp-content\/uploads\/2021\/04\/e4c4e9c7-1116-4dca-b186-60a59d0539c6-483x420.jpg 483w\" sizes=\"(max-width: 590px) 100vw, 590px\" \/><\/figure><\/li><li class=\"blocks-gallery-item\"><figure><img loading=\"lazy\" decoding=\"async\" width=\"700\" height=\"620\" src=\"https:\/\/diariotribuna.com.br\/wp-content\/uploads\/2021\/04\/Tenente-Coronel-Marinho.jpg\" alt=\"\" data-id=\"9222\" data-link=\"https:\/\/diariotribuna.com.br\/?attachment_id=9222\" class=\"wp-image-9222\" srcset=\"https:\/\/diariotribuna.com.br\/wp-content\/uploads\/2021\/04\/Tenente-Coronel-Marinho.jpg 700w, https:\/\/diariotribuna.com.br\/wp-content\/uploads\/2021\/04\/Tenente-Coronel-Marinho-300x266.jpg 300w, https:\/\/diariotribuna.com.br\/wp-content\/uploads\/2021\/04\/Tenente-Coronel-Marinho-696x616.jpg 696w, https:\/\/diariotribuna.com.br\/wp-content\/uploads\/2021\/04\/Tenente-Coronel-Marinho-474x420.jpg 474w\" sizes=\"(max-width: 700px) 100vw, 700px\" \/><\/figure><\/li><li class=\"blocks-gallery-item\"><figure><img loading=\"lazy\" decoding=\"async\" width=\"917\" height=\"711\" src=\"https:\/\/diariotribuna.com.br\/wp-content\/uploads\/2021\/04\/Delegada-de-Policia-Civil-dra-Herika-Sena.jpg\" alt=\"\" data-id=\"9221\" data-link=\"https:\/\/diariotribuna.com.br\/?attachment_id=9221\" class=\"wp-image-9221\" srcset=\"https:\/\/diariotribuna.com.br\/wp-content\/uploads\/2021\/04\/Delegada-de-Policia-Civil-dra-Herika-Sena.jpg 917w, https:\/\/diariotribuna.com.br\/wp-content\/uploads\/2021\/04\/Delegada-de-Policia-Civil-dra-Herika-Sena-300x233.jpg 300w, https:\/\/diariotribuna.com.br\/wp-content\/uploads\/2021\/04\/Delegada-de-Policia-Civil-dra-Herika-Sena-768x595.jpg 768w, https:\/\/diariotribuna.com.br\/wp-content\/uploads\/2021\/04\/Delegada-de-Policia-Civil-dra-Herika-Sena-696x540.jpg 696w, https:\/\/diariotribuna.com.br\/wp-content\/uploads\/2021\/04\/Delegada-de-Policia-Civil-dra-Herika-Sena-542x420.jpg 542w\" sizes=\"(max-width: 917px) 100vw, 917px\" \/><\/figure><\/li><li class=\"blocks-gallery-item\"><figure><img loading=\"lazy\" decoding=\"async\" width=\"700\" height=\"489\" src=\"https:\/\/diariotribuna.com.br\/wp-content\/uploads\/2021\/04\/Vacinacao-na-Delegacia-de-Policia-Civil-1.jpg\" alt=\"\" data-id=\"9227\" data-link=\"https:\/\/diariotribuna.com.br\/?attachment_id=9227\" class=\"wp-image-9227\" srcset=\"https:\/\/diariotribuna.com.br\/wp-content\/uploads\/2021\/04\/Vacinacao-na-Delegacia-de-Policia-Civil-1.jpg 700w, https:\/\/diariotribuna.com.br\/wp-content\/uploads\/2021\/04\/Vacinacao-na-Delegacia-de-Policia-Civil-1-300x210.jpg 300w, https:\/\/diariotribuna.com.br\/wp-content\/uploads\/2021\/04\/Vacinacao-na-Delegacia-de-Policia-Civil-1-100x70.jpg 100w, https:\/\/diariotribuna.com.br\/wp-content\/uploads\/2021\/04\/Vacinacao-na-Delegacia-de-Policia-Civil-1-696x486.jpg 696w, https:\/\/diariotribuna.com.br\/wp-content\/uploads\/2021\/04\/Vacinacao-na-Delegacia-de-Policia-Civil-1-601x420.jpg 601w\" sizes=\"(max-width: 700px) 100vw, 700px\" \/><\/figure><\/li><li class=\"blocks-gallery-item\"><figure><img loading=\"lazy\" decoding=\"async\" width=\"525\" height=\"288\" src=\"https:\/\/diariotribuna.com.br\/wp-content\/uploads\/2021\/04\/6de74400-2cf2-4bd4-9995-a312bfe0fa68-1.jpg\" alt=\"\" data-id=\"9230\" data-full-url=\"https:\/\/diariotribuna.com.br\/wp-content\/uploads\/2021\/04\/6de74400-2cf2-4bd4-9995-a312bfe0fa68-1.jpg\" data-link=\"https:\/\/diariotribuna.com.br\/?attachment_id=9230\" class=\"wp-image-9230\" srcset=\"https:\/\/diariotribuna.com.br\/wp-content\/uploads\/2021\/04\/6de74400-2cf2-4bd4-9995-a312bfe0fa68-1.jpg 525w, https:\/\/diariotribuna.com.br\/wp-content\/uploads\/2021\/04\/6de74400-2cf2-4bd4-9995-a312bfe0fa68-1-300x165.jpg 300w\" sizes=\"(max-width: 525px) 100vw, 525px\" \/><\/figure><\/li><li class=\"blocks-gallery-item\"><figure><img loading=\"lazy\" decoding=\"async\" width=\"508\" height=\"293\" src=\"https:\/\/diariotribuna.com.br\/wp-content\/uploads\/2021\/04\/daf95c4f-04be-4ff1-93ca-c189cdb98a49.jpg\" alt=\"\" data-id=\"9228\" data-link=\"https:\/\/diariotribuna.com.br\/?attachment_id=9228\" class=\"wp-image-9228\" srcset=\"https:\/\/diariotribuna.com.br\/wp-content\/uploads\/2021\/04\/daf95c4f-04be-4ff1-93ca-c189cdb98a49.jpg 508w, https:\/\/diariotribuna.com.br\/wp-content\/uploads\/2021\/04\/daf95c4f-04be-4ff1-93ca-c189cdb98a49-300x173.jpg 300w\" sizes=\"(max-width: 508px) 100vw, 508px\" \/><\/figure><\/li><\/ul><\/figure>\n","protected":false},"excerpt":{"rendered":"<p>A Prefeitura Municipal de Te\u00f3filo Otoni se reuniu na quarta-feira (07\/04), com representantes dos \u00f3rg\u00e3os de seguran\u00e7a p\u00fablica desta regi\u00e3o para definirem a programa\u00e7\u00e3o de vacina\u00e7\u00e3o dos profissionais da \u00e1rea em Te\u00f3filo Otoni. O prefeito Daniel Sucupira, o vice-prefeito dr. \u00c9der Detrez e o coordenador de vacinas do munic\u00edpio, Tadeu Ramalho, anunciaram a vacina\u00e7\u00e3o. \u201cExpandindo [&hellip;]<\/p>\n","protected":false},"author":1,"featured_media":9231,"comment_status":"open","ping_status":"open","sticky":false,"template":"","format":"standard","meta":{"rop_custom_images_group":[],"rop_custom_messages_group":[],"rop_publish_now":"initial","rop_publish_now_accounts":[],"rop_publish_now_history":[],"rop_publish_now_status":"pending","footnotes":""},"categories":[17],"tags":[84,2926,75,850],"class_list":["post-9218","post","type-post","status-publish","format-standard","has-post-thumbnail","hentry","category-teofilootoni","tag-covid-19","tag-seguranca-publica","tag-teofilo-otoni","tag-vacina"],"_links":{"self":[{"href":"https:\/\/diariotribuna.com.br\/index.php?rest_route=\/wp\/v2\/posts\/9218"}],"collection":[{"href":"https:\/\/diariotribuna.com.br\/index.php?rest_route=\/wp\/v2\/posts"}],"about":[{"href":"https:\/\/diariotribuna.com.br\/index.php?rest_route=\/wp\/v2\/types\/post"}],"author":[{"embeddable":true,"href":"https:\/\/diariotribuna.com.br\/index.php?rest_route=\/wp\/v2\/users\/1"}],"replies":[{"embeddable":true,"href":"https:\/\/diariotribuna.com.br\/index.php?rest_route=%2Fwp%2Fv2%2Fcomments&post=9218"}],"version-history":[{"count":1,"href":"https:\/\/diariotribuna.com.br\/index.php?rest_route=\/wp\/v2\/posts\/9218\/revisions"}],"predecessor-version":[{"id":9232,"href":"https:\/\/diariotribuna.com.br\/index.php?rest_route=\/wp\/v2\/posts\/9218\/revisions\/9232"}],"wp:featuredmedia":[{"embeddable":true,"href":"https:\/\/diariotribuna.com.br\/index.php?rest_route=\/wp\/v2\/media\/9231"}],"wp:attachment":[{"href":"https:\/\/diariotribuna.com.br\/index.php?rest_route=%2Fwp%2Fv2%2Fmedia&parent=9218"}],"wp:term":[{"taxonomy":"category","embeddable":true,"href":"https:\/\/diariotribuna.com.br\/index.php?rest_route=%2Fwp%2Fv2%2Fcategories&post=9218"},{"taxonomy":"post_tag","embeddable":true,"href":"https:\/\/diariotribuna.com.br\/index.php?rest_route=%2Fwp%2Fv2%2Ftags&post=9218"}],"curies":[{"name":"wp","href":"https:\/\/api.w.org\/{rel}","templated":true}]}}