{"id":9234,"date":"2021-04-11T21:52:04","date_gmt":"2021-04-12T00:52:04","guid":{"rendered":"https:\/\/diariotribuna.com.br\/?p=9234"},"modified":"2021-04-11T21:53:50","modified_gmt":"2021-04-12T00:53:50","slug":"covid-19-secretaria-de-saude-confirma-251-obitos-em-teofilo-otoni","status":"publish","type":"post","link":"https:\/\/diariotribuna.com.br\/?p=9234","title":{"rendered":"COVID-19: Secretaria de Sa\u00fade confirma 251 \u00f3bitos em Te\u00f3filo Otoni"},"content":{"rendered":"\n<figure class=\"wp-block-image size-large is-resized\"><img loading=\"lazy\" decoding=\"async\" src=\"https:\/\/diariotribuna.com.br\/wp-content\/uploads\/2021\/04\/90127239_2607949282827065_4095575144385216512_n.jpg\" alt=\"\" class=\"wp-image-9235\" width=\"474\" height=\"265\" srcset=\"https:\/\/diariotribuna.com.br\/wp-content\/uploads\/2021\/04\/90127239_2607949282827065_4095575144385216512_n.jpg 600w, https:\/\/diariotribuna.com.br\/wp-content\/uploads\/2021\/04\/90127239_2607949282827065_4095575144385216512_n-300x168.jpg 300w\" sizes=\"(max-width: 474px) 100vw, 474px\" \/><\/figure>\n\n\n\n<p>O boletim epidemiol\u00f3gico divulgado pela Secretaria Municipal de Sa\u00fade na noite deste domingo (11\/04\/21) confirma 9.227 casos positivos de covid-19 em Te\u00f3filo Otoni, 39 a mais nas \u00faltimas 24 horas, e registra <strong>mais 05 \u00f3bitos<\/strong> por complica\u00e7\u00f5es causadas pela covid-19, totalizando 251, tendo ainda 03 em investiga\u00e7\u00e3o. Ainda de acordo com o boletim, tem 1.159 casos ativos, 8.652 casos recuperados, e 20.830 casos suspeitos foram descartados.<\/p>\n\n\n\n<p><strong>Os \u00faltimos 05 \u00f3bitos ocorreram nos dias 07 e 09\/04\/2021, (quarta e sexta-feira)<\/strong>. <strong>O primeiro <\/strong>trata-se de um idoso de 76 anos, que estava internado na UPA 24 Horas (Avenida Get\u00falio Vargas). <strong>O segundo<\/strong> trata-se de uma mulher de 59 anos, que estava internada no Hospital Santa Ros\u00e1lia. <strong>O terceiro <\/strong>\u00e9 de um idoso de 72 anos, que estava internado na UPA 24 Horas (Avenida Get\u00falio Vargas). <strong>O quarto \u00f3bito<\/strong> \u00e9 de uma mulher de 57 anos, que estava internada no Hospital Bom Samaritano. <strong>O quinto \u00f3bito <\/strong>trata-se de uma idosa de 76 anos, que estava internada no Pronto Atendimento da Unimed. Todos os pacientes tiveram os resultados confirmados por RT-PCR.<\/p>\n\n\n\n<p><strong>Interna\u00e7\u00f5es at\u00e9 (11\/04):<\/strong> Pelo <strong>SUS, Conv\u00eanio e Particular tem 40 leitos de UTI Covid<\/strong> no munic\u00edpio e 40 est\u00e3o ocupados, sendo 33 pacientes de Te\u00f3filo Otoni e 07 de outros munic\u00edpios <strong>(100,00% de ocupa\u00e7\u00e3o<\/strong>). Tem <strong>106 Leitos de Enfermaria Covid<\/strong> e 54 est\u00e3o ocupados, sendo 39 pacientes de Te\u00f3filo Otoni e 15 de outros munic\u00edpios <strong>(50,94% de ocupa\u00e7\u00e3o)<\/strong>.<\/p>\n\n\n\n<p><strong>Vacin\u00f4metro:<\/strong> dados atualizados na quinta-feira (08\/04) mostram que j\u00e1 foram aplicadas 20.420 doses de vacina contra a covid-19 (1\u00aa dose), e 7.003 doses (na 2\u00aa).<\/p>\n","protected":false},"excerpt":{"rendered":"<p>O boletim epidemiol\u00f3gico divulgado pela Secretaria Municipal de Sa\u00fade na noite deste domingo (11\/04\/21) confirma 9.227 casos positivos de covid-19 em Te\u00f3filo Otoni, 39 a mais nas \u00faltimas 24 horas, e registra mais 05 \u00f3bitos por complica\u00e7\u00f5es causadas pela covid-19, totalizando 251, tendo ainda 03 em investiga\u00e7\u00e3o. Ainda de acordo com o boletim, tem 1.159 [&hellip;]<\/p>\n","protected":false},"author":1,"featured_media":9235,"comment_status":"open","ping_status":"open","sticky":false,"template":"","format":"standard","meta":{"rop_custom_images_group":[],"rop_custom_messages_group":[],"rop_publish_now":"initial","rop_publish_now_accounts":[],"rop_publish_now_history":[],"rop_publish_now_status":"pending","footnotes":""},"categories":[192],"tags":[2927,84,1010,75,867],"class_list":["post-9234","post","type-post","status-publish","format-standard","has-post-thumbnail","hentry","category-covid19","tag-11-04-21","tag-covid-19","tag-nordeste-mineiro","tag-teofilo-otoni","tag-vale-do-mucuri"],"_links":{"self":[{"href":"https:\/\/diariotribuna.com.br\/index.php?rest_route=\/wp\/v2\/posts\/9234"}],"collection":[{"href":"https:\/\/diariotribuna.com.br\/index.php?rest_route=\/wp\/v2\/posts"}],"about":[{"href":"https:\/\/diariotribuna.com.br\/index.php?rest_route=\/wp\/v2\/types\/post"}],"author":[{"embeddable":true,"href":"https:\/\/diariotribuna.com.br\/index.php?rest_route=\/wp\/v2\/users\/1"}],"replies":[{"embeddable":true,"href":"https:\/\/diariotribuna.com.br\/index.php?rest_route=%2Fwp%2Fv2%2Fcomments&post=9234"}],"version-history":[{"count":2,"href":"https:\/\/diariotribuna.com.br\/index.php?rest_route=\/wp\/v2\/posts\/9234\/revisions"}],"predecessor-version":[{"id":9237,"href":"https:\/\/diariotribuna.com.br\/index.php?rest_route=\/wp\/v2\/posts\/9234\/revisions\/9237"}],"wp:featuredmedia":[{"embeddable":true,"href":"https:\/\/diariotribuna.com.br\/index.php?rest_route=\/wp\/v2\/media\/9235"}],"wp:attachment":[{"href":"https:\/\/diariotribuna.com.br\/index.php?rest_route=%2Fwp%2Fv2%2Fmedia&parent=9234"}],"wp:term":[{"taxonomy":"category","embeddable":true,"href":"https:\/\/diariotribuna.com.br\/index.php?rest_route=%2Fwp%2Fv2%2Fcategories&post=9234"},{"taxonomy":"post_tag","embeddable":true,"href":"https:\/\/diariotribuna.com.br\/index.php?rest_route=%2Fwp%2Fv2%2Ftags&post=9234"}],"curies":[{"name":"wp","href":"https:\/\/api.w.org\/{rel}","templated":true}]}}