{"id":9238,"date":"2021-04-11T23:58:11","date_gmt":"2021-04-12T02:58:11","guid":{"rendered":"https:\/\/diariotribuna.com.br\/?p=9238"},"modified":"2021-04-11T23:58:14","modified_gmt":"2021-04-12T02:58:14","slug":"mec-calculara-nota-de-corte-do-sisu-pelo-modelo-vigente-ate-2019","status":"publish","type":"post","link":"https:\/\/diariotribuna.com.br\/?p=9238","title":{"rendered":"MEC calcular\u00e1 nota de corte do Sisu pelo modelo vigente at\u00e9 2019"},"content":{"rendered":"\n<p><strong>Decis\u00e3o foi tomada pela pasta ap\u00f3s apelos contr\u00e1rios \u00e0 reformula\u00e7\u00e3o<\/strong><\/p>\n\n\n\n<figure class=\"wp-block-image size-large is-resized\"><img loading=\"lazy\" decoding=\"async\" src=\"https:\/\/diariotribuna.com.br\/wp-content\/uploads\/2021\/04\/bcff0e85-c220-413d-ae75-15cebd9a134e.jpeg\" alt=\"\" class=\"wp-image-9239\" width=\"575\" height=\"343\" srcset=\"https:\/\/diariotribuna.com.br\/wp-content\/uploads\/2021\/04\/bcff0e85-c220-413d-ae75-15cebd9a134e.jpeg 700w, https:\/\/diariotribuna.com.br\/wp-content\/uploads\/2021\/04\/bcff0e85-c220-413d-ae75-15cebd9a134e-300x179.jpeg 300w, https:\/\/diariotribuna.com.br\/wp-content\/uploads\/2021\/04\/bcff0e85-c220-413d-ae75-15cebd9a134e-696x416.jpeg 696w\" sizes=\"(max-width: 575px) 100vw, 575px\" \/><\/figure>\n\n\n\n<p>O Minist\u00e9rio da Educa\u00e7\u00e3o (MEC) anunciou neste domingo (11) que voltar\u00e1 a calcular as notas de corte do Sistema de Sele\u00e7\u00e3o Unificada (Sisu) como fazia antes de 2020. Com essa decis\u00e3o, a nota do candidato parcialmente classificado no curso de sua primeira op\u00e7\u00e3o de inscri\u00e7\u00e3o n\u00e3o ser\u00e1 mais computada para efeito do c\u00e1lculo da nota de corte do curso de sua segunda op\u00e7\u00e3o.<\/p>\n\n\n\n<p>As notas de corte, considerado o modelo de c\u00e1lculo antigo, ser\u00e3o divulgadas na madrugada de ter\u00e7a-feira (13) e na de quarta-feira (14). As inscri\u00e7\u00f5es poder\u00e3o ser feitas at\u00e9 as 23h59, no hor\u00e1rio de Bras\u00edlia, do dia 14.<\/p>\n\n\n\n<p>O Sisu seleciona estudantes para vagas em institui\u00e7\u00f5es p\u00fablicas de ensino superior com base na nota do Exame Nacional do Ensino M\u00e9dio (Enem). Podem se inscrever aqueles que fizeram o Enem 2020, aplicado este ano. S\u00e3o ofertadas, nesta edi\u00e7\u00e3o, 206.609 mil vagas em 5.571 cursos de gradua\u00e7\u00e3o, distribu\u00eddos em 109 institui\u00e7\u00f5es em todos os estados do Brasil e no Distrito Federal.<\/p>\n\n\n\n<p>Na hora da inscri\u00e7\u00e3o, os candidatos podem escolher at\u00e9 duas op\u00e7\u00f5es de curso. Uma vez por dia, \u00e9 calculada a nota de corte com base nas inscri\u00e7\u00f5es feitas at\u00e9 aquele momento e o candidato \u00e9 informado da sua classifica\u00e7\u00e3o parcial. At\u00e9 o final do per\u00edodo de inscri\u00e7\u00e3o, os candidatos podem mudar as op\u00e7\u00f5es de curso.<\/p>\n\n\n\n<h2 class=\"wp-block-heading\">Notas de corte<\/h2>\n\n\n\n<p>Neste processo seletivo, os candidatos estavam tendo acesso \u00e0 classifica\u00e7\u00e3o tanto para a primeira quanto para a segunda op\u00e7\u00e3o de curso, independente de terem se classificado para a primeira op\u00e7\u00e3o. Em processos seletivos anteriores, aqueles que eram classificados para a primeira op\u00e7\u00e3o de curso eram desconsiderados no c\u00e1lculo da segunda op\u00e7\u00e3o. Isso porque eles j\u00e1 ocupariam a vaga da primeira op\u00e7\u00e3o.<\/p>\n\n\n\n<p>Considerar a nota deles no c\u00e1lculo da segunda op\u00e7\u00e3o de curso pode fazer com que a nota de corte desses cursos aumente. Para especialistas, isso cria uma camuflagem e um aumento de notas de corte que pode n\u00e3o ser real. Como os estudantes podem mudar a op\u00e7\u00e3o de curso, o risco \u00e9 que eles sejam induzidos a mudar de op\u00e7\u00e3o, escolhendo, talvez, cursos que n\u00e3o os agradem tanto.<\/p>\n\n\n\n<h2 class=\"wp-block-heading\">Mudan\u00e7a<\/h2>\n\n\n\n<p>Diante de apelos contr\u00e1rios \u00e0 forma de divulga\u00e7\u00e3o da nota de corte, adotada a partir de 2020, o MEC determinou que essa nota volte a ser divulgada como era antes daquela altera\u00e7\u00e3o no seu formato, \u201cdesde que em condi\u00e7\u00f5es de indicar aos candidatos informa\u00e7\u00f5es que permitam ampliar as chances de ingressar na educa\u00e7\u00e3o superior e se graduar em uma das 109 institui\u00e7\u00f5es p\u00fablicas de ensino superior com ofertas de vagas nesta edi\u00e7\u00e3o do Sisu\u201d, diz a pasta.<\/p>\n\n\n\n<p>O MEC acrescenta, no entanto, que o modelo adotado em 2020 n\u00e3o configura erro nem desvirtua a ocupa\u00e7\u00e3o de vagas. \u201cO formato de gera\u00e7\u00e3o das notas de corte, vigente desde 2020, havia sido alterado na ocasi\u00e3o do processo seletivo do primeiro semestre daquele ano, para demonstrar a integralidade das notas de todos os candidatos, independentemente da situa\u00e7\u00e3o de classifica\u00e7\u00e3o na primeira op\u00e7\u00e3o de curso\u201d.<\/p>\n\n\n\n<h2 class=\"wp-block-heading\">Alerta<\/h2>\n\n\n\n<p>A nota de corte \u00e9 a menor nota para o candidato ficar entre os potencialmente selecionados para cada curso, com base no n\u00famero de vagas dispon\u00edveis e no total dos candidatos inscritos naquele curso, de acordo com o desempenho obtido no Enem. As notas de corte s\u00e3o diferentes para cada modalidade de concorr\u00eancia, ou seja, tanto para quem se inscreve nas vagas de ampla concorr\u00eancia, a\u00e7\u00f5es afirmativas e cotas, bem como suas subdivis\u00f5es, conforme as op\u00e7\u00f5es elencadas no ato da inscri\u00e7\u00e3o ao Sisu.<\/p>\n\n\n\n<p><strong>No portal do Sisu, o MEC faz um alerta:<\/strong><\/p>\n\n\n\n<blockquote class=\"wp-block-quote is-layout-flow wp-block-quote-is-layout-flow\"><p>&#8220;A nota de corte \u00e9 apenas uma refer\u00eancia para auxiliar o candidato no monitoramento de sua inscri\u00e7\u00e3o, n\u00e3o \u00e9 garantia de sele\u00e7\u00e3o para a vaga ofertada. O sistema n\u00e3o faz o c\u00e1lculo em tempo real.&#8221;<\/p><\/blockquote>\n\n\n\n<p>Ao todo,\u00a0<a rel=\"noreferrer noopener\" href=\"https:\/\/agenciabrasil.ebc.com.br\/educacao\/noticia\/2021-01\/segundo-dia-de-enem-tem-abstencao-de-55%2C3\" target=\"_blank\">mais de 2,5 milh\u00f5es de estudantes fizeram o Enem 2020<\/a>. Segundo MEC, mais de 1 milh\u00e3o havia se inscrito no Sisu at\u00e9 a \u00faltima quinta-feira (8).<\/p>\n\n\n\n<p><strong>(Ag\u00eancia Brasil)<\/strong><\/p>\n","protected":false},"excerpt":{"rendered":"<p>Decis\u00e3o foi tomada pela pasta ap\u00f3s apelos contr\u00e1rios \u00e0 reformula\u00e7\u00e3o O Minist\u00e9rio da Educa\u00e7\u00e3o (MEC) anunciou neste domingo (11) que voltar\u00e1 a calcular as notas de corte do Sistema de Sele\u00e7\u00e3o Unificada (Sisu) como fazia antes de 2020. Com essa decis\u00e3o, a nota do candidato parcialmente classificado no curso de sua primeira op\u00e7\u00e3o de inscri\u00e7\u00e3o [&hellip;]<\/p>\n","protected":false},"author":1,"featured_media":9239,"comment_status":"open","ping_status":"open","sticky":false,"template":"","format":"standard","meta":{"rop_custom_images_group":[],"rop_custom_messages_group":[],"rop_publish_now":"initial","rop_publish_now_accounts":[],"rop_publish_now_history":[],"rop_publish_now_status":"pending","footnotes":""},"categories":[16],"tags":[2928,2929,2616],"class_list":["post-9238","post","type-post","status-publish","format-standard","has-post-thumbnail","hentry","category-educacao","tag-mec","tag-nota-de-corte","tag-sisu"],"_links":{"self":[{"href":"https:\/\/diariotribuna.com.br\/index.php?rest_route=\/wp\/v2\/posts\/9238"}],"collection":[{"href":"https:\/\/diariotribuna.com.br\/index.php?rest_route=\/wp\/v2\/posts"}],"about":[{"href":"https:\/\/diariotribuna.com.br\/index.php?rest_route=\/wp\/v2\/types\/post"}],"author":[{"embeddable":true,"href":"https:\/\/diariotribuna.com.br\/index.php?rest_route=\/wp\/v2\/users\/1"}],"replies":[{"embeddable":true,"href":"https:\/\/diariotribuna.com.br\/index.php?rest_route=%2Fwp%2Fv2%2Fcomments&post=9238"}],"version-history":[{"count":1,"href":"https:\/\/diariotribuna.com.br\/index.php?rest_route=\/wp\/v2\/posts\/9238\/revisions"}],"predecessor-version":[{"id":9240,"href":"https:\/\/diariotribuna.com.br\/index.php?rest_route=\/wp\/v2\/posts\/9238\/revisions\/9240"}],"wp:featuredmedia":[{"embeddable":true,"href":"https:\/\/diariotribuna.com.br\/index.php?rest_route=\/wp\/v2\/media\/9239"}],"wp:attachment":[{"href":"https:\/\/diariotribuna.com.br\/index.php?rest_route=%2Fwp%2Fv2%2Fmedia&parent=9238"}],"wp:term":[{"taxonomy":"category","embeddable":true,"href":"https:\/\/diariotribuna.com.br\/index.php?rest_route=%2Fwp%2Fv2%2Fcategories&post=9238"},{"taxonomy":"post_tag","embeddable":true,"href":"https:\/\/diariotribuna.com.br\/index.php?rest_route=%2Fwp%2Fv2%2Ftags&post=9238"}],"curies":[{"name":"wp","href":"https:\/\/api.w.org\/{rel}","templated":true}]}}