{"id":9241,"date":"2021-04-12T00:08:51","date_gmt":"2021-04-12T03:08:51","guid":{"rendered":"https:\/\/diariotribuna.com.br\/?p=9241"},"modified":"2021-04-12T00:08:53","modified_gmt":"2021-04-12T03:08:53","slug":"covid-19-pais-tem-134-milhoes-de-casos-acumulados-e-3531-mil-mortes","status":"publish","type":"post","link":"https:\/\/diariotribuna.com.br\/?p=9241","title":{"rendered":"Covid-19: pa\u00eds tem 13,4 milh\u00f5es de casos acumulados e 353,1 mil mortes"},"content":{"rendered":"\n<p><strong>Total de pessoas recuperadas da doen\u00e7a chega a 11,88 milh\u00f5es<\/strong><\/p>\n\n\n\n<figure class=\"wp-block-image size-large is-resized\"><img loading=\"lazy\" decoding=\"async\" src=\"https:\/\/diariotribuna.com.br\/wp-content\/uploads\/2021\/04\/unnamed-file-5.jpg\" alt=\"\" class=\"wp-image-9243\" width=\"529\" height=\"316\" srcset=\"https:\/\/diariotribuna.com.br\/wp-content\/uploads\/2021\/04\/unnamed-file-5.jpg 700w, https:\/\/diariotribuna.com.br\/wp-content\/uploads\/2021\/04\/unnamed-file-5-300x179.jpg 300w, https:\/\/diariotribuna.com.br\/wp-content\/uploads\/2021\/04\/unnamed-file-5-696x416.jpg 696w\" sizes=\"(max-width: 529px) 100vw, 529px\" \/><\/figure>\n\n\n\n<p>O balan\u00e7o divulgado neste domingo (11) pelo Minist\u00e9rio da Sa\u00fade registra 37.017 novos diagn\u00f3sticos de covid-19\u00a0em 24 horas. Esse dado eleva para 13.482.023 o n\u00famero de pessoas infectadas pela doen\u00e7a desde o in\u00edcio da pandemia no pa\u00eds.\u00a0Ontem\u00a0(10), o painel de estat\u00edsticas marcava 13.445.006 casos acumulados.<\/p>\n\n\n\n<p>As mortes pelo novo coronav\u00edrus ao longo da pandemia aproximam-se de 355 mil. Em 24 horas, as autoridades de sa\u00fade notificaram 1.803 novos \u00f3bitos, totalizando 353.137. Nesse\u00a0s\u00e1bado, o painel de informa\u00e7\u00f5es marcava 351.334 mortes acumuladas.<\/p>\n\n\n\n<figure class=\"wp-block-image size-large is-resized\"><img loading=\"lazy\" decoding=\"async\" src=\"https:\/\/diariotribuna.com.br\/wp-content\/uploads\/2021\/04\/boletim_covid_11abr_2021.jpeg\" alt=\"\" class=\"wp-image-9242\" width=\"568\" height=\"316\" srcset=\"https:\/\/diariotribuna.com.br\/wp-content\/uploads\/2021\/04\/boletim_covid_11abr_2021.jpeg 700w, https:\/\/diariotribuna.com.br\/wp-content\/uploads\/2021\/04\/boletim_covid_11abr_2021-300x167.jpeg 300w, https:\/\/diariotribuna.com.br\/wp-content\/uploads\/2021\/04\/boletim_covid_11abr_2021-696x388.jpeg 696w\" sizes=\"(max-width: 568px) 100vw, 568px\" \/><\/figure>\n\n\n\n<p>O balan\u00e7o apontou tamb\u00e9m 1.248.083 pacientes em acompanhamento e 11.880.803 recuperados da doen\u00e7a.<\/p>\n\n\n\n<h2 class=\"wp-block-heading\">Covid-19 nos estados<\/h2>\n\n\n\n<p><strong>Os estados com mais mortes s\u00e3o os seguintes: <\/strong>S\u00e3o Paulo (82.917), Rio\u00a0de Janeiro\u00a0(39.423), Minas Gerais (28.004), Rio Grande do Sul (21.881) e Paran\u00e1 (19.076). As unidades da Federa\u00e7\u00e3o com menos \u00f3bitos s\u00e3o Acre (1.343), Amap\u00e1 (1.390), Roraima (1.393), Tocantins (2.248) e Sergipe (3.770).<\/p>\n\n\n\n<p><strong>(Ag\u00eancia Brasil)<\/strong><\/p>\n","protected":false},"excerpt":{"rendered":"<p>Total de pessoas recuperadas da doen\u00e7a chega a 11,88 milh\u00f5es O balan\u00e7o divulgado neste domingo (11) pelo Minist\u00e9rio da Sa\u00fade registra 37.017 novos diagn\u00f3sticos de covid-19\u00a0em 24 horas. Esse dado eleva para 13.482.023 o n\u00famero de pessoas infectadas pela doen\u00e7a desde o in\u00edcio da pandemia no pa\u00eds.\u00a0Ontem\u00a0(10), o painel de estat\u00edsticas marcava 13.445.006 casos acumulados. [&hellip;]<\/p>\n","protected":false},"author":1,"featured_media":9243,"comment_status":"open","ping_status":"open","sticky":false,"template":"","format":"standard","meta":{"rop_custom_images_group":[],"rop_custom_messages_group":[],"rop_publish_now":"initial","rop_publish_now_accounts":[],"rop_publish_now_history":[],"rop_publish_now_status":"pending","footnotes":""},"categories":[192],"tags":[393,1271,84],"class_list":["post-9241","post","type-post","status-publish","format-standard","has-post-thumbnail","hentry","category-covid19","tag-brasil","tag-casos-acumulados","tag-covid-19"],"_links":{"self":[{"href":"https:\/\/diariotribuna.com.br\/index.php?rest_route=\/wp\/v2\/posts\/9241"}],"collection":[{"href":"https:\/\/diariotribuna.com.br\/index.php?rest_route=\/wp\/v2\/posts"}],"about":[{"href":"https:\/\/diariotribuna.com.br\/index.php?rest_route=\/wp\/v2\/types\/post"}],"author":[{"embeddable":true,"href":"https:\/\/diariotribuna.com.br\/index.php?rest_route=\/wp\/v2\/users\/1"}],"replies":[{"embeddable":true,"href":"https:\/\/diariotribuna.com.br\/index.php?rest_route=%2Fwp%2Fv2%2Fcomments&post=9241"}],"version-history":[{"count":1,"href":"https:\/\/diariotribuna.com.br\/index.php?rest_route=\/wp\/v2\/posts\/9241\/revisions"}],"predecessor-version":[{"id":9244,"href":"https:\/\/diariotribuna.com.br\/index.php?rest_route=\/wp\/v2\/posts\/9241\/revisions\/9244"}],"wp:featuredmedia":[{"embeddable":true,"href":"https:\/\/diariotribuna.com.br\/index.php?rest_route=\/wp\/v2\/media\/9243"}],"wp:attachment":[{"href":"https:\/\/diariotribuna.com.br\/index.php?rest_route=%2Fwp%2Fv2%2Fmedia&parent=9241"}],"wp:term":[{"taxonomy":"category","embeddable":true,"href":"https:\/\/diariotribuna.com.br\/index.php?rest_route=%2Fwp%2Fv2%2Fcategories&post=9241"},{"taxonomy":"post_tag","embeddable":true,"href":"https:\/\/diariotribuna.com.br\/index.php?rest_route=%2Fwp%2Fv2%2Ftags&post=9241"}],"curies":[{"name":"wp","href":"https:\/\/api.w.org\/{rel}","templated":true}]}}