{"id":9249,"date":"2021-04-12T10:04:54","date_gmt":"2021-04-12T13:04:54","guid":{"rendered":"https:\/\/diariotribuna.com.br\/?p=9249"},"modified":"2021-04-12T10:04:56","modified_gmt":"2021-04-12T13:04:56","slug":"minas-gerais-informe-epidemiologico-coronavirus-em-12-04-2021","status":"publish","type":"post","link":"https:\/\/diariotribuna.com.br\/?p=9249","title":{"rendered":"Minas Gerais: Informe Epidemiol\u00f3gico Coronav\u00edrus em 12\/04\/2021"},"content":{"rendered":"\n<figure class=\"wp-block-image size-large is-resized\"><img loading=\"lazy\" decoding=\"async\" src=\"https:\/\/diariotribuna.com.br\/wp-content\/uploads\/2021\/04\/Sem-titulo-3.png\" alt=\"\" class=\"wp-image-9250\" width=\"571\" height=\"298\" srcset=\"https:\/\/diariotribuna.com.br\/wp-content\/uploads\/2021\/04\/Sem-titulo-3.png 700w, https:\/\/diariotribuna.com.br\/wp-content\/uploads\/2021\/04\/Sem-titulo-3-300x156.png 300w, https:\/\/diariotribuna.com.br\/wp-content\/uploads\/2021\/04\/Sem-titulo-3-696x365.png 696w\" sizes=\"(max-width: 571px) 100vw, 571px\" \/><\/figure>\n\n\n\n<p>At\u00e9 o momento, o Estado confirmou 1.228.659 casos positivos de Covid-19. Est\u00e3o em acompanhamento 87.830 e j\u00e1 s\u00e3o 1.112.739 casos recuperados. O Estado confirma tamb\u00e9m 28.090 \u00f3bitos at\u00e9 esta data (12\/04). <strong>Nas \u00faltimas 24 Horas foram confirmados 2.841 casos positivos de Covid-19 e registrados 86 \u00f3bitos.<\/strong><\/p>\n\n\n\n<p>Esse n\u00famero retrata os novos registros notificados \u00e0 SES\/MG nas \u00faltimas 24h, mas que ocorreram em per\u00edodos anteriores. Desse modo, o aumento no n\u00famero de \u00f3bitos registrados nas \u00faltimas 24h pode n\u00e3o representar um aumento na transmiss\u00e3o da Covid-19, mas a qualifica\u00e7\u00e3o do sistema de informa\u00e7\u00e3o, com encerramento de \u00f3bitos ocorridos anteriormente e que estavam em investiga\u00e7\u00e3o.<\/p>\n\n\n\n<p>(Dados parciais, sujeitos a altera\u00e7\u00f5es. Atualizado em 12\/04\/2021. Fonte: COES MINAS\/COVID-19\/SES-MG).<\/p>\n","protected":false},"excerpt":{"rendered":"<p>At\u00e9 o momento, o Estado confirmou 1.228.659 casos positivos de Covid-19. Est\u00e3o em acompanhamento 87.830 e j\u00e1 s\u00e3o 1.112.739 casos recuperados. O Estado confirma tamb\u00e9m 28.090 \u00f3bitos at\u00e9 esta data (12\/04). Nas \u00faltimas 24 Horas foram confirmados 2.841 casos positivos de Covid-19 e registrados 86 \u00f3bitos. Esse n\u00famero retrata os novos registros notificados \u00e0 SES\/MG [&hellip;]<\/p>\n","protected":false},"author":1,"featured_media":9250,"comment_status":"open","ping_status":"open","sticky":false,"template":"","format":"standard","meta":{"rop_custom_images_group":[],"rop_custom_messages_group":[],"rop_publish_now":"initial","rop_publish_now_accounts":[],"rop_publish_now_history":[],"rop_publish_now_status":"pending","footnotes":""},"categories":[192],"tags":[2930,489,84,70],"class_list":["post-9249","post","type-post","status-publish","format-standard","has-post-thumbnail","hentry","category-covid19","tag-12-04-21","tag-boletim-epidemiologico","tag-covid-19","tag-minas-gerais"],"_links":{"self":[{"href":"https:\/\/diariotribuna.com.br\/index.php?rest_route=\/wp\/v2\/posts\/9249"}],"collection":[{"href":"https:\/\/diariotribuna.com.br\/index.php?rest_route=\/wp\/v2\/posts"}],"about":[{"href":"https:\/\/diariotribuna.com.br\/index.php?rest_route=\/wp\/v2\/types\/post"}],"author":[{"embeddable":true,"href":"https:\/\/diariotribuna.com.br\/index.php?rest_route=\/wp\/v2\/users\/1"}],"replies":[{"embeddable":true,"href":"https:\/\/diariotribuna.com.br\/index.php?rest_route=%2Fwp%2Fv2%2Fcomments&post=9249"}],"version-history":[{"count":1,"href":"https:\/\/diariotribuna.com.br\/index.php?rest_route=\/wp\/v2\/posts\/9249\/revisions"}],"predecessor-version":[{"id":9251,"href":"https:\/\/diariotribuna.com.br\/index.php?rest_route=\/wp\/v2\/posts\/9249\/revisions\/9251"}],"wp:featuredmedia":[{"embeddable":true,"href":"https:\/\/diariotribuna.com.br\/index.php?rest_route=\/wp\/v2\/media\/9250"}],"wp:attachment":[{"href":"https:\/\/diariotribuna.com.br\/index.php?rest_route=%2Fwp%2Fv2%2Fmedia&parent=9249"}],"wp:term":[{"taxonomy":"category","embeddable":true,"href":"https:\/\/diariotribuna.com.br\/index.php?rest_route=%2Fwp%2Fv2%2Fcategories&post=9249"},{"taxonomy":"post_tag","embeddable":true,"href":"https:\/\/diariotribuna.com.br\/index.php?rest_route=%2Fwp%2Fv2%2Ftags&post=9249"}],"curies":[{"name":"wp","href":"https:\/\/api.w.org\/{rel}","templated":true}]}}