{"id":9256,"date":"2021-04-13T23:58:11","date_gmt":"2021-04-14T02:58:11","guid":{"rendered":"https:\/\/diariotribuna.com.br\/?p=9256"},"modified":"2021-04-16T00:08:50","modified_gmt":"2021-04-16T03:08:50","slug":"cpi-da-covid-19-e-criada-no-senado-apos-leitura-do-requerimento-por-rodrigo-pacheco","status":"publish","type":"post","link":"https:\/\/diariotribuna.com.br\/?p=9256","title":{"rendered":"CPI da Covid-19 \u00e9 criada no Senado ap\u00f3s leitura do requerimento por Rodrigo Pacheco"},"content":{"rendered":"\n<figure class=\"wp-block-image size-large is-resized\"><img loading=\"lazy\" decoding=\"async\" src=\"https:\/\/diariotribuna.com.br\/wp-content\/uploads\/2021\/04\/36621180-10e3-4a41-8d29-82614d427246.jpg\" alt=\"\" class=\"wp-image-9257\" width=\"525\" height=\"350\" srcset=\"https:\/\/diariotribuna.com.br\/wp-content\/uploads\/2021\/04\/36621180-10e3-4a41-8d29-82614d427246.jpg 700w, https:\/\/diariotribuna.com.br\/wp-content\/uploads\/2021\/04\/36621180-10e3-4a41-8d29-82614d427246-300x200.jpg 300w, https:\/\/diariotribuna.com.br\/wp-content\/uploads\/2021\/04\/36621180-10e3-4a41-8d29-82614d427246-696x463.jpg 696w, https:\/\/diariotribuna.com.br\/wp-content\/uploads\/2021\/04\/36621180-10e3-4a41-8d29-82614d427246-631x420.jpg 631w\" sizes=\"(max-width: 525px) 100vw, 525px\" \/><\/figure>\n\n\n\n<p><strong>Bras\u00edlia &#8211;<\/strong> Na sess\u00e3o remota desta ter\u00e7a-feira (13), o presidente do Senado, Rodrigo Pacheco (Democratas-MG), fez a leitura do requerimento que determina a cria\u00e7\u00e3o da Comiss\u00e3o Parlamentar de Inqu\u00e9rito (CPI) da Covid-19. Inicialmente, o colegiado investigaria supostas a\u00e7\u00f5es e omiss\u00f5es do governo federal no enfrentamento \u00e0 pandemia, em especial \u00e0quelas relacionadas \u00e0 crise sanit\u00e1ria em Manaus (AM), ocorridas no in\u00edcio do ano.<\/p>\n\n\n\n<p>Ap\u00f3s o apensamento de outro requerimento de instala\u00e7\u00e3o de CPI \u00e0 mat\u00e9ria lida, a comiss\u00e3o ter\u00e1 a miss\u00e3o de analisar, tamb\u00e9m, os repasses da Uni\u00e3o aos estados e munic\u00edpios para a\u00e7\u00f5es de preven\u00e7\u00e3o e combate ao v\u00edrus. \u201cA apura\u00e7\u00e3o conjunta de fatos determinados pode se dar tanto no caso de amplia\u00e7\u00e3o do objeto de uma CPI j\u00e1 em funcionamento quanto no caso de reuni\u00e3o de requerimentos apresentados contemporaneamente para a instala\u00e7\u00e3o de uma \u00fanica comiss\u00e3o investigativa, desde que n\u00e3o reste inviabilizando ou restringido o objeto dos requerimentos apresentados\u201d, afirmou Rodrigo Pacheco.<\/p>\n\n\n\n<p>A instala\u00e7\u00e3o da CPI da Covid-19 foi determinada por decis\u00e3o do ministro do Supremo Tribunal Federal (STF) Lu\u00eds Roberto Barroso. De autoria do senador Randolfe Rodrigues (Rede-AP), o requerimento determina que a comiss\u00e3o ter\u00e1 90 dias para seu funcionamento e ser\u00e1 constitu\u00edda por 11 membros titulares e 7 suplentes. O in\u00edcio das atividades do colegiado deve acontecer ap\u00f3s os l\u00edderes partid\u00e1rios indicarem os integrantes, de acordo com a proporcionalidade partid\u00e1ria.<\/p>\n\n\n\n<p>O requerimento apensado, de iniciativa do senador Eduardo Gir\u00e3o (Podemos-CE), previa investiga\u00e7\u00e3o na atua\u00e7\u00e3o de governos estaduais e municipais. Contudo, de acordo com o Regimento Interno do Senado, artigo 146, inciso III, \u201cn\u00e3o se admitir\u00e1 comiss\u00e3o parlamentar de inqu\u00e9rito sobre mat\u00e9rias pertinentes aos Estados\u201d, o que foi reafirmado em parecer expedido pela Advocacia Geral do Senado: \u201cest\u00e3o exclu\u00eddos do \u00e2mbito de investiga\u00e7\u00e3o das comiss\u00f5es parlamentares de inqu\u00e9rito do Poder Legislativo Federal as compet\u00eancias legislativas e administrativas asseguradas aos demais entes Federados\u201d. Assim, neste quesito, a comiss\u00e3o vai se ater ao escrut\u00ednio dos repasses federais aos estados e munic\u00edpios.<\/p>\n\n\n\n<p>Com poderes de investiga\u00e7\u00e3o pr\u00f3prios das autoridades judiciais, a CPI pode convocar pessoas para depor, ouvir testemunhas, requisitar documentos e determinar dilig\u00eancias, entre outras medidas. Ao final dos trabalhos, a comiss\u00e3o envia \u00e0 Mesa, para conhecimento do Plen\u00e1rio, relat\u00f3rio e conclus\u00f5es. O relat\u00f3rio poder\u00e1 concluir pela apresenta\u00e7\u00e3o de projeto de lei e, se for o caso, suas conclus\u00f5es ser\u00e3o remetidas ao Minist\u00e9rio P\u00fablico para que promova a responsabiliza\u00e7\u00e3o civil e criminal de eventuais infratores.<\/p>\n","protected":false},"excerpt":{"rendered":"<p>Bras\u00edlia &#8211; Na sess\u00e3o remota desta ter\u00e7a-feira (13), o presidente do Senado, Rodrigo Pacheco (Democratas-MG), fez a leitura do requerimento que determina a cria\u00e7\u00e3o da Comiss\u00e3o Parlamentar de Inqu\u00e9rito (CPI) da Covid-19. Inicialmente, o colegiado investigaria supostas a\u00e7\u00f5es e omiss\u00f5es do governo federal no enfrentamento \u00e0 pandemia, em especial \u00e0quelas relacionadas \u00e0 crise sanit\u00e1ria em [&hellip;]<\/p>\n","protected":false},"author":1,"featured_media":9257,"comment_status":"open","ping_status":"open","sticky":false,"template":"","format":"standard","meta":{"rop_custom_images_group":[],"rop_custom_messages_group":[],"rop_publish_now":"initial","rop_publish_now_accounts":[],"rop_publish_now_history":[],"rop_publish_now_status":"pending","footnotes":""},"categories":[21],"tags":[2934,381,585,1683],"class_list":["post-9256","post","type-post","status-publish","format-standard","has-post-thumbnail","hentry","category-politica","tag-cpi-da-covid","tag-investigacao","tag-rodrigo-pacheco","tag-senado"],"_links":{"self":[{"href":"https:\/\/diariotribuna.com.br\/index.php?rest_route=\/wp\/v2\/posts\/9256"}],"collection":[{"href":"https:\/\/diariotribuna.com.br\/index.php?rest_route=\/wp\/v2\/posts"}],"about":[{"href":"https:\/\/diariotribuna.com.br\/index.php?rest_route=\/wp\/v2\/types\/post"}],"author":[{"embeddable":true,"href":"https:\/\/diariotribuna.com.br\/index.php?rest_route=\/wp\/v2\/users\/1"}],"replies":[{"embeddable":true,"href":"https:\/\/diariotribuna.com.br\/index.php?rest_route=%2Fwp%2Fv2%2Fcomments&post=9256"}],"version-history":[{"count":1,"href":"https:\/\/diariotribuna.com.br\/index.php?rest_route=\/wp\/v2\/posts\/9256\/revisions"}],"predecessor-version":[{"id":9258,"href":"https:\/\/diariotribuna.com.br\/index.php?rest_route=\/wp\/v2\/posts\/9256\/revisions\/9258"}],"wp:featuredmedia":[{"embeddable":true,"href":"https:\/\/diariotribuna.com.br\/index.php?rest_route=\/wp\/v2\/media\/9257"}],"wp:attachment":[{"href":"https:\/\/diariotribuna.com.br\/index.php?rest_route=%2Fwp%2Fv2%2Fmedia&parent=9256"}],"wp:term":[{"taxonomy":"category","embeddable":true,"href":"https:\/\/diariotribuna.com.br\/index.php?rest_route=%2Fwp%2Fv2%2Fcategories&post=9256"},{"taxonomy":"post_tag","embeddable":true,"href":"https:\/\/diariotribuna.com.br\/index.php?rest_route=%2Fwp%2Fv2%2Ftags&post=9256"}],"curies":[{"name":"wp","href":"https:\/\/api.w.org\/{rel}","templated":true}]}}