{"id":9259,"date":"2021-04-14T00:12:01","date_gmt":"2021-04-14T03:12:01","guid":{"rendered":"https:\/\/diariotribuna.com.br\/?p=9259"},"modified":"2021-04-14T00:12:52","modified_gmt":"2021-04-14T03:12:52","slug":"pcmg-e-prf-recuperam-carga-subtraida-dos-correios-e-prendem-envolvidos","status":"publish","type":"post","link":"https:\/\/diariotribuna.com.br\/?p=9259","title":{"rendered":"PCMG e PRF recuperam carga subtra\u00edda dos Correios e prendem envolvidos"},"content":{"rendered":"\n<figure class=\"wp-block-image size-large is-resized\"><img loading=\"lazy\" decoding=\"async\" src=\"https:\/\/diariotribuna.com.br\/wp-content\/uploads\/2021\/04\/c74fe245-9387-4d49-a1f5-7a37c92ef43e.jpg\" alt=\"\" class=\"wp-image-9260\" width=\"542\" height=\"324\" srcset=\"https:\/\/diariotribuna.com.br\/wp-content\/uploads\/2021\/04\/c74fe245-9387-4d49-a1f5-7a37c92ef43e.jpg 700w, https:\/\/diariotribuna.com.br\/wp-content\/uploads\/2021\/04\/c74fe245-9387-4d49-a1f5-7a37c92ef43e-300x179.jpg 300w, https:\/\/diariotribuna.com.br\/wp-content\/uploads\/2021\/04\/c74fe245-9387-4d49-a1f5-7a37c92ef43e-696x416.jpg 696w\" sizes=\"(max-width: 542px) 100vw, 542px\" \/><\/figure>\n\n\n\n<p><strong>Medina &#8211; <\/strong>A Pol\u00edcia Civil de Minas Gerais, por meio da delegacia de Medina, e a Pol\u00edcia Rodovi\u00e1ria Federal, por meio do Comando de Opera\u00e7\u00f5es Especiais e da unidade operacional de Itaobim, apreenderam, na quarta-feira (07\/04\/21), itens de carga subtra\u00edda da Empresa Brasileira de Correios e Tel\u00e9grafos (EBCT)\/SEDEX e prenderam tr\u00eas homens, dois de 28 e um de 30 anos, em Medina, no Vale do Jequitinhonha.<\/p>\n\n\n\n<p>A PRF fazia averigua\u00e7\u00f5es referentes a combate ao crime na regi\u00e3o de Itaobim e recebeu informe do ve\u00edculo no qual os envolvidos estavam, procedendo \u00e0 abordagem, com eles foi localizado um item da carga. A PRF foi at\u00e9 a cidade de Medina, onde os envolvidos residem, e, em conjunto com a Pol\u00edcia Civil, foram recuperadas nas resid\u00eancias indicadas pelos envolvidos v\u00e1rios itens de carga subtra\u00edda dos Correios, al\u00e9m de itens de outras cargas tamb\u00e9m subtra\u00eddas em data anterior.<\/p>\n\n\n\n<p>Os envolvidos foram autuados em flagrante pela pr\u00e1tica do crime de recepta\u00e7\u00e3o. As investiga\u00e7\u00f5es prosseguem com vistas \u00e0 apura\u00e7\u00e3o completa dos fatos e responsabiliza\u00e7\u00e3o dos envolvidos. <strong>Pol\u00edcia Civil de Minas Gerais:<\/strong> Instagram: @pcmg.oficial \/Facebook: @pcmgoficial \/Twitter: @pcmgoficial \/YouTube: @pcmgoficial \/www.policiacivil.mg.gov.br. <strong>Pol\u00edcia Rodovi\u00e1ria Federal:<\/strong> Facebook: \/PRF191MG \/Instagram: @prfmg.oficial. (Informa\u00e7\u00f5es\/Foto: PCMG\/ Dr. Thiago Passos).<\/p>\n","protected":false},"excerpt":{"rendered":"<p>Medina &#8211; A Pol\u00edcia Civil de Minas Gerais, por meio da delegacia de Medina, e a Pol\u00edcia Rodovi\u00e1ria Federal, por meio do Comando de Opera\u00e7\u00f5es Especiais e da unidade operacional de Itaobim, apreenderam, na quarta-feira (07\/04\/21), itens de carga subtra\u00edda da Empresa Brasileira de Correios e Tel\u00e9grafos (EBCT)\/SEDEX e prenderam tr\u00eas homens, dois de 28 [&hellip;]<\/p>\n","protected":false},"author":1,"featured_media":9260,"comment_status":"open","ping_status":"open","sticky":false,"template":"","format":"standard","meta":{"rop_custom_images_group":[],"rop_custom_messages_group":[],"rop_publish_now":"initial","rop_publish_now_accounts":[],"rop_publish_now_history":[],"rop_publish_now_status":"pending","footnotes":""},"categories":[25,20],"tags":[2936,2935,79,292,184,649,675],"class_list":["post-9259","post","type-post","status-publish","format-standard","has-post-thumbnail","hentry","category-destaque","category-policia","tag-assaltantes","tag-carga-dos-correios","tag-medina","tag-policia-civil","tag-prf","tag-prisao","tag-roubo"],"_links":{"self":[{"href":"https:\/\/diariotribuna.com.br\/index.php?rest_route=\/wp\/v2\/posts\/9259"}],"collection":[{"href":"https:\/\/diariotribuna.com.br\/index.php?rest_route=\/wp\/v2\/posts"}],"about":[{"href":"https:\/\/diariotribuna.com.br\/index.php?rest_route=\/wp\/v2\/types\/post"}],"author":[{"embeddable":true,"href":"https:\/\/diariotribuna.com.br\/index.php?rest_route=\/wp\/v2\/users\/1"}],"replies":[{"embeddable":true,"href":"https:\/\/diariotribuna.com.br\/index.php?rest_route=%2Fwp%2Fv2%2Fcomments&post=9259"}],"version-history":[{"count":2,"href":"https:\/\/diariotribuna.com.br\/index.php?rest_route=\/wp\/v2\/posts\/9259\/revisions"}],"predecessor-version":[{"id":9262,"href":"https:\/\/diariotribuna.com.br\/index.php?rest_route=\/wp\/v2\/posts\/9259\/revisions\/9262"}],"wp:featuredmedia":[{"embeddable":true,"href":"https:\/\/diariotribuna.com.br\/index.php?rest_route=\/wp\/v2\/media\/9260"}],"wp:attachment":[{"href":"https:\/\/diariotribuna.com.br\/index.php?rest_route=%2Fwp%2Fv2%2Fmedia&parent=9259"}],"wp:term":[{"taxonomy":"category","embeddable":true,"href":"https:\/\/diariotribuna.com.br\/index.php?rest_route=%2Fwp%2Fv2%2Fcategories&post=9259"},{"taxonomy":"post_tag","embeddable":true,"href":"https:\/\/diariotribuna.com.br\/index.php?rest_route=%2Fwp%2Fv2%2Ftags&post=9259"}],"curies":[{"name":"wp","href":"https:\/\/api.w.org\/{rel}","templated":true}]}}