{"id":9263,"date":"2021-04-14T00:46:03","date_gmt":"2021-04-14T03:46:03","guid":{"rendered":"https:\/\/diariotribuna.com.br\/?p=9263"},"modified":"2021-04-14T00:46:05","modified_gmt":"2021-04-14T03:46:05","slug":"policia-civil-recupera-moto-roubada-no-entroncamento-da-br-116-e-prende-envolvidos-em-pedra-azul","status":"publish","type":"post","link":"https:\/\/diariotribuna.com.br\/?p=9263","title":{"rendered":"Pol\u00edcia Civil recupera moto roubada no entroncamento da BR 116 e prende envolvidos em Pedra Azul"},"content":{"rendered":"\n<figure class=\"wp-block-image size-large is-resized\"><img loading=\"lazy\" decoding=\"async\" src=\"https:\/\/diariotribuna.com.br\/wp-content\/uploads\/2021\/04\/e4530878-4dc0-47ca-aa15-ba5b165d28f0.jpg\" alt=\"\" class=\"wp-image-9264\" width=\"513\" height=\"288\" srcset=\"https:\/\/diariotribuna.com.br\/wp-content\/uploads\/2021\/04\/e4530878-4dc0-47ca-aa15-ba5b165d28f0.jpg 700w, https:\/\/diariotribuna.com.br\/wp-content\/uploads\/2021\/04\/e4530878-4dc0-47ca-aa15-ba5b165d28f0-300x168.jpg 300w, https:\/\/diariotribuna.com.br\/wp-content\/uploads\/2021\/04\/e4530878-4dc0-47ca-aa15-ba5b165d28f0-696x391.jpg 696w\" sizes=\"(max-width: 513px) 100vw, 513px\" \/><\/figure>\n\n\n\n<p>A Pol\u00edcia Civil de Minas Gerais por meio da 2\u00aa Delegacia Regional de Pol\u00edcia Civil de Pedra Azul, recuperou, na quinta-feira (08\/04), uma motocicleta que havia sido roubada no entroncamento da rodovia BR-116 na \u00faltima segunda-feira (05\/4\/), em Pedra Azul, no Vale do Jequitinhonha. A v\u00edtima foi abordada por dois indiv\u00edduos assim que atravessou o entroncamento da BR-116 e acessou a rodovia MGC-251 sentido Pedra Azul, e mediante grave amea\u00e7a exercida por meio de arma de fogo, subtra\u00edram a motocicleta e fugiram no sentido crescente da BR-116.<\/p>\n\n\n\n<p>Na quinta-feira (08\/04), a PCMG, atrav\u00e9s de levantamentos, chegou at\u00e9 os envolvidos, que confessaram que estavam na posse da motocicleta produto do roubo e indicaram aos policiais civis o local em que ela estava escondida, sendo uma \u00e1rea de mata no povoado \u00c1guas Altas, popularmente conhecido como &#8220;S\u00e3o Francisco&#8221;, tendo sido a motocicleta encontrada no local apontado e recuperada pela PCMG.<\/p>\n\n\n\n<p>\u201cOs envolvidos, que s\u00e3o apontados como autores de outros crimes contra o patrim\u00f4nio na regi\u00e3o, sobretudo, os reiterados roubos a caminhoneiros que trafegam na rodovia BR-116, foram presos pela pr\u00e1tica dos crimes de recepta\u00e7\u00e3o e associa\u00e7\u00e3o criminosa. As investiga\u00e7\u00f5es prosseguem com vistas \u00e0 completa apura\u00e7\u00e3o dos fatos e responsabiliza\u00e7\u00e3o dos envolvidos\u201d, disse o delegado, dr. Thiago de Carvalho Passos. (Informa\u00e7\u00f5es\/Foto: PCMG\/ Dr. Thiago Passos).<\/p>\n","protected":false},"excerpt":{"rendered":"<p>A Pol\u00edcia Civil de Minas Gerais por meio da 2\u00aa Delegacia Regional de Pol\u00edcia Civil de Pedra Azul, recuperou, na quinta-feira (08\/04), uma motocicleta que havia sido roubada no entroncamento da rodovia BR-116 na \u00faltima segunda-feira (05\/4\/), em Pedra Azul, no Vale do Jequitinhonha. A v\u00edtima foi abordada por dois indiv\u00edduos assim que atravessou o [&hellip;]<\/p>\n","protected":false},"author":1,"featured_media":9264,"comment_status":"open","ping_status":"open","sticky":false,"template":"","format":"standard","meta":{"rop_custom_images_group":[],"rop_custom_messages_group":[],"rop_publish_now":"initial","rop_publish_now_accounts":[],"rop_publish_now_history":[],"rop_publish_now_status":"pending","footnotes":""},"categories":[20],"tags":[1382,696,120,292],"class_list":["post-9263","post","type-post","status-publish","format-standard","has-post-thumbnail","hentry","category-policia","tag-br-116-2","tag-moto-roubada","tag-pedra-azul","tag-policia-civil"],"_links":{"self":[{"href":"https:\/\/diariotribuna.com.br\/index.php?rest_route=\/wp\/v2\/posts\/9263"}],"collection":[{"href":"https:\/\/diariotribuna.com.br\/index.php?rest_route=\/wp\/v2\/posts"}],"about":[{"href":"https:\/\/diariotribuna.com.br\/index.php?rest_route=\/wp\/v2\/types\/post"}],"author":[{"embeddable":true,"href":"https:\/\/diariotribuna.com.br\/index.php?rest_route=\/wp\/v2\/users\/1"}],"replies":[{"embeddable":true,"href":"https:\/\/diariotribuna.com.br\/index.php?rest_route=%2Fwp%2Fv2%2Fcomments&post=9263"}],"version-history":[{"count":1,"href":"https:\/\/diariotribuna.com.br\/index.php?rest_route=\/wp\/v2\/posts\/9263\/revisions"}],"predecessor-version":[{"id":9265,"href":"https:\/\/diariotribuna.com.br\/index.php?rest_route=\/wp\/v2\/posts\/9263\/revisions\/9265"}],"wp:featuredmedia":[{"embeddable":true,"href":"https:\/\/diariotribuna.com.br\/index.php?rest_route=\/wp\/v2\/media\/9264"}],"wp:attachment":[{"href":"https:\/\/diariotribuna.com.br\/index.php?rest_route=%2Fwp%2Fv2%2Fmedia&parent=9263"}],"wp:term":[{"taxonomy":"category","embeddable":true,"href":"https:\/\/diariotribuna.com.br\/index.php?rest_route=%2Fwp%2Fv2%2Fcategories&post=9263"},{"taxonomy":"post_tag","embeddable":true,"href":"https:\/\/diariotribuna.com.br\/index.php?rest_route=%2Fwp%2Fv2%2Ftags&post=9263"}],"curies":[{"name":"wp","href":"https:\/\/api.w.org\/{rel}","templated":true}]}}