{"id":9266,"date":"2021-04-14T00:53:21","date_gmt":"2021-04-14T03:53:21","guid":{"rendered":"https:\/\/diariotribuna.com.br\/?p=9266"},"modified":"2021-04-14T00:56:57","modified_gmt":"2021-04-14T03:56:57","slug":"sabadao-da-vacinacao-atendeu-idosos-entre-62-e-64-anos-em-teofilo-otoni","status":"publish","type":"post","link":"https:\/\/diariotribuna.com.br\/?p=9266","title":{"rendered":"\u201cSabad\u00e3o da Vacina\u00e7\u00e3o\u201d atendeu idosos entre 62 e 64 anos em Te\u00f3filo Otoni"},"content":{"rendered":"\n<figure class=\"wp-block-gallery columns-2 is-cropped wp-block-gallery-1 is-layout-flex wp-block-gallery-is-layout-flex\"><ul class=\"blocks-gallery-grid\"><li class=\"blocks-gallery-item\"><figure><img loading=\"lazy\" decoding=\"async\" width=\"700\" height=\"387\" src=\"https:\/\/diariotribuna.com.br\/wp-content\/uploads\/2021\/04\/d0c785da-98a7-49e0-a4f2-97cbcf1227a2.jpg\" alt=\"\" data-id=\"9267\" data-full-url=\"https:\/\/diariotribuna.com.br\/wp-content\/uploads\/2021\/04\/d0c785da-98a7-49e0-a4f2-97cbcf1227a2.jpg\" data-link=\"https:\/\/diariotribuna.com.br\/?attachment_id=9267\" class=\"wp-image-9267\" srcset=\"https:\/\/diariotribuna.com.br\/wp-content\/uploads\/2021\/04\/d0c785da-98a7-49e0-a4f2-97cbcf1227a2.jpg 700w, https:\/\/diariotribuna.com.br\/wp-content\/uploads\/2021\/04\/d0c785da-98a7-49e0-a4f2-97cbcf1227a2-300x166.jpg 300w, https:\/\/diariotribuna.com.br\/wp-content\/uploads\/2021\/04\/d0c785da-98a7-49e0-a4f2-97cbcf1227a2-696x385.jpg 696w\" sizes=\"(max-width: 700px) 100vw, 700px\" \/><\/figure><\/li><li class=\"blocks-gallery-item\"><figure><img loading=\"lazy\" decoding=\"async\" width=\"700\" height=\"388\" src=\"https:\/\/diariotribuna.com.br\/wp-content\/uploads\/2021\/04\/9d8739dc-c6a1-4253-a0d3-fd7415ff1470.jpg\" alt=\"\" data-id=\"9268\" data-full-url=\"https:\/\/diariotribuna.com.br\/wp-content\/uploads\/2021\/04\/9d8739dc-c6a1-4253-a0d3-fd7415ff1470.jpg\" data-link=\"https:\/\/diariotribuna.com.br\/?attachment_id=9268\" class=\"wp-image-9268\" srcset=\"https:\/\/diariotribuna.com.br\/wp-content\/uploads\/2021\/04\/9d8739dc-c6a1-4253-a0d3-fd7415ff1470.jpg 700w, https:\/\/diariotribuna.com.br\/wp-content\/uploads\/2021\/04\/9d8739dc-c6a1-4253-a0d3-fd7415ff1470-300x166.jpg 300w, https:\/\/diariotribuna.com.br\/wp-content\/uploads\/2021\/04\/9d8739dc-c6a1-4253-a0d3-fd7415ff1470-696x385.jpg 696w\" sizes=\"(max-width: 700px) 100vw, 700px\" \/><\/figure><\/li><\/ul><\/figure>\n\n\n\n<p>Realizado no s\u00e1bado (10\/04) em Te\u00f3filo Otoni a vacina\u00e7\u00e3o contra a covid-19 para os idosos entre 62 e 64 anos. O chamado \u201cSabad\u00e3o da Vacina\u00e7\u00e3o\u201d funcionou, das 9h \u00e0s 14h, em quase todas as unidades de sa\u00fade da cidade, sendo aplicada a 1\u00aa dose, e adiantou bastante a vacina\u00e7\u00e3o numa esp\u00e9cie de mutir\u00e3o, gra\u00e7as ao esfor\u00e7o incondicional dos profissionais da sa\u00fade, que desde o in\u00edcio da pandemia t\u00eam se dedicado bastante no enfrentamento da doen\u00e7a.<\/p>\n\n\n\n<p>Muitas pessoas aguardam ansiosas pela vacina, e \u00e9 louv\u00e1vel esse evento, porque somente o munic\u00edpio de Te\u00f3filo Otoni j\u00e1 perdeu mais de 250 pessoas para a covid-19. Para receber a vacina a pessoa deveria levar o cart\u00e3o de vacina, documento com foto, CPF e comprovante de resid\u00eancia. De acordo com a assessoria de comunica\u00e7\u00e3o da prefeitura, foram aplicadas 2.000 doses at\u00e9 o meio dia deste s\u00e1bado. Informou ainda que as demais pessoas da faixa et\u00e1ria de 62 a 64 anos ser\u00e3o imunizadas com as novas doses que chegar\u00e3o nesta segunda-feira (12\/04).<\/p>\n\n\n\n<p>Segundo a Superintend\u00eancia Regional de Sa\u00fade de Te\u00f3filo Otoni (SRS-TO), a regional recebeu, na segunda-feira (05\/04), a 10\u00aa remessa das vacinas contra a covid-19, contendo 26,5 mil doses, sendo 2,7 da AstraZeneca e 23,8 da CoronaVac, para atender os 32 munic\u00edpios de sua \u00e1rea de abrang\u00eancia. Essa foi a maior remessa recebida desde o in\u00edcio da campanha de vacina\u00e7\u00e3o contra a covid-19, em janeiro\/2021. E a CoronaVac ser\u00e1 utilizada para iniciar a imuniza\u00e7\u00e3o de 6% dos profissionais da seguran\u00e7a p\u00fablica, conforme determinado pelo MS. Esses profissionais j\u00e1 come\u00e7aram a ser vacinados em Te\u00f3filo Otoni na quinta-feira (08\/04).<\/p>\n","protected":false},"excerpt":{"rendered":"<p>Realizado no s\u00e1bado (10\/04) em Te\u00f3filo Otoni a vacina\u00e7\u00e3o contra a covid-19 para os idosos entre 62 e 64 anos. O chamado \u201cSabad\u00e3o da Vacina\u00e7\u00e3o\u201d funcionou, das 9h \u00e0s 14h, em quase todas as unidades de sa\u00fade da cidade, sendo aplicada a 1\u00aa dose, e adiantou bastante a vacina\u00e7\u00e3o numa esp\u00e9cie de mutir\u00e3o, gra\u00e7as ao [&hellip;]<\/p>\n","protected":false},"author":1,"featured_media":9268,"comment_status":"open","ping_status":"open","sticky":false,"template":"","format":"standard","meta":{"rop_custom_images_group":[],"rop_custom_messages_group":[],"rop_publish_now":"initial","rop_publish_now_accounts":[],"rop_publish_now_history":[],"rop_publish_now_status":"pending","footnotes":""},"categories":[17],"tags":[84,2937,75],"class_list":["post-9266","post","type-post","status-publish","format-standard","has-post-thumbnail","hentry","category-teofilootoni","tag-covid-19","tag-sabadao-da-vacinacao","tag-teofilo-otoni"],"_links":{"self":[{"href":"https:\/\/diariotribuna.com.br\/index.php?rest_route=\/wp\/v2\/posts\/9266"}],"collection":[{"href":"https:\/\/diariotribuna.com.br\/index.php?rest_route=\/wp\/v2\/posts"}],"about":[{"href":"https:\/\/diariotribuna.com.br\/index.php?rest_route=\/wp\/v2\/types\/post"}],"author":[{"embeddable":true,"href":"https:\/\/diariotribuna.com.br\/index.php?rest_route=\/wp\/v2\/users\/1"}],"replies":[{"embeddable":true,"href":"https:\/\/diariotribuna.com.br\/index.php?rest_route=%2Fwp%2Fv2%2Fcomments&post=9266"}],"version-history":[{"count":2,"href":"https:\/\/diariotribuna.com.br\/index.php?rest_route=\/wp\/v2\/posts\/9266\/revisions"}],"predecessor-version":[{"id":9270,"href":"https:\/\/diariotribuna.com.br\/index.php?rest_route=\/wp\/v2\/posts\/9266\/revisions\/9270"}],"wp:featuredmedia":[{"embeddable":true,"href":"https:\/\/diariotribuna.com.br\/index.php?rest_route=\/wp\/v2\/media\/9268"}],"wp:attachment":[{"href":"https:\/\/diariotribuna.com.br\/index.php?rest_route=%2Fwp%2Fv2%2Fmedia&parent=9266"}],"wp:term":[{"taxonomy":"category","embeddable":true,"href":"https:\/\/diariotribuna.com.br\/index.php?rest_route=%2Fwp%2Fv2%2Fcategories&post=9266"},{"taxonomy":"post_tag","embeddable":true,"href":"https:\/\/diariotribuna.com.br\/index.php?rest_route=%2Fwp%2Fv2%2Ftags&post=9266"}],"curies":[{"name":"wp","href":"https:\/\/api.w.org\/{rel}","templated":true}]}}