{"id":9271,"date":"2021-04-14T01:00:13","date_gmt":"2021-04-14T04:00:13","guid":{"rendered":"https:\/\/diariotribuna.com.br\/?p=9271"},"modified":"2021-04-14T01:00:16","modified_gmt":"2021-04-14T04:00:16","slug":"policia-civil-cumpre-mandado-judicial-e-prende-autor-de-homicidio","status":"publish","type":"post","link":"https:\/\/diariotribuna.com.br\/?p=9271","title":{"rendered":"Pol\u00edcia Civil cumpre mandado judicial e prende autor de homic\u00eddio"},"content":{"rendered":"\n<figure class=\"wp-block-image size-large is-resized\"><img loading=\"lazy\" decoding=\"async\" src=\"https:\/\/diariotribuna.com.br\/wp-content\/uploads\/2021\/04\/f8ba0ef3-83be-42cf-a465-e9a2f0f4189a.jpg\" alt=\"\" class=\"wp-image-9272\" width=\"491\" height=\"276\" srcset=\"https:\/\/diariotribuna.com.br\/wp-content\/uploads\/2021\/04\/f8ba0ef3-83be-42cf-a465-e9a2f0f4189a.jpg 700w, https:\/\/diariotribuna.com.br\/wp-content\/uploads\/2021\/04\/f8ba0ef3-83be-42cf-a465-e9a2f0f4189a-300x168.jpg 300w, https:\/\/diariotribuna.com.br\/wp-content\/uploads\/2021\/04\/f8ba0ef3-83be-42cf-a465-e9a2f0f4189a-696x391.jpg 696w\" sizes=\"(max-width: 491px) 100vw, 491px\" \/><\/figure>\n\n\n\n<p><strong>Ladainha &#8211;<\/strong> A Pol\u00edcia Civil de Minas Gerais, atrav\u00e9s da 8\u00aa Delegacia de Ladainha, prendeu na sexta-feira (09\/04), o nacional M.D.F., investigado pela pr\u00e1tica de homic\u00eddio qualificado ocorrido no C\u00f3rrego Rancho Grande, zona rural de Ladainha, no \u00faltimo dia 29\/03\/2021. Segundo a PC, \u201cnaquela ocasi\u00e3o o autor teria surpreendido a v\u00edtima pelas costas, efetuando tr\u00eas disparos de arma fogo contra o mesmo, o que lhe ocasionou o \u00f3bito\u201d.<\/p>\n\n\n\n<p>Dois dias ap\u00f3s o crime uma equipe da delegacia de Ladainha fez dilig\u00eancias na comunidade rural, ouvindo testemunhas e coletando demais elementos de prova, que subsidiaram representa\u00e7\u00e3o por pris\u00e3o preventiva do autor, deferida na quinta-feira (08\/04) e cumprida na sexta-feira (09). Participaram das dilig\u00eancias os investigadores Mateus Pereira e Victor Ferreira, a escriv\u00e3 Ad Hoc Caroline F. Pego, sob a coordena\u00e7\u00e3o do delegado C\u00e9sar C\u00e2ndido. (Informa\u00e7\u00f5es\/Foto: PCMG).<\/p>\n","protected":false},"excerpt":{"rendered":"<p>Ladainha &#8211; A Pol\u00edcia Civil de Minas Gerais, atrav\u00e9s da 8\u00aa Delegacia de Ladainha, prendeu na sexta-feira (09\/04), o nacional M.D.F., investigado pela pr\u00e1tica de homic\u00eddio qualificado ocorrido no C\u00f3rrego Rancho Grande, zona rural de Ladainha, no \u00faltimo dia 29\/03\/2021. Segundo a PC, \u201cnaquela ocasi\u00e3o o autor teria surpreendido a v\u00edtima pelas costas, efetuando tr\u00eas [&hellip;]<\/p>\n","protected":false},"author":1,"featured_media":9272,"comment_status":"open","ping_status":"open","sticky":false,"template":"","format":"standard","meta":{"rop_custom_images_group":[],"rop_custom_messages_group":[],"rop_publish_now":"initial","rop_publish_now_accounts":[],"rop_publish_now_history":[],"rop_publish_now_status":"pending","footnotes":""},"categories":[20],"tags":[107,86,1297,292,649],"class_list":["post-9271","post","type-post","status-publish","format-standard","has-post-thumbnail","hentry","category-policia","tag-homicidio","tag-ladainha","tag-mandado-judicial","tag-policia-civil","tag-prisao"],"_links":{"self":[{"href":"https:\/\/diariotribuna.com.br\/index.php?rest_route=\/wp\/v2\/posts\/9271"}],"collection":[{"href":"https:\/\/diariotribuna.com.br\/index.php?rest_route=\/wp\/v2\/posts"}],"about":[{"href":"https:\/\/diariotribuna.com.br\/index.php?rest_route=\/wp\/v2\/types\/post"}],"author":[{"embeddable":true,"href":"https:\/\/diariotribuna.com.br\/index.php?rest_route=\/wp\/v2\/users\/1"}],"replies":[{"embeddable":true,"href":"https:\/\/diariotribuna.com.br\/index.php?rest_route=%2Fwp%2Fv2%2Fcomments&post=9271"}],"version-history":[{"count":1,"href":"https:\/\/diariotribuna.com.br\/index.php?rest_route=\/wp\/v2\/posts\/9271\/revisions"}],"predecessor-version":[{"id":9273,"href":"https:\/\/diariotribuna.com.br\/index.php?rest_route=\/wp\/v2\/posts\/9271\/revisions\/9273"}],"wp:featuredmedia":[{"embeddable":true,"href":"https:\/\/diariotribuna.com.br\/index.php?rest_route=\/wp\/v2\/media\/9272"}],"wp:attachment":[{"href":"https:\/\/diariotribuna.com.br\/index.php?rest_route=%2Fwp%2Fv2%2Fmedia&parent=9271"}],"wp:term":[{"taxonomy":"category","embeddable":true,"href":"https:\/\/diariotribuna.com.br\/index.php?rest_route=%2Fwp%2Fv2%2Fcategories&post=9271"},{"taxonomy":"post_tag","embeddable":true,"href":"https:\/\/diariotribuna.com.br\/index.php?rest_route=%2Fwp%2Fv2%2Ftags&post=9271"}],"curies":[{"name":"wp","href":"https:\/\/api.w.org\/{rel}","templated":true}]}}