{"id":9274,"date":"2021-04-14T08:26:12","date_gmt":"2021-04-14T11:26:12","guid":{"rendered":"https:\/\/diariotribuna.com.br\/?p=9274"},"modified":"2021-04-14T08:26:55","modified_gmt":"2021-04-14T11:26:55","slug":"covid-19-secretaria-de-saude-confirma-mais-04-obitos-em-teofilo-otoni-totalizando-259","status":"publish","type":"post","link":"https:\/\/diariotribuna.com.br\/?p=9274","title":{"rendered":"COVID-19: Secretaria confirma mais 04 \u00f3bitos em Te\u00f3filo Otoni; totalizando 259"},"content":{"rendered":"\n<figure class=\"wp-block-image size-large is-resized\"><img loading=\"lazy\" decoding=\"async\" src=\"https:\/\/diariotribuna.com.br\/wp-content\/uploads\/2021\/04\/Padre-Paraiso-1.jpg\" alt=\"\" class=\"wp-image-9275\" width=\"485\" height=\"322\" srcset=\"https:\/\/diariotribuna.com.br\/wp-content\/uploads\/2021\/04\/Padre-Paraiso-1.jpg 700w, https:\/\/diariotribuna.com.br\/wp-content\/uploads\/2021\/04\/Padre-Paraiso-1-300x200.jpg 300w, https:\/\/diariotribuna.com.br\/wp-content\/uploads\/2021\/04\/Padre-Paraiso-1-696x463.jpg 696w, https:\/\/diariotribuna.com.br\/wp-content\/uploads\/2021\/04\/Padre-Paraiso-1-631x420.jpg 631w\" sizes=\"(max-width: 485px) 100vw, 485px\" \/><\/figure>\n\n\n\n<p>O boletim epidemiol\u00f3gico divulgado pela Secretaria Municipal de Sa\u00fade na noite desta ter\u00e7a-feira (13\/04\/21) confirma 9.337 casos positivos de covid-19 em Te\u00f3filo Otoni, 55 a mais nas \u00faltimas 24 horas, e registra <strong>mais 04 \u00f3bitos<\/strong> por complica\u00e7\u00f5es causadas pela covid-19, totalizando 259, tendo ainda 03 em investiga\u00e7\u00e3o. Ainda de acordo com o boletim, tem 1.160 casos ativos, 8.829 casos recuperados, e 21.040 casos suspeitos foram descartados.<\/p>\n\n\n\n<p><strong>Os \u00faltimos 04 \u00f3bitos ocorreram nos dias 12 e 13\/04\/21, (segunda e ter\u00e7a-feira)<\/strong>. <strong>O primeiro<\/strong> trata-se de uma mulher de 49 anos, que estava internada no Hospital Bom Samaritano. <strong>O segundo \u00f3bito<\/strong> \u00e9 de um idoso de 63 anos, que estava internado na UPA (Avenida Get\u00falio Vargas). <strong>O terceiro<\/strong> \u00e9 de um idoso de 88 anos, que estava internado no Hospital Santa Ros\u00e1lia. E <strong>o quarto \u00f3bito<\/strong> \u00e9 de uma idosa de 71 anos, que estava internada no Hospital Philadelfia. Os tr\u00eas primeiros tiveram os resultados confirmados por RT-PCR, e o quarto por Swab Ant\u00edgeno Positivo.<\/p>\n\n\n\n<p><strong>No boletim de segunda-feira (12\/04\/21), tamb\u00e9m foram inseridos 04 \u00f3bitos, que ocorreram nesta segunda-feira (12\/04).<\/strong> O <strong>primeiro<\/strong> trata-se de uma mulher de 52 anos, e<strong> o segundo<\/strong> \u00e9 de um idoso de 82 anos, os dois estavam internados no Hospital Philadelfia. <strong>O terceiro <\/strong>\u00e9 de um idoso de 64 anos, e <strong>o quarto \u00f3bito<\/strong> \u00e9 de um homem de 59 anos, os dois estavam internados na UPA (Avenida Get\u00falio Vargas). Todos os pacientes tiveram os resultados confirmados por RT-PCR.<\/p>\n\n\n\n<p><strong>Interna\u00e7\u00f5es at\u00e9 (13\/04):<\/strong> Pelo <strong>SUS, Conv\u00eanio e Particular tem 40 leitos de UTI Covid<\/strong> no munic\u00edpio e 37 est\u00e3o ocupados, sendo 29 pacientes de Te\u00f3filo Otoni e 08 de outros munic\u00edpios <strong>(92,50% de ocupa\u00e7\u00e3o<\/strong>). Tem <strong>106 Leitos de Enfermaria Covid<\/strong> e 58 est\u00e3o ocupados, sendo 39 pacientes de Te\u00f3filo Otoni e 19 de outros munic\u00edpios <strong>(54,71% de ocupa\u00e7\u00e3o)<\/strong>.<\/p>\n\n\n\n<p><strong>Vacin\u00f4metro:<\/strong> dados atualizados na segunda-feira (12\/04) mostram que j\u00e1 foram aplicadas 24.691 doses de vacina contra a covid-19 (1\u00aa dose), e 8.725 doses (na 2\u00aa).<\/p>\n","protected":false},"excerpt":{"rendered":"<p>O boletim epidemiol\u00f3gico divulgado pela Secretaria Municipal de Sa\u00fade na noite desta ter\u00e7a-feira (13\/04\/21) confirma 9.337 casos positivos de covid-19 em Te\u00f3filo Otoni, 55 a mais nas \u00faltimas 24 horas, e registra mais 04 \u00f3bitos por complica\u00e7\u00f5es causadas pela covid-19, totalizando 259, tendo ainda 03 em investiga\u00e7\u00e3o. Ainda de acordo com o boletim, tem 1.160 [&hellip;]<\/p>\n","protected":false},"author":1,"featured_media":9275,"comment_status":"open","ping_status":"open","sticky":false,"template":"","format":"standard","meta":{"rop_custom_images_group":[],"rop_custom_messages_group":[],"rop_publish_now":"initial","rop_publish_now_accounts":[],"rop_publish_now_history":[],"rop_publish_now_status":"pending","footnotes":""},"categories":[192],"tags":[2938,489,84,75],"class_list":["post-9274","post","type-post","status-publish","format-standard","has-post-thumbnail","hentry","category-covid19","tag-13-04-21","tag-boletim-epidemiologico","tag-covid-19","tag-teofilo-otoni"],"_links":{"self":[{"href":"https:\/\/diariotribuna.com.br\/index.php?rest_route=\/wp\/v2\/posts\/9274"}],"collection":[{"href":"https:\/\/diariotribuna.com.br\/index.php?rest_route=\/wp\/v2\/posts"}],"about":[{"href":"https:\/\/diariotribuna.com.br\/index.php?rest_route=\/wp\/v2\/types\/post"}],"author":[{"embeddable":true,"href":"https:\/\/diariotribuna.com.br\/index.php?rest_route=\/wp\/v2\/users\/1"}],"replies":[{"embeddable":true,"href":"https:\/\/diariotribuna.com.br\/index.php?rest_route=%2Fwp%2Fv2%2Fcomments&post=9274"}],"version-history":[{"count":2,"href":"https:\/\/diariotribuna.com.br\/index.php?rest_route=\/wp\/v2\/posts\/9274\/revisions"}],"predecessor-version":[{"id":9277,"href":"https:\/\/diariotribuna.com.br\/index.php?rest_route=\/wp\/v2\/posts\/9274\/revisions\/9277"}],"wp:featuredmedia":[{"embeddable":true,"href":"https:\/\/diariotribuna.com.br\/index.php?rest_route=\/wp\/v2\/media\/9275"}],"wp:attachment":[{"href":"https:\/\/diariotribuna.com.br\/index.php?rest_route=%2Fwp%2Fv2%2Fmedia&parent=9274"}],"wp:term":[{"taxonomy":"category","embeddable":true,"href":"https:\/\/diariotribuna.com.br\/index.php?rest_route=%2Fwp%2Fv2%2Fcategories&post=9274"},{"taxonomy":"post_tag","embeddable":true,"href":"https:\/\/diariotribuna.com.br\/index.php?rest_route=%2Fwp%2Fv2%2Ftags&post=9274"}],"curies":[{"name":"wp","href":"https:\/\/api.w.org\/{rel}","templated":true}]}}