{"id":9285,"date":"2021-04-14T16:14:32","date_gmt":"2021-04-14T19:14:32","guid":{"rendered":"https:\/\/diariotribuna.com.br\/?p=9285"},"modified":"2021-04-20T00:32:33","modified_gmt":"2021-04-20T03:32:33","slug":"a-participacao-da-dra-ana-candida-e-do-dr-rogerio-na-construcao-do-laboratorio-de-alto-padrao-da-ufvjm","status":"publish","type":"post","link":"https:\/\/diariotribuna.com.br\/?p=9285","title":{"rendered":"A participa\u00e7\u00e3o da dra. Ana C\u00e2ndida e do dr. Rog\u00e9rio na constru\u00e7\u00e3o do laborat\u00f3rio de alto padr\u00e3o da UFVJM"},"content":{"rendered":"\n<figure class=\"wp-block-image size-large is-resized\"><img loading=\"lazy\" decoding=\"async\" src=\"https:\/\/diariotribuna.com.br\/wp-content\/uploads\/2021\/04\/unnamed-1.jpg\" alt=\"\" class=\"wp-image-9286\" width=\"336\" height=\"352\" srcset=\"https:\/\/diariotribuna.com.br\/wp-content\/uploads\/2021\/04\/unnamed-1.jpg 650w, https:\/\/diariotribuna.com.br\/wp-content\/uploads\/2021\/04\/unnamed-1-286x300.jpg 286w, https:\/\/diariotribuna.com.br\/wp-content\/uploads\/2021\/04\/unnamed-1-401x420.jpg 401w\" sizes=\"(max-width: 336px) 100vw, 336px\" \/><figcaption><strong>J<strong>uliana Lemes da Cruz<\/strong>.<\/strong><br><strong>Doutoranda em Pol\u00edtica Social \u2013 UFF.<\/strong><br><strong>Pesquisadora GEPAF\/UFVJM.<\/strong><br><strong>Coordenadora do Projeto MLV.<\/strong><br><strong>Contato: <a href=\"mailto:julianalemes@id.uff.br\">julianalemes@id.uff.br<\/a><\/strong><\/figcaption><\/figure>\n\n\n\n<p>Um laborat\u00f3rio p\u00fablico e de alto padr\u00e3o foi criado na Universidade Federal dos Vales do Jequitinhonha e Mucuri (UFVJM), Campus Mucuri, em Te\u00f3filo Otoni\/ MG, para realiza\u00e7\u00e3o da testagem da popula\u00e7\u00e3o para detec\u00e7\u00e3o da Covid-19. O Laborat\u00f3rio de Biologia Molecular (Lab BM) \u00e9 resultado dos esfor\u00e7os de membros do COMIT\u00ca T\u00c9CNICO, CIENT\u00cdFICO E MULTIDISCIPLINAR (CTCM), composto integralmente por servidores p\u00fablicos federais, vinculados \u00e0 universidade.<\/p>\n\n\n\n<p>S\u00e3o t\u00e9cnicos e professores de diversos campos do saber, devidamente qualificados para operar os equipamentos e tamb\u00e9m, atuar diante da necessidade de articula\u00e7\u00e3o administrativa, t\u00e9cnico-cient\u00edfica e pol\u00edtica do mais novo equipamento p\u00fablico. At\u00e9 que pud\u00e9ssemos prestigiar os primeiros testes, muita coisa aconteceu e muita gente esteve envolvida. Por isso, nesta edi\u00e7\u00e3o, veremos as considera\u00e7\u00f5es da professora dr\u00aa Ana C\u00e2ndida e do professor dr. Rog\u00e9rio sobre suas experi\u00eancias diante do processo de constru\u00e7\u00e3o do laborat\u00f3rio instalado na UFVJM \u2013 Campus Mucuri.<\/p>\n\n\n\n<p class=\"has-black-color has-cyan-bluish-gray-background-color has-text-color has-background\"><strong><em>\u201cA ideia da montagem do laborat\u00f3rio surgiu da constata\u00e7\u00e3o da car\u00eancia da regi\u00e3o Nordeste de Minas de um ponto de refer\u00eancia no diagn\u00f3stico da COVID-19. A dist\u00e2ncia dos grandes centros torna o diagn\u00f3stico demasiadamente demorado e custoso. Diante deste fato, a partir do interesse de servidores da UFVJM e do poder p\u00fablico regional houve uma uni\u00e3o de esfor\u00e7os que viabilizou a constru\u00e7\u00e3o deste centro diagn\u00f3stico. Ocorre que, no in\u00edcio do projeto, observamos que a aparelhagem necess\u00e1ria para este laborat\u00f3rio poderia ser muito \u00fatil para diagnosticar diversas doen\u00e7as, al\u00e9m de possibilitar a pesquisa cient\u00edfica. Sendo assim, realizamos a montagem deste laborat\u00f3rio de forma que sua aplica\u00e7\u00e3o ser\u00e1 fundamental para a regi\u00e3o, inclusive, ap\u00f3s o t\u00e9rmino da pandemia\u201d, esclareceu Ana C\u00e2ndida.<\/em><\/strong><\/p>\n\n\n\n<figure class=\"wp-block-image size-large is-resized\"><img loading=\"lazy\" decoding=\"async\" src=\"https:\/\/diariotribuna.com.br\/wp-content\/uploads\/2021\/04\/Ana-Candida-vertical.jpg\" alt=\"\" class=\"wp-image-9287\" width=\"352\" height=\"402\" srcset=\"https:\/\/diariotribuna.com.br\/wp-content\/uploads\/2021\/04\/Ana-Candida-vertical.jpg 473w, https:\/\/diariotribuna.com.br\/wp-content\/uploads\/2021\/04\/Ana-Candida-vertical-262x300.jpg 262w, https:\/\/diariotribuna.com.br\/wp-content\/uploads\/2021\/04\/Ana-Candida-vertical-367x420.jpg 367w\" sizes=\"(max-width: 352px) 100vw, 352px\" \/><\/figure>\n\n\n\n<p><strong>Ana C\u00e2ndida Ara\u00fajo e Silva &#8211;<\/strong> Nascida em Governador Valadares e criada em Ipatinga. Formada em Farm\u00e1cia\/ An\u00e1lises Cl\u00ednicas (UFOP); mestre e doutora em Ci\u00eancias Biol\u00f3gicas (UFMG). Est\u00e1 na UFVJM desde 2015. Ministra aulas de farmacologia para o curso de medicina. Atua em \u00e1reas de cicatriza\u00e7\u00e3o cut\u00e2nea, gastrointestinal e c\u00e2ncer.<\/p>\n\n\n\n<figure class=\"wp-block-image size-large is-resized\"><img loading=\"lazy\" decoding=\"async\" src=\"https:\/\/diariotribuna.com.br\/wp-content\/uploads\/2021\/04\/Rogerio-horizontal.jpg\" alt=\"\" class=\"wp-image-9288\" width=\"358\" height=\"268\" srcset=\"https:\/\/diariotribuna.com.br\/wp-content\/uploads\/2021\/04\/Rogerio-horizontal.jpg 720w, https:\/\/diariotribuna.com.br\/wp-content\/uploads\/2021\/04\/Rogerio-horizontal-300x225.jpg 300w, https:\/\/diariotribuna.com.br\/wp-content\/uploads\/2021\/04\/Rogerio-horizontal-80x60.jpg 80w, https:\/\/diariotribuna.com.br\/wp-content\/uploads\/2021\/04\/Rogerio-horizontal-265x198.jpg 265w, https:\/\/diariotribuna.com.br\/wp-content\/uploads\/2021\/04\/Rogerio-horizontal-696x523.jpg 696w, https:\/\/diariotribuna.com.br\/wp-content\/uploads\/2021\/04\/Rogerio-horizontal-559x420.jpg 559w\" sizes=\"(max-width: 358px) 100vw, 358px\" \/><\/figure>\n\n\n\n<p><strong>Rog\u00e9rio Fernandes Macedo &#8211;<\/strong> Veio de Guarulhos\/SP. Graduado em Ci\u00eancias Econ\u00f4micas (UNESP); Mestre em Sociologia (UNESP); Doutor em Sociologia (UNESP); graduando em Medicina (FAMMUC\/UFVJM). Est\u00e1 na Universidade Federal dos Vales do Jequitinhonha e Mucuri (UFVJM) desde 2009. \u00c1reas de atua\u00e7\u00e3o: v\u00e1rias.<\/p>\n\n\n\n<h4 class=\"wp-block-heading\"><strong>1- Qual sua fun\u00e7\u00e3o nessa constru\u00e7\u00e3o?<\/strong><\/h4>\n\n\n\n<p><strong>Ana C\u00e2ndida:<\/strong> Participei de todo o processo. Desde a primeira reuni\u00e3o, desenvolvimento do projeto estrutural, defini\u00e7\u00e3o da aparelhagem necess\u00e1ria, at\u00e9 o registro do laborat\u00f3rio como estabelecimento de sa\u00fade. Coordeno toda a parte de diagn\u00f3sticos, sendo designada a respons\u00e1vel t\u00e9cnica durante a pandemia.<\/p>\n\n\n\n<p><strong>Rog\u00e9rio:<\/strong> Atuei nos di\u00e1logos interinstitucionais. Na escrita das dezenas de of\u00edcios (50, 60, por a\u00ed). Na elabora\u00e7\u00e3o de planta do Lab BM; Na escrita do Termo de Coopera\u00e7\u00e3o T\u00e9cnica (TCT) entre o CTCM e a Prefeitura Municipal de Te\u00f3filo Otoni; Na escrita das respostas \u00e0 Advocacia Geral da Uni\u00e3o (AGU); Na escrita e montagem do processo de aprova\u00e7\u00e3o da planta do LabBM, pela Vigil\u00e2ncia Sanit\u00e1ria do Estado de Minas Gerais; Em alguns processos licitat\u00f3rios; na primeira limpeza do LabBM; Na obten\u00e7\u00e3o do cadastro nacional de estabelecimento de sa\u00fade; nas tratativas e formaliza\u00e7\u00e3o dos acordos de colabora\u00e7\u00e3o; bem como, dos termos de conv\u00eanio para fornecimento de insumos ao LabBM e outras tantas tarefas. Atualmente, estou na coordena\u00e7\u00e3o geral do LabBM.<\/p>\n\n\n\n<h4 class=\"wp-block-heading\"><strong>2- O que a cria\u00e7\u00e3o do LAB BM representou para voc\u00ea?<\/strong><\/h4>\n\n\n\n<p><strong>Ana C\u00e2ndida:<\/strong> Uma grande oportunidade para diminuir a dist\u00e2ncia da nossa regi\u00e3o dos grandes centros, no que diz respeito \u00e0 realiza\u00e7\u00e3o de exames diagn\u00f3sticos modernos e de pesquisas cient\u00edficas de ponta dentro da UFVJM.<\/p>\n\n\n\n<p><strong>Rog\u00e9rio:<\/strong> Um passo de extrema import\u00e2ncia para preencher um vazio geogr\u00e1fico dentro da macrorregi\u00e3o nordeste, relacionado ao servi\u00e7o de diagn\u00f3stico em biologia molecular, tanto para doen\u00e7as end\u00eamicas, epid\u00eamicas e, quando houver, epid\u00eamicas. Com os servi\u00e7os prestados pelo LabBM, e a velocidade nos diagn\u00f3sticos, a popula\u00e7\u00e3o n\u00e3o mais se encontrar\u00e1 apartada dos aparelhos laboratoriais.<\/p>\n\n\n\n<h4 class=\"wp-block-heading\"><strong>3- Qual sua expectativa de futuro para nossa regi\u00e3o com essa estrutura em pleno funcionamento?<\/strong><\/h4>\n\n\n\n<p><strong>Ana C\u00e2ndida:<\/strong> Contribuir para a melhoria da gest\u00e3o da sa\u00fade, principalmente no que se refere \u00e0s doen\u00e7as end\u00eamicas na nossa regi\u00e3o. As t\u00e9cnicas moleculares s\u00e3o de grande valia para diagn\u00f3sticos. Al\u00e9m disso, a agilidade nos resultados dos exames, sendo aqui realizados, possibilita o desenvolvimento de melhores estrat\u00e9gias para o enfrentamento e controle de v\u00e1rias condi\u00e7\u00f5es.<\/p>\n\n\n\n<p><strong>Rog\u00e9rio:<\/strong> Minha expectativa \u00e9 a promo\u00e7\u00e3o de melhoras em v\u00e1rios sentidos: aumento na velocidade do diagn\u00f3stico; in\u00edcio mais r\u00e1pido de tratamentos para doen\u00e7as diagnosticadas; maior resolubilidade desses tratamentos. Ademais, tem-se como expectativa elevar o n\u00edvel das pesquisas cient\u00edficas, situando a UFVJM, campus Mucuri, no diminuto rol de institui\u00e7\u00f5es de excel\u00eancia, no cen\u00e1rio cient\u00edfico nacional e mundial. Igualmente, elevar o n\u00edvel das a\u00e7\u00f5es de extens\u00e3o universit\u00e1ria, adensando em qualidade as a\u00e7\u00f5es extensionistas do campus Mucuri para a sociedade como um todo. <strong>(Juliana).<\/strong><\/p>\n","protected":false},"excerpt":{"rendered":"<p>Um laborat\u00f3rio p\u00fablico e de alto padr\u00e3o foi criado na Universidade Federal dos Vales do Jequitinhonha e Mucuri (UFVJM), Campus Mucuri, em Te\u00f3filo Otoni\/ MG, para realiza\u00e7\u00e3o da testagem da popula\u00e7\u00e3o para detec\u00e7\u00e3o da Covid-19. O Laborat\u00f3rio de Biologia Molecular (Lab BM) \u00e9 resultado dos esfor\u00e7os de membros do COMIT\u00ca T\u00c9CNICO, CIENT\u00cdFICO E MULTIDISCIPLINAR (CTCM), [&hellip;]<\/p>\n","protected":false},"author":1,"featured_media":9286,"comment_status":"open","ping_status":"open","sticky":false,"template":"","format":"standard","meta":{"rop_custom_images_group":[],"rop_custom_messages_group":[],"rop_publish_now":"initial","rop_publish_now_accounts":[],"rop_publish_now_history":[],"rop_publish_now_status":"pending","footnotes":""},"categories":[24],"tags":[42,2942,2941,1194,2374,75,168],"class_list":["post-9285","post","type-post","status-publish","format-standard","has-post-thumbnail","hentry","category-opiniao","tag-diario-tribuna","tag-dr-rogerio","tag-dra-ana-candida","tag-juliana-lemes","tag-laboratorio-de-biologia-molecular","tag-teofilo-otoni","tag-ufvjm"],"_links":{"self":[{"href":"https:\/\/diariotribuna.com.br\/index.php?rest_route=\/wp\/v2\/posts\/9285"}],"collection":[{"href":"https:\/\/diariotribuna.com.br\/index.php?rest_route=\/wp\/v2\/posts"}],"about":[{"href":"https:\/\/diariotribuna.com.br\/index.php?rest_route=\/wp\/v2\/types\/post"}],"author":[{"embeddable":true,"href":"https:\/\/diariotribuna.com.br\/index.php?rest_route=\/wp\/v2\/users\/1"}],"replies":[{"embeddable":true,"href":"https:\/\/diariotribuna.com.br\/index.php?rest_route=%2Fwp%2Fv2%2Fcomments&post=9285"}],"version-history":[{"count":2,"href":"https:\/\/diariotribuna.com.br\/index.php?rest_route=\/wp\/v2\/posts\/9285\/revisions"}],"predecessor-version":[{"id":9290,"href":"https:\/\/diariotribuna.com.br\/index.php?rest_route=\/wp\/v2\/posts\/9285\/revisions\/9290"}],"wp:featuredmedia":[{"embeddable":true,"href":"https:\/\/diariotribuna.com.br\/index.php?rest_route=\/wp\/v2\/media\/9286"}],"wp:attachment":[{"href":"https:\/\/diariotribuna.com.br\/index.php?rest_route=%2Fwp%2Fv2%2Fmedia&parent=9285"}],"wp:term":[{"taxonomy":"category","embeddable":true,"href":"https:\/\/diariotribuna.com.br\/index.php?rest_route=%2Fwp%2Fv2%2Fcategories&post=9285"},{"taxonomy":"post_tag","embeddable":true,"href":"https:\/\/diariotribuna.com.br\/index.php?rest_route=%2Fwp%2Fv2%2Ftags&post=9285"}],"curies":[{"name":"wp","href":"https:\/\/api.w.org\/{rel}","templated":true}]}}