{"id":9306,"date":"2021-04-15T14:42:25","date_gmt":"2021-04-15T17:42:25","guid":{"rendered":"https:\/\/diariotribuna.com.br\/?p=9306"},"modified":"2021-04-20T10:45:00","modified_gmt":"2021-04-20T13:45:00","slug":"operacao-em-nanuque-apura-crimes-de-corrupcao-falsidade-ideologica-e-ocultacao-de-documento-publico","status":"publish","type":"post","link":"https:\/\/diariotribuna.com.br\/?p=9306","title":{"rendered":"Opera\u00e7\u00e3o em Nanuque apura crimes de corrup\u00e7\u00e3o, falsidade ideol\u00f3gica e oculta\u00e7\u00e3o de documento p\u00fablico"},"content":{"rendered":"\n<p><strong><em>Na Opera\u00e7\u00e3o \u201cPutredine\u201d foi preso um escriv\u00e3o judici\u00e1rio e cumprido mandados de busca e apreens\u00e3o em tr\u00eas escrit\u00f3rios de advocacia<\/em><\/strong><\/p>\n\n\n\n<figure class=\"wp-block-gallery columns-2 is-cropped wp-block-gallery-1 is-layout-flex wp-block-gallery-is-layout-flex\"><ul class=\"blocks-gallery-grid\"><li class=\"blocks-gallery-item\"><figure><img loading=\"lazy\" decoding=\"async\" width=\"700\" height=\"531\" src=\"https:\/\/diariotribuna.com.br\/wp-content\/uploads\/2021\/04\/3-A-operacao-foi-coordenada-pelos-delegados-de-policia-dr.-Joao-ferraz-e-dr.-Luiz-Bernardo.jpg\" alt=\"\" data-id=\"9310\" data-link=\"https:\/\/diariotribuna.com.br\/?attachment_id=9310\" class=\"wp-image-9310\" srcset=\"https:\/\/diariotribuna.com.br\/wp-content\/uploads\/2021\/04\/3-A-operacao-foi-coordenada-pelos-delegados-de-policia-dr.-Joao-ferraz-e-dr.-Luiz-Bernardo.jpg 700w, https:\/\/diariotribuna.com.br\/wp-content\/uploads\/2021\/04\/3-A-operacao-foi-coordenada-pelos-delegados-de-policia-dr.-Joao-ferraz-e-dr.-Luiz-Bernardo-300x228.jpg 300w, https:\/\/diariotribuna.com.br\/wp-content\/uploads\/2021\/04\/3-A-operacao-foi-coordenada-pelos-delegados-de-policia-dr.-Joao-ferraz-e-dr.-Luiz-Bernardo-80x60.jpg 80w, https:\/\/diariotribuna.com.br\/wp-content\/uploads\/2021\/04\/3-A-operacao-foi-coordenada-pelos-delegados-de-policia-dr.-Joao-ferraz-e-dr.-Luiz-Bernardo-696x528.jpg 696w, https:\/\/diariotribuna.com.br\/wp-content\/uploads\/2021\/04\/3-A-operacao-foi-coordenada-pelos-delegados-de-policia-dr.-Joao-ferraz-e-dr.-Luiz-Bernardo-554x420.jpg 554w\" sizes=\"(max-width: 700px) 100vw, 700px\" \/><\/figure><\/li><li class=\"blocks-gallery-item\"><figure><img loading=\"lazy\" decoding=\"async\" width=\"484\" height=\"362\" src=\"https:\/\/diariotribuna.com.br\/wp-content\/uploads\/2021\/04\/d8d20e5c-f501-4163-9432-2807e8f5e8ba-2.jpg\" alt=\"\" data-id=\"9312\" data-full-url=\"https:\/\/diariotribuna.com.br\/wp-content\/uploads\/2021\/04\/d8d20e5c-f501-4163-9432-2807e8f5e8ba-2.jpg\" data-link=\"https:\/\/diariotribuna.com.br\/?attachment_id=9312\" class=\"wp-image-9312\" srcset=\"https:\/\/diariotribuna.com.br\/wp-content\/uploads\/2021\/04\/d8d20e5c-f501-4163-9432-2807e8f5e8ba-2.jpg 484w, https:\/\/diariotribuna.com.br\/wp-content\/uploads\/2021\/04\/d8d20e5c-f501-4163-9432-2807e8f5e8ba-2-300x224.jpg 300w, https:\/\/diariotribuna.com.br\/wp-content\/uploads\/2021\/04\/d8d20e5c-f501-4163-9432-2807e8f5e8ba-2-80x60.jpg 80w, https:\/\/diariotribuna.com.br\/wp-content\/uploads\/2021\/04\/d8d20e5c-f501-4163-9432-2807e8f5e8ba-2-265x198.jpg 265w\" sizes=\"(max-width: 484px) 100vw, 484px\" \/><\/figure><\/li><\/ul><\/figure>\n\n\n\n<p>A Pol\u00edcia Civil de Minas Gerais (PCMG) e o Minist\u00e9rio P\u00fablico de Minas Gerais (MPMG), deflagraram uma opera\u00e7\u00e3o, nesta quarta-feira (14\/04\/21), para apurar a pr\u00e1tica de crimes de corrup\u00e7\u00e3o, concuss\u00e3o, falsidade ideol\u00f3gica, advocacia administrativa e oculta\u00e7\u00e3o de documento p\u00fablico em benef\u00edcio pr\u00f3prio, no munic\u00edpio de Nanuque. Foi cumprido mandado de pris\u00e3o contra um escriv\u00e3o judici\u00e1rio, e mandados de busca e apreens\u00e3o em escrit\u00f3rios de advocacia. <strong>O nome da opera\u00e7\u00e3o \u00e9 Putredine, que no latim significa podrid\u00e3o<\/strong>.<\/p>\n\n\n\n<p>A investiga\u00e7\u00e3o durou seis meses. Segundo a promotora de Justi\u00e7a Marianna Michelette da Silva, <em>\u201ca responsabilidade dos envolvidos nesses crimes est\u00e1 sendo apurada no inqu\u00e9rito policial e dever\u00e1 ser finalizada at\u00e9 a pr\u00f3xima semana, quando inicia o prazo do Minist\u00e9rio P\u00fablico para o oferecimento da den\u00fancia. Al\u00e9m da decreta\u00e7\u00e3o da pris\u00e3o preventiva, o Poder Judici\u00e1rio afastou o servidor de suas fun\u00e7\u00f5es e deferiu outras medidas cautelares\u201d<\/em>.<\/p>\n\n\n\n<p>O Delegado Regional da Pol\u00edcia Civil de Nanuque, dr. Jo\u00e3o Ferraz, informou que \u201cforam cumpridos mandados de busca e apreens\u00e3o no F\u00f3rum local e em escrit\u00f3rios de advocacia\u201d. Ele ressalta que, \u201cas a\u00e7\u00f5es correram tudo bem, foram arrecadados documentos, telefones celulares, notebooks\u201d. E enfatiza que a a\u00e7\u00e3o da Pol\u00edcia Civil combate n\u00e3o s\u00f3 os crimes que est\u00e3o na periferia, mas tamb\u00e9m os que se encontram nas \u00e1reas mais elevadas financeiramente, na sociedade, e mostra que realmente a PC cumpre o seu papel, n\u00e3o escolhe os alvos, s\u00f3 apenas os fatos.<\/p>\n\n\n\n<p>Ferraz destaca que as investiga\u00e7\u00f5es continuam nas demais fases pra poder esclarecer a participa\u00e7\u00e3o dos outros integrantes. Como foram apreendidos aparelhos celulares, documentos que buscam esclarecer a participa\u00e7\u00e3o de mais envolvimentos nos crimes que est\u00e3o sob apura\u00e7\u00e3o: corrup\u00e7\u00e3o, concuss\u00e3o, advocacia administrativa, supress\u00e3o de documento p\u00fablico, entre outros crimes que foram praticados e investigados, e desencadeou a opera\u00e7\u00e3o nesta data. Todo material apreendido ser\u00e1 periciado, as investiga\u00e7\u00f5es v\u00e3o analisar todo conjunto probat\u00f3rio que a pol\u00edcia judici\u00e1ria tem em m\u00e3os.<\/p>\n\n\n\n<figure class=\"wp-block-image size-large is-resized\"><img loading=\"lazy\" decoding=\"async\" src=\"https:\/\/diariotribuna.com.br\/wp-content\/uploads\/2021\/04\/1-Momento-da-prisao-do-escrivao-judicial-no-Forum-de-Nanuque.png\" alt=\"\" class=\"wp-image-9308\" width=\"484\" height=\"335\" srcset=\"https:\/\/diariotribuna.com.br\/wp-content\/uploads\/2021\/04\/1-Momento-da-prisao-do-escrivao-judicial-no-Forum-de-Nanuque.png 550w, https:\/\/diariotribuna.com.br\/wp-content\/uploads\/2021\/04\/1-Momento-da-prisao-do-escrivao-judicial-no-Forum-de-Nanuque-300x208.png 300w, https:\/\/diariotribuna.com.br\/wp-content\/uploads\/2021\/04\/1-Momento-da-prisao-do-escrivao-judicial-no-Forum-de-Nanuque-100x70.png 100w, https:\/\/diariotribuna.com.br\/wp-content\/uploads\/2021\/04\/1-Momento-da-prisao-do-escrivao-judicial-no-Forum-de-Nanuque-218x150.png 218w\" sizes=\"(max-width: 484px) 100vw, 484px\" \/><\/figure>\n\n\n\n<p><strong>Pris\u00e3o &#8211; <\/strong>Dr. Jo\u00e3o Ferraz informa que <strong>o escriv\u00e3o foi preso preventivamente e j\u00e1 se encontra na Penitenci\u00e1ria de Te\u00f3filo Otoni<\/strong> \u00e0 disposi\u00e7\u00e3o da justi\u00e7a. Al\u00e9m de escriv\u00e3o judicial ele estava como chefe de Secretaria da 2\u00aa Vara de Nanuque. Nesta mesma quarta-feira (14), ele foi ouvido por mais de uma hora de interrogat\u00f3rio.<\/p>\n\n\n\n<p><strong>Questionado sobre a liga\u00e7\u00e3o do escriv\u00e3o com os advogados, dr. Jo\u00e3o informa que<\/strong> <em>\u201cele favorecia os advogados nessas a\u00e7\u00f5es no F\u00f3rum. Os crimes, esse da supress\u00e3o de documento p\u00fablico, \u00e9 porque ele extraviou os autos. Tem um processo que sumiu do F\u00f3rum, na verdade ele tinha levado pra casa, sem registro, e depois o processo simplesmente depois do que ele fez o que ele queria fazer, apareceu do nada no F\u00f3rum, e isso foi registrado pela pol\u00edcia, por c\u00e2meras\u201d<\/em>.<\/p>\n\n\n\n<p><strong>O delegado ressalta que s\u00e3o crimes graves<\/strong>. <em>\u201cUsando-se do cargo dele, ele estava patrocinando causas dentro do F\u00f3rum, trazendo muito dessas vantagens que ele tem pelo cargo. E os advogados que faziam parte desse grupo, eram os advogados beneficiados nessas a\u00e7\u00f5es dele\u201d<\/em>.<\/p>\n\n\n\n<figure class=\"wp-block-image size-large is-resized\"><img loading=\"lazy\" decoding=\"async\" src=\"https:\/\/diariotribuna.com.br\/wp-content\/uploads\/2021\/04\/2-Foram-cumpridos-mandados-de-busca-e-apreensao-em-03-escritorios-de-advocacia.jpg\" alt=\"\" class=\"wp-image-9309\" width=\"460\" height=\"270\" srcset=\"https:\/\/diariotribuna.com.br\/wp-content\/uploads\/2021\/04\/2-Foram-cumpridos-mandados-de-busca-e-apreensao-em-03-escritorios-de-advocacia.jpg 750w, https:\/\/diariotribuna.com.br\/wp-content\/uploads\/2021\/04\/2-Foram-cumpridos-mandados-de-busca-e-apreensao-em-03-escritorios-de-advocacia-300x176.jpg 300w, https:\/\/diariotribuna.com.br\/wp-content\/uploads\/2021\/04\/2-Foram-cumpridos-mandados-de-busca-e-apreensao-em-03-escritorios-de-advocacia-696x409.jpg 696w, https:\/\/diariotribuna.com.br\/wp-content\/uploads\/2021\/04\/2-Foram-cumpridos-mandados-de-busca-e-apreensao-em-03-escritorios-de-advocacia-714x420.jpg 714w\" sizes=\"(max-width: 460px) 100vw, 460px\" \/><\/figure>\n\n\n\n<p><strong>Escrit\u00f3rios de advocacia \u2013 <\/strong>Foram cumpridos mandados de busca e apreens\u00e3o em tr\u00eas escrit\u00f3rios de advocacia. A opera\u00e7\u00e3o foi coordenada pelos delegados, dr. Jo\u00e3o Augusto (Delegado Regional de Nanuque) e dr. Luiz Bernardo. (Informa\u00e7\u00f5es: MPMG e PCMG\/Nanuque).<\/p>\n\n\n\n<figure class=\"wp-block-video\"><video controls src=\"https:\/\/diariotribuna.com.br\/wp-content\/uploads\/2021\/04\/preso_nanuque-1-1.mp4\"><\/video><\/figure>\n","protected":false},"excerpt":{"rendered":"<p>Na Opera\u00e7\u00e3o \u201cPutredine\u201d foi preso um escriv\u00e3o judici\u00e1rio e cumprido mandados de busca e apreens\u00e3o em tr\u00eas escrit\u00f3rios de advocacia A Pol\u00edcia Civil de Minas Gerais (PCMG) e o Minist\u00e9rio P\u00fablico de Minas Gerais (MPMG), deflagraram uma opera\u00e7\u00e3o, nesta quarta-feira (14\/04\/21), para apurar a pr\u00e1tica de crimes de corrup\u00e7\u00e3o, concuss\u00e3o, falsidade ideol\u00f3gica, advocacia administrativa e [&hellip;]<\/p>\n","protected":false},"author":1,"featured_media":9312,"comment_status":"open","ping_status":"open","sticky":false,"template":"","format":"standard","meta":{"rop_custom_images_group":[],"rop_custom_messages_group":[],"rop_publish_now":"initial","rop_publish_now_accounts":[],"rop_publish_now_history":[],"rop_publish_now_status":"pending","footnotes":""},"categories":[20],"tags":[469,122,80,292,2948],"class_list":["post-9306","post","type-post","status-publish","format-standard","has-post-thumbnail","hentry","category-policia","tag-ministerio-publico","tag-nanuque","tag-operacao","tag-policia-civil","tag-putredine"],"_links":{"self":[{"href":"https:\/\/diariotribuna.com.br\/index.php?rest_route=\/wp\/v2\/posts\/9306"}],"collection":[{"href":"https:\/\/diariotribuna.com.br\/index.php?rest_route=\/wp\/v2\/posts"}],"about":[{"href":"https:\/\/diariotribuna.com.br\/index.php?rest_route=\/wp\/v2\/types\/post"}],"author":[{"embeddable":true,"href":"https:\/\/diariotribuna.com.br\/index.php?rest_route=\/wp\/v2\/users\/1"}],"replies":[{"embeddable":true,"href":"https:\/\/diariotribuna.com.br\/index.php?rest_route=%2Fwp%2Fv2%2Fcomments&post=9306"}],"version-history":[{"count":3,"href":"https:\/\/diariotribuna.com.br\/index.php?rest_route=\/wp\/v2\/posts\/9306\/revisions"}],"predecessor-version":[{"id":9317,"href":"https:\/\/diariotribuna.com.br\/index.php?rest_route=\/wp\/v2\/posts\/9306\/revisions\/9317"}],"wp:featuredmedia":[{"embeddable":true,"href":"https:\/\/diariotribuna.com.br\/index.php?rest_route=\/wp\/v2\/media\/9312"}],"wp:attachment":[{"href":"https:\/\/diariotribuna.com.br\/index.php?rest_route=%2Fwp%2Fv2%2Fmedia&parent=9306"}],"wp:term":[{"taxonomy":"category","embeddable":true,"href":"https:\/\/diariotribuna.com.br\/index.php?rest_route=%2Fwp%2Fv2%2Fcategories&post=9306"},{"taxonomy":"post_tag","embeddable":true,"href":"https:\/\/diariotribuna.com.br\/index.php?rest_route=%2Fwp%2Fv2%2Ftags&post=9306"}],"curies":[{"name":"wp","href":"https:\/\/api.w.org\/{rel}","templated":true}]}}