{"id":9321,"date":"2021-04-16T09:41:19","date_gmt":"2021-04-16T12:41:19","guid":{"rendered":"https:\/\/diariotribuna.com.br\/?p=9321"},"modified":"2021-04-20T00:43:35","modified_gmt":"2021-04-20T03:43:35","slug":"secretario-rogerio-greco-e-comitiva-visitam-complexo-penitenciario-publico-privado-em-ribeirao-das-neves","status":"publish","type":"post","link":"https:\/\/diariotribuna.com.br\/?p=9321","title":{"rendered":"Secret\u00e1rio Rog\u00e9rio Greco e comitiva visitam Complexo Penitenci\u00e1rio P\u00fablico-Privado em Ribeir\u00e3o das Neves"},"content":{"rendered":"\n<p><strong><strong><em>Unidade prisional \u00e9 pioneira e \u00fanica no pa\u00eds a adotar o modelo de gest\u00e3o p\u00fablico-privado<\/em><\/strong><\/strong><\/p>\n\n\n\n<figure class=\"wp-block-image size-large is-resized\"><img loading=\"lazy\" decoding=\"async\" src=\"https:\/\/diariotribuna.com.br\/wp-content\/uploads\/2021\/04\/9-2.jpg\" alt=\"\" class=\"wp-image-9331\" width=\"541\" height=\"377\" srcset=\"https:\/\/diariotribuna.com.br\/wp-content\/uploads\/2021\/04\/9-2.jpg 700w, https:\/\/diariotribuna.com.br\/wp-content\/uploads\/2021\/04\/9-2-300x209.jpg 300w, https:\/\/diariotribuna.com.br\/wp-content\/uploads\/2021\/04\/9-2-100x70.jpg 100w, https:\/\/diariotribuna.com.br\/wp-content\/uploads\/2021\/04\/9-2-696x485.jpg 696w, https:\/\/diariotribuna.com.br\/wp-content\/uploads\/2021\/04\/9-2-602x420.jpg 602w\" sizes=\"(max-width: 541px) 100vw, 541px\" \/><\/figure>\n\n\n\n<p>O secret\u00e1rio de Estado de Justi\u00e7a e Seguran\u00e7a P\u00fablica de Minas Gerais, dr. Rog\u00e9rio Greco, esteve nesta quinta-feira (15\/04), em uma visita t\u00e9cnica no Complexo Penitenci\u00e1rio P\u00fablico-Privado (CPPP), em Ribeir\u00e3o das Neves. Na ocasi\u00e3o, o secret\u00e1rio conheceu a Unidade I, que juntamente com mais duas unidades comp\u00f5e o complexo em sua totalidade. Al\u00e9m da estrutura geral do Complexo, Greco esteve na \u00e1rea de viv\u00eancia, onde est\u00e3o algumas celas, e acompanhou o monitoramento do CPPP na Central de Controle Operacional, que conta com mais de 1.200 c\u00e2meras e \u00e9 o c\u00e9rebro da seguran\u00e7a do local.<\/p>\n\n\n\n<p>O secret\u00e1rio ainda conheceu a chamada c\u00e9lula-m\u00e3e, onde fica localizada a cozinha industrial que atende o complexo. Na cozinha s\u00e3o preparadas todas as refei\u00e7\u00f5es servidas para os 2.164 internos e seus servidores. Tamb\u00e9m participaram da visita o secret\u00e1rio Adjunto de Justi\u00e7a e Seguran\u00e7a P\u00fablica de Minas Gerais, dr. Jeferson Botelho Pereira, o assessor de Gest\u00e3o de Parceria P\u00fablico-Privada e outras parcerias, coronel Elton Romualdo Ara\u00fajo, e o subsecret\u00e1rio de Intelig\u00eancia e Atua\u00e7\u00e3o Integrada, dr. Christian Vianna de Azevedo.<\/p>\n\n\n\n<p>\u201cToda Assessoria t\u00e9cnica de gest\u00e3o presente no evento, todos com o mesmo prop\u00f3sito de desempenhar suas fun\u00e7\u00f5es com esmero e fidelidade aos princ\u00edpios reitores da boa Administra\u00e7\u00e3o P\u00fablica, preservando com amor e exalta\u00e7\u00e3o as normas de comando voltadas para a legalidade, moralidade, impessoalidade, publicidade, efici\u00eancia e lealdade comunit\u00e1ria de apego \u00e0 integridade do er\u00e1rio p\u00fablico e respeito a supremacia do interesse p\u00fablico. Sigamos nossa miss\u00e3o com for\u00e7a e honra\u201d, disse<em> o secret\u00e1rio Adjunto de Justi\u00e7a e Seguran\u00e7a P\u00fablica de Minas Gerais, <\/em>dr. Jeferson Botelho. A visita foi guiada pelo diretor-geral p\u00fablico do complexo, Rodrigo Pimentel, acompanhado dos diretores gerais das tr\u00eas unidades prisionais.<\/p>\n\n\n\n<p>Complexo Penitenci\u00e1rio P\u00fablico-Privado &#8211; Inaugurado em 2013, o Complexo Penitenci\u00e1rio P\u00fablico-Privado (CPP) \u00e9 resultado de uma iniciativa do Estado de Minas Geais de criar uma nova modalidade para o sistema carcer\u00e1rio. No modelo de PPP um parceiro privado assume a responsabilidade de construir as unidades e oper\u00e1-las por um prazo de 30 anos, recebendo uma remunera\u00e7\u00e3o do Estado que inclui o custo dos servi\u00e7os prestados, a amortiza\u00e7\u00e3o do valor investido na obra e o lucro. S\u00e3o tr\u00eas unidades em opera\u00e7\u00e3o, sendo duas de regime fechado com 672 vagas cada e uma de regime semiaberto com 820 vagas, totalizando 2.164 presos.<\/p>\n\n\n\n<p>A totalidade dos investimentos tamb\u00e9m \u00e9 atribui\u00e7\u00e3o do parceiro privado. Ao final do contrato, a GPA, empresa vencedora da concorr\u00eancia para constru\u00e7\u00e3o e administra\u00e7\u00e3o do complexo, dever\u00e1 entregar ao estado a estrutura f\u00edsica do empreendimento nas mesmas condi\u00e7\u00f5es em que iniciou a opera\u00e7\u00e3o. Cabe ao Estado o transporte dos sentenciados, a seguran\u00e7a externa e a das muralhas, feita por policiais penais. Al\u00e9m disso, em situa\u00e7\u00e3o de crise, confronto ou rebeli\u00e3o, o Estado, por meio da Secretaria de Estado de Justi\u00e7a e Seguran\u00e7a P\u00fablica (Sejusp), far\u00e1 a imediata interven\u00e7\u00e3o no Complexo.<\/p>\n\n\n\n<p>A SEJUSP tamb\u00e9m tem a responsabilidade de nomear um agente p\u00fablico como diretor das penitenci\u00e1rias, sendo este encarregado pela coordena\u00e7\u00e3o e pelas medidas de seguran\u00e7a das unidades. Este agente p\u00fablico tamb\u00e9m atua como fiscal do Estado, devendo relatar quaisquer desvios por parte do parceiro privado. (Informa\u00e7\u00f5es\/Fotos: Assessoria de comunica\u00e7\u00e3o \/ SEJUSP-MG).<\/p>\n\n\n\n<figure class=\"wp-block-gallery columns-3 is-cropped wp-block-gallery-1 is-layout-flex wp-block-gallery-is-layout-flex\"><ul class=\"blocks-gallery-grid\"><li class=\"blocks-gallery-item\"><figure><img loading=\"lazy\" decoding=\"async\" width=\"700\" height=\"448\" src=\"https:\/\/diariotribuna.com.br\/wp-content\/uploads\/2021\/04\/8-1.jpg\" alt=\"\" data-id=\"9323\" data-full-url=\"https:\/\/diariotribuna.com.br\/wp-content\/uploads\/2021\/04\/8-1.jpg\" data-link=\"https:\/\/diariotribuna.com.br\/?attachment_id=9323\" class=\"wp-image-9323\" srcset=\"https:\/\/diariotribuna.com.br\/wp-content\/uploads\/2021\/04\/8-1.jpg 700w, https:\/\/diariotribuna.com.br\/wp-content\/uploads\/2021\/04\/8-1-300x192.jpg 300w, https:\/\/diariotribuna.com.br\/wp-content\/uploads\/2021\/04\/8-1-696x445.jpg 696w, https:\/\/diariotribuna.com.br\/wp-content\/uploads\/2021\/04\/8-1-656x420.jpg 656w\" sizes=\"(max-width: 700px) 100vw, 700px\" \/><\/figure><\/li><li class=\"blocks-gallery-item\"><figure><img loading=\"lazy\" decoding=\"async\" width=\"700\" height=\"559\" src=\"https:\/\/diariotribuna.com.br\/wp-content\/uploads\/2021\/04\/1-2.jpg\" alt=\"\" data-id=\"9324\" data-full-url=\"https:\/\/diariotribuna.com.br\/wp-content\/uploads\/2021\/04\/1-2.jpg\" data-link=\"https:\/\/diariotribuna.com.br\/?attachment_id=9324\" class=\"wp-image-9324\" srcset=\"https:\/\/diariotribuna.com.br\/wp-content\/uploads\/2021\/04\/1-2.jpg 700w, https:\/\/diariotribuna.com.br\/wp-content\/uploads\/2021\/04\/1-2-300x240.jpg 300w, https:\/\/diariotribuna.com.br\/wp-content\/uploads\/2021\/04\/1-2-696x556.jpg 696w, https:\/\/diariotribuna.com.br\/wp-content\/uploads\/2021\/04\/1-2-526x420.jpg 526w\" sizes=\"(max-width: 700px) 100vw, 700px\" \/><\/figure><\/li><li class=\"blocks-gallery-item\"><figure><img loading=\"lazy\" decoding=\"async\" width=\"700\" height=\"490\" src=\"https:\/\/diariotribuna.com.br\/wp-content\/uploads\/2021\/04\/2-2.jpg\" alt=\"\" data-id=\"9325\" data-full-url=\"https:\/\/diariotribuna.com.br\/wp-content\/uploads\/2021\/04\/2-2.jpg\" data-link=\"https:\/\/diariotribuna.com.br\/?attachment_id=9325\" class=\"wp-image-9325\" srcset=\"https:\/\/diariotribuna.com.br\/wp-content\/uploads\/2021\/04\/2-2.jpg 700w, https:\/\/diariotribuna.com.br\/wp-content\/uploads\/2021\/04\/2-2-300x210.jpg 300w, https:\/\/diariotribuna.com.br\/wp-content\/uploads\/2021\/04\/2-2-100x70.jpg 100w, https:\/\/diariotribuna.com.br\/wp-content\/uploads\/2021\/04\/2-2-696x487.jpg 696w, https:\/\/diariotribuna.com.br\/wp-content\/uploads\/2021\/04\/2-2-600x420.jpg 600w\" sizes=\"(max-width: 700px) 100vw, 700px\" \/><\/figure><\/li><li class=\"blocks-gallery-item\"><figure><img loading=\"lazy\" decoding=\"async\" width=\"700\" height=\"511\" src=\"https:\/\/diariotribuna.com.br\/wp-content\/uploads\/2021\/04\/4-1.jpg\" alt=\"\" data-id=\"9327\" data-full-url=\"https:\/\/diariotribuna.com.br\/wp-content\/uploads\/2021\/04\/4-1.jpg\" data-link=\"https:\/\/diariotribuna.com.br\/?attachment_id=9327\" class=\"wp-image-9327\" srcset=\"https:\/\/diariotribuna.com.br\/wp-content\/uploads\/2021\/04\/4-1.jpg 700w, https:\/\/diariotribuna.com.br\/wp-content\/uploads\/2021\/04\/4-1-300x219.jpg 300w, https:\/\/diariotribuna.com.br\/wp-content\/uploads\/2021\/04\/4-1-696x508.jpg 696w, https:\/\/diariotribuna.com.br\/wp-content\/uploads\/2021\/04\/4-1-575x420.jpg 575w\" sizes=\"(max-width: 700px) 100vw, 700px\" \/><\/figure><\/li><li class=\"blocks-gallery-item\"><figure><img loading=\"lazy\" decoding=\"async\" width=\"700\" height=\"532\" src=\"https:\/\/diariotribuna.com.br\/wp-content\/uploads\/2021\/04\/5-2.jpg\" alt=\"\" data-id=\"9328\" data-full-url=\"https:\/\/diariotribuna.com.br\/wp-content\/uploads\/2021\/04\/5-2.jpg\" data-link=\"https:\/\/diariotribuna.com.br\/?attachment_id=9328\" class=\"wp-image-9328\" srcset=\"https:\/\/diariotribuna.com.br\/wp-content\/uploads\/2021\/04\/5-2.jpg 700w, https:\/\/diariotribuna.com.br\/wp-content\/uploads\/2021\/04\/5-2-300x228.jpg 300w, https:\/\/diariotribuna.com.br\/wp-content\/uploads\/2021\/04\/5-2-80x60.jpg 80w, https:\/\/diariotribuna.com.br\/wp-content\/uploads\/2021\/04\/5-2-696x529.jpg 696w, https:\/\/diariotribuna.com.br\/wp-content\/uploads\/2021\/04\/5-2-553x420.jpg 553w\" sizes=\"(max-width: 700px) 100vw, 700px\" \/><\/figure><\/li><li class=\"blocks-gallery-item\"><figure><img loading=\"lazy\" decoding=\"async\" width=\"700\" height=\"516\" src=\"https:\/\/diariotribuna.com.br\/wp-content\/uploads\/2021\/04\/6-1.jpg\" alt=\"\" data-id=\"9329\" data-full-url=\"https:\/\/diariotribuna.com.br\/wp-content\/uploads\/2021\/04\/6-1.jpg\" data-link=\"https:\/\/diariotribuna.com.br\/?attachment_id=9329\" class=\"wp-image-9329\" srcset=\"https:\/\/diariotribuna.com.br\/wp-content\/uploads\/2021\/04\/6-1.jpg 700w, https:\/\/diariotribuna.com.br\/wp-content\/uploads\/2021\/04\/6-1-300x221.jpg 300w, https:\/\/diariotribuna.com.br\/wp-content\/uploads\/2021\/04\/6-1-80x60.jpg 80w, https:\/\/diariotribuna.com.br\/wp-content\/uploads\/2021\/04\/6-1-696x513.jpg 696w, https:\/\/diariotribuna.com.br\/wp-content\/uploads\/2021\/04\/6-1-570x420.jpg 570w\" sizes=\"(max-width: 700px) 100vw, 700px\" \/><\/figure><\/li><li class=\"blocks-gallery-item\"><figure><img loading=\"lazy\" decoding=\"async\" width=\"700\" height=\"459\" src=\"https:\/\/diariotribuna.com.br\/wp-content\/uploads\/2021\/04\/3-3.jpg\" alt=\"\" data-id=\"9326\" data-full-url=\"https:\/\/diariotribuna.com.br\/wp-content\/uploads\/2021\/04\/3-3.jpg\" data-link=\"https:\/\/diariotribuna.com.br\/?attachment_id=9326\" class=\"wp-image-9326\" srcset=\"https:\/\/diariotribuna.com.br\/wp-content\/uploads\/2021\/04\/3-3.jpg 700w, https:\/\/diariotribuna.com.br\/wp-content\/uploads\/2021\/04\/3-3-300x197.jpg 300w, https:\/\/diariotribuna.com.br\/wp-content\/uploads\/2021\/04\/3-3-696x456.jpg 696w, https:\/\/diariotribuna.com.br\/wp-content\/uploads\/2021\/04\/3-3-641x420.jpg 641w\" sizes=\"(max-width: 700px) 100vw, 700px\" \/><\/figure><\/li><li class=\"blocks-gallery-item\"><figure><img loading=\"lazy\" decoding=\"async\" width=\"700\" height=\"488\" src=\"https:\/\/diariotribuna.com.br\/wp-content\/uploads\/2021\/04\/7-1.jpg\" alt=\"\" data-id=\"9330\" data-full-url=\"https:\/\/diariotribuna.com.br\/wp-content\/uploads\/2021\/04\/7-1.jpg\" data-link=\"https:\/\/diariotribuna.com.br\/?attachment_id=9330\" class=\"wp-image-9330\" srcset=\"https:\/\/diariotribuna.com.br\/wp-content\/uploads\/2021\/04\/7-1.jpg 700w, https:\/\/diariotribuna.com.br\/wp-content\/uploads\/2021\/04\/7-1-300x209.jpg 300w, https:\/\/diariotribuna.com.br\/wp-content\/uploads\/2021\/04\/7-1-100x70.jpg 100w, https:\/\/diariotribuna.com.br\/wp-content\/uploads\/2021\/04\/7-1-696x485.jpg 696w, https:\/\/diariotribuna.com.br\/wp-content\/uploads\/2021\/04\/7-1-602x420.jpg 602w\" sizes=\"(max-width: 700px) 100vw, 700px\" \/><\/figure><\/li><\/ul><\/figure>\n","protected":false},"excerpt":{"rendered":"<p>Unidade prisional \u00e9 pioneira e \u00fanica no pa\u00eds a adotar o modelo de gest\u00e3o p\u00fablico-privado O secret\u00e1rio de Estado de Justi\u00e7a e Seguran\u00e7a P\u00fablica de Minas Gerais, dr. Rog\u00e9rio Greco, esteve nesta quinta-feira (15\/04), em uma visita t\u00e9cnica no Complexo Penitenci\u00e1rio P\u00fablico-Privado (CPPP), em Ribeir\u00e3o das Neves. Na ocasi\u00e3o, o secret\u00e1rio conheceu a Unidade I, [&hellip;]<\/p>\n","protected":false},"author":1,"featured_media":9331,"comment_status":"open","ping_status":"open","sticky":false,"template":"","format":"standard","meta":{"rop_custom_images_group":[],"rop_custom_messages_group":[],"rop_publish_now":"initial","rop_publish_now_accounts":[],"rop_publish_now_history":[],"rop_publish_now_status":"pending","footnotes":""},"categories":[19],"tags":[2630,2337,993,2951,2628,691],"class_list":["post-9321","post","type-post","status-publish","format-standard","has-post-thumbnail","hentry","category-gerais","tag-complexo-penitenciario","tag-jeferson-botelho","tag-ribeirao-das-neves","tag-rogerio-greco","tag-sejusp-mg","tag-visita"],"_links":{"self":[{"href":"https:\/\/diariotribuna.com.br\/index.php?rest_route=\/wp\/v2\/posts\/9321"}],"collection":[{"href":"https:\/\/diariotribuna.com.br\/index.php?rest_route=\/wp\/v2\/posts"}],"about":[{"href":"https:\/\/diariotribuna.com.br\/index.php?rest_route=\/wp\/v2\/types\/post"}],"author":[{"embeddable":true,"href":"https:\/\/diariotribuna.com.br\/index.php?rest_route=\/wp\/v2\/users\/1"}],"replies":[{"embeddable":true,"href":"https:\/\/diariotribuna.com.br\/index.php?rest_route=%2Fwp%2Fv2%2Fcomments&post=9321"}],"version-history":[{"count":5,"href":"https:\/\/diariotribuna.com.br\/index.php?rest_route=\/wp\/v2\/posts\/9321\/revisions"}],"predecessor-version":[{"id":9336,"href":"https:\/\/diariotribuna.com.br\/index.php?rest_route=\/wp\/v2\/posts\/9321\/revisions\/9336"}],"wp:featuredmedia":[{"embeddable":true,"href":"https:\/\/diariotribuna.com.br\/index.php?rest_route=\/wp\/v2\/media\/9331"}],"wp:attachment":[{"href":"https:\/\/diariotribuna.com.br\/index.php?rest_route=%2Fwp%2Fv2%2Fmedia&parent=9321"}],"wp:term":[{"taxonomy":"category","embeddable":true,"href":"https:\/\/diariotribuna.com.br\/index.php?rest_route=%2Fwp%2Fv2%2Fcategories&post=9321"},{"taxonomy":"post_tag","embeddable":true,"href":"https:\/\/diariotribuna.com.br\/index.php?rest_route=%2Fwp%2Fv2%2Ftags&post=9321"}],"curies":[{"name":"wp","href":"https:\/\/api.w.org\/{rel}","templated":true}]}}